{"id":85539,"date":"2026-09-03T05:00:46","date_gmt":"2026-09-03T03:00:46","guid":{"rendered":"https:\/\/neueswochenblatt.pl\/?p=85539"},"modified":"2026-09-02T14:31:22","modified_gmt":"2026-09-02T12:31:22","slug":"mohrungen-282-geburtstag-herders","status":"publish","type":"post","link":"https:\/\/neueswochenblatt.pl\/de\/mohrungen-282-geburtstag-herders\/","title":{"rendered":"Mohrungen. 282. Geburtstag Herders"},"content":{"rendered":"<p><strong>Was Johann Gottfried Herder, der bedeutendste B\u00fcrger Mohrungens, dachte, wissen wir dank seiner B\u00fccher. Aber wissen wir auch, wie er aussah? Zu seiner Zeit gab es noch keine Fotografie.<\/strong><!--more--><\/p>\n<h2><strong>Herder, an den sich Mohrungen erinnert<\/strong><\/h2>\n<p>Der Philosoph und Schriftsteller Johann Gottfried Herder ist der bedeutendste B\u00fcrger Mohrungens. Die Stadt gedenkt seiner und veranstaltet ihm zu Ehren jedes Jahr eine gro\u00dfe Geburtstagsfeier. Organisiert wird sie seit vielen Jahren vom Verband der Deutschen Bev\u00f6lkerung \u201eHerder\u201c in Mohrungen und vom Museum des Oberlands in Mohrungen, das bis vor Kurzem Herder-Museum hie\u00df. Die Feier findet stets in dessen Sitz im Schloss der Familie zu Dohna statt. So auch am 25. August, 282 Jahre nach seiner Geburt. Wer kam zu Herders Geburtstag?<\/p>\n<div id=\"attachment_85542\" style=\"width: 1034px\" class=\"wp-caption aligncenter\"><img loading=\"lazy\" decoding=\"async\" aria-describedby=\"caption-attachment-85542\" class=\"size-large wp-image-85542\" src=\"https:\/\/neueswochenblatt.pl\/wp-content\/uploads\/2026\/09\/Dzeici-skupily-sie-na-zabawie-1024x768.jpg\" alt=\"\" width=\"1024\" height=\"768\" srcset=\"https:\/\/neueswochenblatt.pl\/wp-content\/uploads\/2026\/09\/Dzeici-skupily-sie-na-zabawie-1024x768.jpg 1024w, https:\/\/neueswochenblatt.pl\/wp-content\/uploads\/2026\/09\/Dzeici-skupily-sie-na-zabawie-300x225.jpg 300w, https:\/\/neueswochenblatt.pl\/wp-content\/uploads\/2026\/09\/Dzeici-skupily-sie-na-zabawie-768x576.jpg 768w, https:\/\/neueswochenblatt.pl\/wp-content\/uploads\/2026\/09\/Dzeici-skupily-sie-na-zabawie-1536x1152.jpg 1536w, https:\/\/neueswochenblatt.pl\/wp-content\/uploads\/2026\/09\/Dzeici-skupily-sie-na-zabawie-2048x1536.jpg 2048w\" sizes=\"auto, (max-width: 1024px) 100vw, 1024px\" \/><p id=\"caption-attachment-85542\" class=\"wp-caption-text\">Foto: Lech Krysza\u0142owicz<\/p><\/div>\n<p>Vor allem Kinder, denn f\u00fcr sie hatten die Organisatoren die meisten Attraktionen vorbereitet. Die gr\u00f6\u00dfte davon war die M\u00f6glichkeit, sich in Kost\u00fcme aus Herders Zeit zu kleiden und Fotos zu machen. Die Kinder konnten au\u00dferdem Ausschneidebilder basteln, malen und Seifenblasen steigen lassen. Eine Geburtstagstorte gab es nicht, daf\u00fcr aber leckere Waffeln, Limonade und Zuckerwatte, die von den Mitgliedern des Landfrauenvereins aus Willnau zubereitet wurden.<\/p>\n<h2><strong>Vom Denkmal ins Museum<\/strong><\/h2>\n<p>Die Erwachsenen hingegen erwartete ein anderes Programm. Es begann mit der Kranzniederlegung am Herder-Denkmal, das gegen\u00fcber dem Haus steht, in dem er geboren wurde und lebte. Dem bedeutendsten B\u00fcrger Mohrungens erwiesen unter anderem B\u00fcrgermeister Tomasz Or\u0142owski und Piotr \u017buchowski, der Direktor des Museums f\u00fcr Ermland und Masuren, dessen Au\u00dfenstelle die Einrichtung in Mohrungen ist, die Ehre.<\/p>\n<blockquote><p>Der Philosoph und Schriftsteller Johann Gottfried Herder ist der bedeutendste B\u00fcrger Mohrungens. Die Stadt gedenkt seiner und veranstaltet ihm zu Ehren jedes Jahr eine gro\u00dfe Geburtstagsfeier.<\/p><\/blockquote>\n<p>Anschlie\u00dfend begaben sich alle ins Museum. Dessen Leiterin Angelika Rejs hielt einen kurzen Vortrag \u00fcber Herders Bildnis in der Medaillenkunst, Malerei und Bildhauerei.<\/p>\n<div id=\"attachment_85544\" style=\"width: 1034px\" class=\"wp-caption aligncenter\"><img loading=\"lazy\" decoding=\"async\" aria-describedby=\"caption-attachment-85544\" class=\"size-large wp-image-85544\" src=\"https:\/\/neueswochenblatt.pl\/wp-content\/uploads\/2026\/09\/Zachowalo-sie-wiele-portretow-Herdera-zapewnia-Angelika-Rejs-1024x768.jpg\" alt=\"\" width=\"1024\" height=\"768\" srcset=\"https:\/\/neueswochenblatt.pl\/wp-content\/uploads\/2026\/09\/Zachowalo-sie-wiele-portretow-Herdera-zapewnia-Angelika-Rejs-1024x768.jpg 1024w, https:\/\/neueswochenblatt.pl\/wp-content\/uploads\/2026\/09\/Zachowalo-sie-wiele-portretow-Herdera-zapewnia-Angelika-Rejs-300x225.jpg 300w, https:\/\/neueswochenblatt.pl\/wp-content\/uploads\/2026\/09\/Zachowalo-sie-wiele-portretow-Herdera-zapewnia-Angelika-Rejs-768x576.jpg 768w, https:\/\/neueswochenblatt.pl\/wp-content\/uploads\/2026\/09\/Zachowalo-sie-wiele-portretow-Herdera-zapewnia-Angelika-Rejs-1536x1152.jpg 1536w, https:\/\/neueswochenblatt.pl\/wp-content\/uploads\/2026\/09\/Zachowalo-sie-wiele-portretow-Herdera-zapewnia-Angelika-Rejs-2048x1536.jpg 2048w\" sizes=\"auto, (max-width: 1024px) 100vw, 1024px\" \/><p id=\"caption-attachment-85544\" class=\"wp-caption-text\">Angelika Rejs. Foto: Lech Krysza\u0142owicz<\/p><\/div>\n<p>Herder, so die Museumsleiterin, geh\u00f6re zu den gut portr\u00e4tierten Pers\u00f6nlichkeiten. Es haben sich Portr\u00e4ts von ihm in protestantischer Priestertracht, in ziviler Kleidung, im besten Mannesalter und als alter Mann erhalten. Kopien davon konnten w\u00e4hrend des Vortrags besichtigt werden. Diese Gem\u00e4lde dienten sp\u00e4ter anderen K\u00fcnstlern als Vorlage f\u00fcr die Herstellung zahlreicher Medaillen mit dem Konterfei des Philosophen sowie von Briefmarken. Drei Medaillen, die nach dem Zweiten Weltkrieg in Polen herausgegeben wurden, befinden sich in den Sammlungen des Museums des Oberlands.<\/p>\n<div id=\"attachment_85546\" style=\"width: 1034px\" class=\"wp-caption aligncenter\"><img loading=\"lazy\" decoding=\"async\" aria-describedby=\"caption-attachment-85546\" class=\"size-large wp-image-85546\" src=\"https:\/\/neueswochenblatt.pl\/wp-content\/uploads\/2026\/09\/Pierwszy-polski-medal-Herdera-wykonany-z-okazji-jego-220.-rocznicy-urodzin-1024x768.jpg\" alt=\"\" width=\"1024\" height=\"768\" srcset=\"https:\/\/neueswochenblatt.pl\/wp-content\/uploads\/2026\/09\/Pierwszy-polski-medal-Herdera-wykonany-z-okazji-jego-220.-rocznicy-urodzin-1024x768.jpg 1024w, https:\/\/neueswochenblatt.pl\/wp-content\/uploads\/2026\/09\/Pierwszy-polski-medal-Herdera-wykonany-z-okazji-jego-220.-rocznicy-urodzin-300x225.jpg 300w, https:\/\/neueswochenblatt.pl\/wp-content\/uploads\/2026\/09\/Pierwszy-polski-medal-Herdera-wykonany-z-okazji-jego-220.-rocznicy-urodzin-768x576.jpg 768w, https:\/\/neueswochenblatt.pl\/wp-content\/uploads\/2026\/09\/Pierwszy-polski-medal-Herdera-wykonany-z-okazji-jego-220.-rocznicy-urodzin-1536x1152.jpg 1536w, https:\/\/neueswochenblatt.pl\/wp-content\/uploads\/2026\/09\/Pierwszy-polski-medal-Herdera-wykonany-z-okazji-jego-220.-rocznicy-urodzin-2048x1536.jpg 2048w\" sizes=\"auto, (max-width: 1024px) 100vw, 1024px\" \/><p id=\"caption-attachment-85546\" class=\"wp-caption-text\">Foto: Lech Krysza\u0142owicz<\/p><\/div>\n<h2><strong>Herder und sein Platz im polnischen Gedenken<\/strong><\/h2>\n<p>Herder, der deutsche Philosoph und Schriftsteller aus Mohrungen, erfreute sich und erfreut sich der Gunst der polnischen Beh\u00f6rden. 1964 wurde in Mohrungen seine B\u00fcste enth\u00fcllt. Sie war ein Geschenk des DDR-Kulturministers an Polen. Das im selben Jahr gegr\u00fcndete Museum erhielt seinen Namen. In vielen St\u00e4dten Nordpolens gibt es Stra\u00dfen, die nach ihm benannt sind.<\/p>\n    <div class=\"osoba-widget\">\r\n                    <h4 class=\"osoba-naglowek\">Zur Person<\/h4>\r\n                <div class=\"osoba-body\">\r\n            <div class=\"osoba-text\"><p>Johann Gottfried von Herder \u2013 geb. 25. August 1744 in Mohrungen, gest. 18. Dezember 1803 in Weimar. Er war ein deutscher Philosoph, Pfarrer und Schriftsteller. Er z\u00e4hlt zu den Weimarer Klassikern. Seine Werke beeinflussten die Ansichten der Philosophen des deutschen Idealismus wie Johann Gottlieb Fichte und Friedrich Hegel. Aus seinem Schaffen sch\u00f6pften die Dichter der Romantik wie Achim von Arnim und Clemens Brentano sowie die Br\u00fcder Grimm. Herder hatte gro\u00dfen Einfluss auf die Entwicklung der Nationalliteratur in Deutschland, aber auch in anderen europ\u00e4ischen L\u00e4ndern.<\/p>\n<\/div>\r\n                    <\/div>\r\n    <\/div>\r\n    \n","protected":false},"excerpt":{"rendered":"<p>Was Johann Gottfried Herder, der bedeutendste B\u00fcrger Mohrungens, dachte, wissen wir dank seiner B\u00fccher. Aber wissen wir auch, wie er aussah? Zu seiner Zeit gab es noch keine Fotografie.<\/p>\n","protected":false},"author":318,"featured_media":85540,"comment_status":"closed","ping_status":"open","sticky":false,"template":"","format":"standard","meta":{"_acf_changed":false,"footnotes":""},"categories":[4224,4580],"tags":[9689,6478,6133,8291,10023],"redaktor":[6094],"class_list":["post-85539","post","type-post","status-publish","format-standard","has-post-thumbnail","hentry","category-geschichte-de","category-kolumne-de","tag-aus-der-organisationen-de","tag-geschichte-de","tag-lech-kryszalowicz","tag-mohrungen-de","tag-philosophie","redaktor-lech-kryszalowicz-de"],"acf":[],"_links":{"self":[{"href":"https:\/\/neueswochenblatt.pl\/de\/wp-json\/wp\/v2\/posts\/85539","targetHints":{"allow":["GET"]}}],"collection":[{"href":"https:\/\/neueswochenblatt.pl\/de\/wp-json\/wp\/v2\/posts"}],"about":[{"href":"https:\/\/neueswochenblatt.pl\/de\/wp-json\/wp\/v2\/types\/post"}],"author":[{"embeddable":true,"href":"https:\/\/neueswochenblatt.pl\/de\/wp-json\/wp\/v2\/users\/318"}],"replies":[{"embeddable":true,"href":"https:\/\/neueswochenblatt.pl\/de\/wp-json\/wp\/v2\/comments?post=85539"}],"version-history":[{"count":2,"href":"https:\/\/neueswochenblatt.pl\/de\/wp-json\/wp\/v2\/posts\/85539\/revisions"}],"predecessor-version":[{"id":85553,"href":"https:\/\/neueswochenblatt.pl\/de\/wp-json\/wp\/v2\/posts\/85539\/revisions\/85553"}],"wp:featuredmedia":[{"embeddable":true,"href":"https:\/\/neueswochenblatt.pl\/de\/wp-json\/wp\/v2\/media\/85540"}],"wp:attachment":[{"href":"https:\/\/neueswochenblatt.pl\/de\/wp-json\/wp\/v2\/media?parent=85539"}],"wp:term":[{"taxonomy":"category","embeddable":true,"href":"https:\/\/neueswochenblatt.pl\/de\/wp-json\/wp\/v2\/categories?post=85539"},{"taxonomy":"post_tag","embeddable":true,"href":"https:\/\/neueswochenblatt.pl\/de\/wp-json\/wp\/v2\/tags?post=85539"},{"taxonomy":"redaktor","embeddable":true,"href":"https:\/\/neueswochenblatt.pl\/de\/wp-json\/wp\/v2\/redaktor?post=85539"}],"curies":[{"name":"wp","href":"https:\/\/api.w.org\/{rel}","templated":true}]}}