{"id":85518,"date":"2026-09-02T17:00:34","date_gmt":"2026-09-02T15:00:34","guid":{"rendered":"https:\/\/neueswochenblatt.pl\/?p=85518"},"modified":"2026-09-02T13:50:54","modified_gmt":"2026-09-02T11:50:54","slug":"woche-in-dfk","status":"publish","type":"post","link":"https:\/\/neueswochenblatt.pl\/de\/woche-in-dfk\/","title":{"rendered":"Woche in DFK"},"content":{"rendered":"<h2>Was war diese Woche wieder los in den DFK-Ortsgruppen? Und was steht noch an?<\/h2>\n<p><!--more--><\/p>\n<p><strong>DFK Rogau l\u00e4dt nach Proboschowitz ein<\/strong><\/p>\n<p>Die Mitglieder des DFK Rogau verbrachten am 26. August gemeinsam mit den Mitgliedern des DFK Ratibor Zentrum eine sch\u00f6ne Zeit in Proboschowitz. Bei Musik, Unterhaltung und traditioneller Schweinshaxe bot das Treffen Gelegenheit zum Austausch und zur Begegnung beider Gruppen.<\/p>\n<p>Der DFK Rogau l\u00e4dt bereits zum n\u00e4chsten Ausflug nach Proboschowitz am 30. Januar 2027 ein. Geplant sind erneut ein gemeinsames Beisammensein und Unterhaltung im Kreis der deutschen Minderheit. Die Organisatoren ermutigen die Teilnehmer, Karnevalskost\u00fcme zu tragen. Anmeldungen sind bereits m\u00f6glich.<\/p>\n<p><strong>Oktoberfest beim DFK Broslawitz<\/strong><\/p>\n<p>Der DFK Broslawitz l\u00e4dt zum gemeinsamen Oktoberfest ein! Die Veranstaltung findet am 19. September von 18:00 bis 22:00 Uhr im Sitz des DFK in der ul. Batorego 4 in Broslawitz statt.<\/p>\n<p><img loading=\"lazy\" decoding=\"async\" class=\"aligncenter size-large wp-image-85527\" src=\"https:\/\/neueswochenblatt.pl\/wp-content\/uploads\/2026\/09\/dfk-broslawitz-724x1024.jpg\" alt=\"\" width=\"724\" height=\"1024\" srcset=\"https:\/\/neueswochenblatt.pl\/wp-content\/uploads\/2026\/09\/dfk-broslawitz-724x1024.jpg 724w, https:\/\/neueswochenblatt.pl\/wp-content\/uploads\/2026\/09\/dfk-broslawitz-212x300.jpg 212w, https:\/\/neueswochenblatt.pl\/wp-content\/uploads\/2026\/09\/dfk-broslawitz-768x1086.jpg 768w, https:\/\/neueswochenblatt.pl\/wp-content\/uploads\/2026\/09\/dfk-broslawitz-1086x1536.jpg 1086w, https:\/\/neueswochenblatt.pl\/wp-content\/uploads\/2026\/09\/dfk-broslawitz.jpg 1414w\" sizes=\"auto, (max-width: 724px) 100vw, 724px\" \/><\/p>\n<p>F\u00fcr die musikalische Unterhaltung sorgt die Tarnowitzer Zicpolka Kapelle. Im Eintrittspreis von 100 Z\u0142oty pro Person sind eine traditionelle Schweinshaxe mit Panczkraut sowie 1 Liter Fassbier enthalten. Die Organisatoren laden dazu ein, in bayerischer Tracht zu kommen und so die Oktoberfestatmosph\u00e4re noch st\u00e4rker zu erleben.<\/p>\n<p>Reservierungen: Tel. 513 591 613. Anmeldeschluss ist der 12. September 2026. Veranstalter ist der DFK Broslawitz.<\/p>\n<p><strong>Herbstfest in Chronstau<\/strong><\/p>\n<p>Der DFK Chronstau l\u00e4dt zum Herbstfest 2026 ein. Die Veranstaltung findet am 6. September auf dem Ciollek-Platz in Chronstau statt. Beginn ist um 15:00 Uhr. Die Organisatoren laden alle Mitglieder und Freunde der deutschen Minderheit zu einem gemeinsamen Herbstnachmittag ein.<\/p>\n<p><img loading=\"lazy\" decoding=\"async\" class=\"aligncenter size-large wp-image-85523\" src=\"https:\/\/neueswochenblatt.pl\/wp-content\/uploads\/2026\/09\/dfk-chronstau-733x1024.jpg\" alt=\"\" width=\"733\" height=\"1024\" srcset=\"https:\/\/neueswochenblatt.pl\/wp-content\/uploads\/2026\/09\/dfk-chronstau-733x1024.jpg 733w, https:\/\/neueswochenblatt.pl\/wp-content\/uploads\/2026\/09\/dfk-chronstau-215x300.jpg 215w, https:\/\/neueswochenblatt.pl\/wp-content\/uploads\/2026\/09\/dfk-chronstau-768x1072.jpg 768w, https:\/\/neueswochenblatt.pl\/wp-content\/uploads\/2026\/09\/dfk-chronstau.jpg 1080w\" sizes=\"auto, (max-width: 733px) 100vw, 733px\" \/><\/p>\n<p><strong>DFK Guttentag l\u00e4dt in die Fu\u00dfballschule ein<\/strong><\/p>\n<p>Der DFK Guttentag l\u00e4dt Jungen und M\u00e4dchen im Alter von 5 bis 8 Jahren ein, sich den Jugendgruppen der Miro Deutsche Fu\u00dfballschule Guttentag f\u00fcr die Saison 2026\/2027 anzuschlie\u00dfen.<\/p>\n<p><img loading=\"lazy\" decoding=\"async\" class=\"aligncenter size-large wp-image-85525\" src=\"https:\/\/neueswochenblatt.pl\/wp-content\/uploads\/2026\/09\/dfk-guttentag-723x1024.jpg\" alt=\"\" width=\"723\" height=\"1024\" srcset=\"https:\/\/neueswochenblatt.pl\/wp-content\/uploads\/2026\/09\/dfk-guttentag-723x1024.jpg 723w, https:\/\/neueswochenblatt.pl\/wp-content\/uploads\/2026\/09\/dfk-guttentag-212x300.jpg 212w, https:\/\/neueswochenblatt.pl\/wp-content\/uploads\/2026\/09\/dfk-guttentag-768x1087.jpg 768w, https:\/\/neueswochenblatt.pl\/wp-content\/uploads\/2026\/09\/dfk-guttentag.jpg 1054w\" sizes=\"auto, (max-width: 723px) 100vw, 723px\" \/><\/p>\n<p>Die Anmeldung l\u00e4uft f\u00fcr die Altersklassen Bambini und F-Jugend. Das Angebot richtet sich an die J\u00fcngsten, die ihre ersten Schritte im Fu\u00dfball machen, ihre sportlichen F\u00e4higkeiten entwickeln und aktiv ihre Freizeit verbringen m\u00f6chten. Die Fu\u00dfballschule arbeitet in Zusammenarbeit mit der Gemeinde Guttentag.<\/p>\n<p>Anmeldungen und Informationen: Kamil Kisielewicz, Koordinator, Tel. 662 504 366, sowie Waldemar Krysia, Trainer, Tel. 796 926 958.<\/p>\n<p><strong>Brezelfest in Langendorf<\/strong><\/p>\n<p>Der DFK Langendorf l\u00e4dt gemeinsam mit dem KGW Aktywni Wielowie\u015b zum Brezelfest ein. Das Treffen findet am 26. September 2026 um 18:00 Uhr im Dorfgemeinschaftshaus in Blaseowitz statt.<\/p>\n<p><img loading=\"lazy\" decoding=\"async\" class=\"aligncenter size-full wp-image-85521\" src=\"https:\/\/neueswochenblatt.pl\/wp-content\/uploads\/2026\/09\/dfk-langendorf.jpg\" alt=\"\" width=\"509\" height=\"720\" srcset=\"https:\/\/neueswochenblatt.pl\/wp-content\/uploads\/2026\/09\/dfk-langendorf.jpg 509w, https:\/\/neueswochenblatt.pl\/wp-content\/uploads\/2026\/09\/dfk-langendorf-212x300.jpg 212w\" sizes=\"auto, (max-width: 509px) 100vw, 509px\" \/><\/p>\n<p>Die G\u00e4ste erwartet ein Abend mit Musik und Unterhaltung. F\u00fcr die musikalische Begleitung sorgt DJ Majki, au\u00dferdem treten der DFK-Chor und das DFK-Orchester auf. F\u00fcr das leibliche Wohl werden Kaffee, Kuchen, Brezeln und ein warmes Abendessen angeboten.<\/p>\n<p>Anmeldungen und weitere Informationen unter Tel. 794 360 364.<\/p>\n<p><strong>DFK Glatz: Chor zu Besuch in Berlin<\/strong><\/p>\n<p>Der Chor des DFK Glatz reiste nach Berlin. W\u00e4hrend des Aufenthalts besichtigte die Gruppe Berlin und Potsdam und unternahm auch eine Wanderung rund um den M\u00fcggelsee. Jeden Abend fanden Chorproben statt, bei denen auch \u00e4ltere, bei den Chormitgliedern besonders beliebte Lieder nicht fehlen durften.<\/p>\n<div id=\"attachment_85519\" style=\"width: 1034px\" class=\"wp-caption aligncenter\"><img loading=\"lazy\" decoding=\"async\" aria-describedby=\"caption-attachment-85519\" class=\"size-large wp-image-85519\" src=\"https:\/\/neueswochenblatt.pl\/wp-content\/uploads\/2026\/09\/dfk-klodzko-1024x768.jpg\" alt=\"\" width=\"1024\" height=\"768\" srcset=\"https:\/\/neueswochenblatt.pl\/wp-content\/uploads\/2026\/09\/dfk-klodzko-1024x768.jpg 1024w, https:\/\/neueswochenblatt.pl\/wp-content\/uploads\/2026\/09\/dfk-klodzko-300x225.jpg 300w, https:\/\/neueswochenblatt.pl\/wp-content\/uploads\/2026\/09\/dfk-klodzko-768x576.jpg 768w, https:\/\/neueswochenblatt.pl\/wp-content\/uploads\/2026\/09\/dfk-klodzko-1536x1152.jpg 1536w, https:\/\/neueswochenblatt.pl\/wp-content\/uploads\/2026\/09\/dfk-klodzko-2048x1536.jpg 2048w\" sizes=\"auto, (max-width: 1024px) 100vw, 1024px\" \/><p id=\"caption-attachment-85519\" class=\"wp-caption-text\">Foto: DFK Glatz<\/p><\/div>\n<p>Der Chor traf sich au\u00dferdem mit Berliner Freunden zu einem gemeinsamen Grillabend. Am 2. August trat er beim Kirchweihfest in K\u00f6nigs Wusterhausen bei Berlin auf und gestaltete den musikalischen Rahmen der Feier mit.<\/p>\n<p>Nach den Sommerferien beginnt der DFK Glatz mit den Vorbereitungen f\u00fcr den deutschen Lyrikwettbewerb f\u00fcr Sch\u00fcler der Schulen in Habelschwerdt. Die Organisatoren erwarten mehr als 50 Kinder gemeinsam mit ihren Lehrern, die deutsche Gedichte vortragen werden.<\/p>\n","protected":false},"excerpt":{"rendered":"<p>Was war diese Woche wieder los in den DFK-Ortsgruppen? Und was steht noch an?<\/p>\n","protected":false},"author":318,"featured_media":85529,"comment_status":"closed","ping_status":"open","sticky":false,"template":"","format":"standard","meta":{"_acf_changed":false,"footnotes":""},"categories":[4580,4231],"tags":[9511,5921,5924,9416,8946,8937,8069,10018],"redaktor":[5629],"class_list":["post-85518","post","type-post","status-publish","format-standard","has-post-thumbnail","hentry","category-kolumne-de","category-news-de","tag-broslawitz-de","tag-deutscher-freundschaftskreis","tag-dfk-de","tag-glatz-de","tag-guttentag-de","tag-langendorf","tag-rogau-de","tag-woche-in-dfk-de","redaktor-anna-durecka-de"],"acf":[],"_links":{"self":[{"href":"https:\/\/neueswochenblatt.pl\/de\/wp-json\/wp\/v2\/posts\/85518","targetHints":{"allow":["GET"]}}],"collection":[{"href":"https:\/\/neueswochenblatt.pl\/de\/wp-json\/wp\/v2\/posts"}],"about":[{"href":"https:\/\/neueswochenblatt.pl\/de\/wp-json\/wp\/v2\/types\/post"}],"author":[{"embeddable":true,"href":"https:\/\/neueswochenblatt.pl\/de\/wp-json\/wp\/v2\/users\/318"}],"replies":[{"embeddable":true,"href":"https:\/\/neueswochenblatt.pl\/de\/wp-json\/wp\/v2\/comments?post=85518"}],"version-history":[{"count":3,"href":"https:\/\/neueswochenblatt.pl\/de\/wp-json\/wp\/v2\/posts\/85518\/revisions"}],"predecessor-version":[{"id":85536,"href":"https:\/\/neueswochenblatt.pl\/de\/wp-json\/wp\/v2\/posts\/85518\/revisions\/85536"}],"wp:featuredmedia":[{"embeddable":true,"href":"https:\/\/neueswochenblatt.pl\/de\/wp-json\/wp\/v2\/media\/85529"}],"wp:attachment":[{"href":"https:\/\/neueswochenblatt.pl\/de\/wp-json\/wp\/v2\/media?parent=85518"}],"wp:term":[{"taxonomy":"category","embeddable":true,"href":"https:\/\/neueswochenblatt.pl\/de\/wp-json\/wp\/v2\/categories?post=85518"},{"taxonomy":"post_tag","embeddable":true,"href":"https:\/\/neueswochenblatt.pl\/de\/wp-json\/wp\/v2\/tags?post=85518"},{"taxonomy":"redaktor","embeddable":true,"href":"https:\/\/neueswochenblatt.pl\/de\/wp-json\/wp\/v2\/redaktor?post=85518"}],"curies":[{"name":"wp","href":"https:\/\/api.w.org\/{rel}","templated":true}]}}