{"id":85475,"date":"2026-09-02T05:00:16","date_gmt":"2026-09-02T03:00:16","guid":{"rendered":"https:\/\/neueswochenblatt.pl\/?p=85475"},"modified":"2026-09-01T14:56:54","modified_gmt":"2026-09-01T12:56:54","slug":"vom-wissen-zum-handeln","status":"publish","type":"post","link":"https:\/\/neueswochenblatt.pl\/de\/vom-wissen-zum-handeln\/","title":{"rendered":"Vom Wissen zum Handeln"},"content":{"rendered":"<p><strong>Die Diagnose steht, nun folgt die Therapie. Nachdem wir im ersten Teil unserer Serie \u00fcber den IST-Zustand und die Analyse der Spracharbeit berichtet haben, blicken wir nun auf das Herzst\u00fcck der neuen \u201eStrategie der Spracharbeit der Deutschen Minderheit in Polen 2027\u20132031\u201c: den konkreten Aktionsplan. Warum braucht eine Gesellschaft, die seit Jahrzehnten Sprachprojekte macht, eigentlich ein strategisches Dokument?<\/strong><\/p>\n<p><!--more--><\/p>\n<h2>Der R\u00fcckblick: Was bisher geschah<\/h2>\n<p>Um zu verstehen, woran die deutsche Minderheit heute arbeitet, muss man einen Schritt zur\u00fcckgehen. Im ersten Teil der neuen Sprachstrategie wurden tausende Datens\u00e4tze ausgewertet und eine detaillierte SWOT-Analyse erstellt. Dabei wurden St\u00e4rken (wie die stabilen Strukturen) ebenso benannt wie Schw\u00e4chen (veraltete Methoden oder die Tendenz, ins Polnische auszuweichen).<\/p>\n<p><img loading=\"lazy\" decoding=\"async\" class=\"aligncenter size-full wp-image-85194\" src=\"https:\/\/neueswochenblatt.pl\/wp-content\/uploads\/2026\/08\/SWOT.jpg\" alt=\"\" width=\"1600\" height=\"900\" srcset=\"https:\/\/neueswochenblatt.pl\/wp-content\/uploads\/2026\/08\/SWOT.jpg 1600w, https:\/\/neueswochenblatt.pl\/wp-content\/uploads\/2026\/08\/SWOT-300x169.jpg 300w, https:\/\/neueswochenblatt.pl\/wp-content\/uploads\/2026\/08\/SWOT-1024x576.jpg 1024w, https:\/\/neueswochenblatt.pl\/wp-content\/uploads\/2026\/08\/SWOT-768x432.jpg 768w, https:\/\/neueswochenblatt.pl\/wp-content\/uploads\/2026\/08\/SWOT-1536x864.jpg 1536w\" sizes=\"auto, (max-width: 1600px) 100vw, 1600px\" \/><\/p>\n<p>\u201eWir haben diese sehr detaillierte Analyse durchgef\u00fchrt, um eine ehrliche Bestandsaufnahme zu haben\u201c, erkl\u00e4rt Dr. Edyta Opyd, Bildungsberaterin beim VdG. \u201eDoch eine Analyse allein ver\u00e4ndert noch nichts. Deshalb sind die Teile 3 und 4 der Strategie der Deutschen Minderheit so entscheidend: Sie schlagen die Br\u00fccke von der Theorie in die Praxis.\u201c<\/p>\n<h2>Teil 3: Die Matrix \u2013 St\u00e4rken klug einsetzen<\/h2>\n<p>Der dritte Teil des Dokuments nutzt die sogenannte TOWS-Matrix. Hier werden die Ergebnisse der Analyse miteinander verkn\u00fcpft. \u201eEs geht darum, nach dem Prinzip \u201aSt\u00e4rken nutzen, Chancen ergreifen\u2018 vorzugehen\u201c, so Dr. Opyd.<\/p>\n<p>Ein konkretes Beispiel: Die Minderheit verf\u00fcgt \u00fcber ein riesiges Netzwerk an Projekten (St\u00e4rke). Gleichzeitig suchen Unternehmen in der Region h\u00e4nderingend deutschsprachige Mitarbeiter (Chance). Die Strategie sieht vor, Projekte wie \u201eLernRAUM.pl\u201c oder die Jugendarbeit des BJDM noch gezielter auf Fachvokabular und berufliche Kompetenzen auszurichten. \u201eWir nennen die Dinge jetzt beim Namen, um sicherzustellen, dass wir nur Projekte entwickeln, die auch wirklich gebraucht werden\u201c, betont Edyta Opyd.<\/p>\n<h2>Teil 4: Der Aktionsplan \u2013 Kein Wunschkonzert, sondern ein Fahrplan<\/h2>\n<p>Der \u201eAktionsplan\u201c (Teil 4) umfasst 20 konkrete Ziele. Er ist kein theoretisches Konstrukt, sondern orientiert sich eng an der Struktur von F\u00f6rderantr\u00e4gen beim Bundesministerium des Innern (BMI). \u201eWir wollten den Weg aufzeigen, wie wir zu den Zielen gekommen sind. Es sollte nicht so wirken, als h\u00e4tten wir uns diese Ziele einfach im Schlaf ausgedacht, unabh\u00e4ngig vom Alltag\u201c, erkl\u00e4rt die Bildungsberaterin beim VdG.<\/p>\n<blockquote><p>\u201eWenn man Projekte \u00fcber 5, 10 oder mehr Jahre hinweg realisiert, verliert man manchmal den Blick f\u00fcr das \u201aWarum\u2018 und \u201aWie\u2018. Man macht jedes Jahr das Gleiche\u201c, sagt Dr. Edyta Opyd, Bildungsberaterin beim Verband der Deutschen Gesellschaften in Polen (VdG).<\/p><\/blockquote>\n<p>Jedes Ziel ist mit Erfolgskriterien hinterlegt. Das bedeutet: Ein Projekt ist nicht mehr automatisch \u201egut\u201c, weil viele Kinder teilgenommen haben, sondern wenn messbar ist, dass sie danach besser Deutsch sprechen. Rafa\u0142 Bartek, Vorsitzender des VdG, sieht darin eine Verpflichtung gegen\u00fcber der eigenen Geschichte:<\/p>\n<p>\u201eDie deutsche Sprache ist das Fundament unserer Identit\u00e4t. Sie verbindet Vergangenheit, Gegenwart und Zukunft. Mit dieser Strategie b\u00fcndeln wir unsere Erfahrungen und benennen Herausforderungen klar. Besonders wichtig ist mir, dass junge Menschen Deutsch als Teil ihrer eigenen Lebenswirklichkeit erfahren und es selbstbewusst nutzen. Die Strategie ist eine Einladung zur Zusammenarbeit und eine Verpflichtung, unser Erbe mutig weiterzuentwickeln.\u201c<\/p>\n<h2>Die gro\u00dfe Frage: Wozu das Ganze \u00fcberhaupt?<\/h2>\n<p>Viele Koordinatoren fragen sich vielleicht: \u201eWarum brauchen wir das? Wir arbeiten doch schon seit Jahren so.\u201c Dr. Edyta Opyd begegnet dieser Skepsis mit p\u00e4dagogischem Realismus:<\/p>\n<p>\u201eWenn man ein Projekt seit 10 Jahren macht, schleicht sich Routine ein. Man macht jedes Jahr fast das Gleiche. Aber Bildung ist ein Prozess, in dem man innehalten muss. Die Strategie zwingt uns, die \u201aSchmerzpunkte\u2018 anzusehen. Reden die Lehrer bei den Sprachprojekten wirklich Deutsch mit den Teilnehmern? Sind die Methoden noch zeitgem\u00e4\u00df f\u00fcr die heutige Generation? Nur eine gute Evaluation hilft uns, besser zu werden. Ohne sie wissen wir nicht, was funktioniert und warum nicht.\u201c<\/p>\n<h2>Die Strategie \u201egreifbar\u201c machen<\/h2>\n<p>Damit das Dokument nicht ungelesen in den Regalen verstaubt, startet nun eine Informationskampagne. Es werden anschauliche Grafiken f\u00fcr die Bildungsplattform supereule.pl vorbereitet. Jede Grafik erkl\u00e4rt ein Ziel nach den W-Fragen: Wer, Was, Wann.<\/p>\n<p>Zudem wird es im Oktober und November regionale Treffen im Norden und S\u00fcden Polens geben, bei denen die Sprachstrategie der deutschen Minderheit auch vorgestellt wird. K\u00fcnftig werden Koordinatoren bei ihren Antr\u00e4gen \u2013 anhand einer vorbereiteten Checkliste \u2013 erkl\u00e4ren, wie ihr Projekt zur Sprachstrategie passt.<\/p>\n<p>Die Sprachstrategie ist ab jetzt der Kompass f\u00fcr alle, die wollen, dass Deutsch in Polen eine lebendige Zukunft hat. Zu finden auf supereule.pl https:\/\/supereule.pl\/de\/sprachstrategie-der-deutschen-minderheit-2027-2031\/<\/p>\n","protected":false},"excerpt":{"rendered":"<p>Die Diagnose steht, nun folgt die Therapie. Nachdem wir im ersten Teil unserer Serie \u00fcber den IST-Zustand und die Analyse der Spracharbeit berichtet haben, blicken wir nun auf das Herzst\u00fcck der neuen \u201eStrategie der Spracharbeit der Deutschen Minderheit in Polen 2027\u20132031\u201c: den konkreten Aktionsplan. Warum braucht eine Gesellschaft, die seit Jahrzehnten Sprachprojekte macht, eigentlich ein [&hellip;]<\/p>\n","protected":false},"author":261,"featured_media":85477,"comment_status":"closed","ping_status":"open","sticky":false,"template":"","format":"standard","meta":{"_acf_changed":false,"footnotes":""},"categories":[6045],"tags":[10011,9314,6336,10012,8098,6674],"redaktor":[6054],"class_list":["post-85475","post","type-post","status-publish","format-standard","has-post-thumbnail","hentry","category-bildung","tag-aktionsplan","tag-deutsch-de","tag-deutsch-als-minderheitensprache-de","tag-dr-edyta-opyd-de","tag-schlesische-herkunft-deutsche-sprache","tag-strategie-der-spracharbeit-der-deutschen-minderheit","redaktor-manuela-leibig-de"],"acf":[],"_links":{"self":[{"href":"https:\/\/neueswochenblatt.pl\/de\/wp-json\/wp\/v2\/posts\/85475","targetHints":{"allow":["GET"]}}],"collection":[{"href":"https:\/\/neueswochenblatt.pl\/de\/wp-json\/wp\/v2\/posts"}],"about":[{"href":"https:\/\/neueswochenblatt.pl\/de\/wp-json\/wp\/v2\/types\/post"}],"author":[{"embeddable":true,"href":"https:\/\/neueswochenblatt.pl\/de\/wp-json\/wp\/v2\/users\/261"}],"replies":[{"embeddable":true,"href":"https:\/\/neueswochenblatt.pl\/de\/wp-json\/wp\/v2\/comments?post=85475"}],"version-history":[{"count":1,"href":"https:\/\/neueswochenblatt.pl\/de\/wp-json\/wp\/v2\/posts\/85475\/revisions"}],"predecessor-version":[{"id":85476,"href":"https:\/\/neueswochenblatt.pl\/de\/wp-json\/wp\/v2\/posts\/85475\/revisions\/85476"}],"wp:featuredmedia":[{"embeddable":true,"href":"https:\/\/neueswochenblatt.pl\/de\/wp-json\/wp\/v2\/media\/85477"}],"wp:attachment":[{"href":"https:\/\/neueswochenblatt.pl\/de\/wp-json\/wp\/v2\/media?parent=85475"}],"wp:term":[{"taxonomy":"category","embeddable":true,"href":"https:\/\/neueswochenblatt.pl\/de\/wp-json\/wp\/v2\/categories?post=85475"},{"taxonomy":"post_tag","embeddable":true,"href":"https:\/\/neueswochenblatt.pl\/de\/wp-json\/wp\/v2\/tags?post=85475"},{"taxonomy":"redaktor","embeddable":true,"href":"https:\/\/neueswochenblatt.pl\/de\/wp-json\/wp\/v2\/redaktor?post=85475"}],"curies":[{"name":"wp","href":"https:\/\/api.w.org\/{rel}","templated":true}]}}