{"id":85418,"date":"2026-09-01T05:00:42","date_gmt":"2026-09-01T03:00:42","guid":{"rendered":"https:\/\/neueswochenblatt.pl\/?p=85418"},"modified":"2026-08-31T14:43:22","modified_gmt":"2026-08-31T12:43:22","slug":"brief-zum-beginn-des-schuljahres","status":"publish","type":"post","link":"https:\/\/neueswochenblatt.pl\/de\/brief-zum-beginn-des-schuljahres\/","title":{"rendered":"Brief zum Beginn des Schuljahres"},"content":{"rendered":"<p><strong>Brief des Vorsitzenden des Verbandes der deutschen sozial-kulturellen Gesellschaften in Polen, Rafa\u0142 Bartek, an die Direktorinnen und Direktoren der Schulen mit Deutschunterricht als Minderheitensprache<\/strong><!--more--><\/p>\n<p>Sehr geehrte Damen und Herren,<\/p>\n<p>zum Beginn des Schuljahres 2026\/2027 w\u00fcnsche ich Ihnen alles Gute, viel Erfolg und Zufriedenheit bei Ihrer p\u00e4dagogischen, erzieherischen und betreuenden Arbeit. Besonderer Dank gilt den Lehrkr\u00e4ften, die den Deutschunterricht als Minderheitensprache fortsetzen oder erstmals \u00fcbernehmen. Durch Ihr Engagement haben nachfolgende Generationen die M\u00f6glichkeit, ihre Sprachkompetenzen zu entwickeln und die Kultur sowie das Erbe der deutschen Minderheit kennenzulernen.<\/p>\n<p>Mit Freude beobachten wir das wachsende Interesse am Deutschunterricht als Minderheitensprache an den Grundschulen. Dies belegen die aktuellen Statistiken des Bildungsministeriums, wonach im Schuljahr 2025\/2026 an Grundschulen 59.703 Sch\u00fclerinnen und Sch\u00fcler Deutsch als Minderheitensprache lernten \u2013 ein Anstieg um 2,96 % im Vergleich zum Schuljahr 2024\/2025. Zugleich ermutige ich die Eltern, ihre Kinder beim t\u00e4glichen Gebrauch der deutschen Sprache zu unterst\u00fctzen, denn das h\u00e4usliche Umfeld spielt eine Schl\u00fcsselrolle bei deren nat\u00fcrlichem Erwerb und der Festigung der Sprachkenntnisse.<\/p>\n<div id=\"attachment_85422\" style=\"width: 1034px\" class=\"wp-caption aligncenter\"><img loading=\"lazy\" decoding=\"async\" aria-describedby=\"caption-attachment-85422\" class=\"size-large wp-image-85422\" src=\"https:\/\/neueswochenblatt.pl\/wp-content\/uploads\/2026\/08\/Foto-Stefani-Koprek-Golomb-1024x682.jpg\" alt=\"\" width=\"1024\" height=\"682\" srcset=\"https:\/\/neueswochenblatt.pl\/wp-content\/uploads\/2026\/08\/Foto-Stefani-Koprek-Golomb-1024x682.jpg 1024w, https:\/\/neueswochenblatt.pl\/wp-content\/uploads\/2026\/08\/Foto-Stefani-Koprek-Golomb-300x200.jpg 300w, https:\/\/neueswochenblatt.pl\/wp-content\/uploads\/2026\/08\/Foto-Stefani-Koprek-Golomb-768x512.jpg 768w, https:\/\/neueswochenblatt.pl\/wp-content\/uploads\/2026\/08\/Foto-Stefani-Koprek-Golomb-1536x1024.jpg 1536w, https:\/\/neueswochenblatt.pl\/wp-content\/uploads\/2026\/08\/Foto-Stefani-Koprek-Golomb.jpg 2000w\" sizes=\"auto, (max-width: 1024px) 100vw, 1024px\" \/><p id=\"caption-attachment-85422\" class=\"wp-caption-text\">Rafa\u0142 Bartek. Foto: Stefani Koprek-Golomb<\/p><\/div>\n<p>Im nun begonnenen Schuljahr freut uns besonders das Inkrafttreten des neuen Lehrplans f\u00fcr Deutsch als Minderheitensprache. Er ist ein Beispiel f\u00fcr positive Ver\u00e4nderungen im Ansatz der Minderheitenbildung, f\u00fcr eine st\u00e4rkere Anpassung der Lehrinhalte an die Bed\u00fcrfnisse der Sch\u00fclerinnen und Sch\u00fcler sowie f\u00fcr die Wertsch\u00e4tzung der Entwicklung praktischer Sprachkompetenzen.<\/p>\n<p>Ich ermutige Sie, die M\u00f6glichkeiten der beruflichen Fortbildung f\u00fcr Lehrkr\u00e4fte der Minderheitensprache aktiv zu nutzen, insbesondere durch die Teilnahme an den Schulungen im Rahmen des Niwki-Programms, das vom Oppelner Bildungszentrum durchgef\u00fchrt wird.<\/p>\n<p>Empfehlen m\u00f6chte ich den Deutschlehrkr\u00e4ften auch die Mitgliedschaft in der Deutschen Bildungsgesellschaft \u2013 <a href=\"http:\/\/www.bildung.pl\/\" target=\"_blank\" rel=\"noopener\">www.bildung.pl<\/a> \u2013, die eine besondere Rolle bei der Unterst\u00fctzung des Deutschunterrichts spielt. Als Verband der deutschen Gesellschaften in Polen arbeiten wir bei der Umsetzung dieser Programme zusammen, in der \u00dcberzeugung, dass die kontinuierliche Weiterentwicklung der Kompetenzen der Lehrkr\u00e4fte zu einer noch h\u00f6heren Qualit\u00e4t der Bildung und zu einer gr\u00f6\u00dferen Attraktivit\u00e4t des Minderheitensprachunterrichts f\u00fchrt.<\/p>\n<div id=\"attachment_85424\" style=\"width: 1034px\" class=\"wp-caption aligncenter\"><img loading=\"lazy\" decoding=\"async\" aria-describedby=\"caption-attachment-85424\" class=\"size-large wp-image-85424\" src=\"https:\/\/neueswochenblatt.pl\/wp-content\/uploads\/2026\/08\/do-grafiki-nathan-cima-Qw6wa96IvvQ-unsplash-1024x768.jpg\" alt=\"\" width=\"1024\" height=\"768\" srcset=\"https:\/\/neueswochenblatt.pl\/wp-content\/uploads\/2026\/08\/do-grafiki-nathan-cima-Qw6wa96IvvQ-unsplash-1024x768.jpg 1024w, https:\/\/neueswochenblatt.pl\/wp-content\/uploads\/2026\/08\/do-grafiki-nathan-cima-Qw6wa96IvvQ-unsplash-300x225.jpg 300w, https:\/\/neueswochenblatt.pl\/wp-content\/uploads\/2026\/08\/do-grafiki-nathan-cima-Qw6wa96IvvQ-unsplash-768x576.jpg 768w, https:\/\/neueswochenblatt.pl\/wp-content\/uploads\/2026\/08\/do-grafiki-nathan-cima-Qw6wa96IvvQ-unsplash-1536x1152.jpg 1536w, https:\/\/neueswochenblatt.pl\/wp-content\/uploads\/2026\/08\/do-grafiki-nathan-cima-Qw6wa96IvvQ-unsplash-2048x1536.jpg 2048w\" sizes=\"auto, (max-width: 1024px) 100vw, 1024px\" \/><p id=\"caption-attachment-85424\" class=\"wp-caption-text\">Foto: Unsplash<\/p><\/div>\n<p>Ich danke Ihnen f\u00fcr Ihr t\u00e4gliches Engagement und Ihre Arbeit f\u00fcr die Entwicklung des Deutschunterrichts als Minderheitensprache. Ich lade Sie au\u00dferdem ein, regelm\u00e4\u00dfig die Plattform <a href=\"http:\/\/www.supereule.pl\/\" target=\"_blank\" rel=\"noopener\">www.supereule.pl<\/a> zu besuchen, auf der Informationen \u00fcber Bildungs- und Kulturprojekte der Organisationen der Deutschen Minderheit sowie \u00fcber Schulungen, Wettbewerbe, Workshops und andere Initiativen f\u00fcr Sch\u00fclerinnen und Sch\u00fcler, Lehrkr\u00e4fte und Eltern ver\u00f6ffentlicht werden.<\/p>\n<p>Ich w\u00fcnsche Ihnen, dass das neue Schuljahr Ihnen viel Zufriedenheit, Inspiration und Erfolg bringt. M\u00f6ge es eine Zeit guter Zusammenarbeit, der Verwirklichung ehrgeiziger Ziele und des gemeinsamen Einsatzes f\u00fcr die Entwicklung der Sch\u00fclerinnen und Sch\u00fcler und die St\u00e4rkung der Bildung der deutschen Minderheit sein.<\/p>\n<p><em>Mit freundlichen Gr\u00fc\u00dfen<\/em><\/p>\n<p><em>Rafa\u0142 Bartek<\/em><\/p>\n","protected":false},"excerpt":{"rendered":"<p>Brief des Vorsitzenden des Verbandes der deutschen sozial-kulturellen Gesellschaften in Polen, Rafa\u0142 Bartek, an die Direktorinnen und Direktoren der Schulen mit Deutschunterricht als Minderheitensprache<\/p>\n","protected":false},"author":318,"featured_media":85426,"comment_status":"closed","ping_status":"open","sticky":false,"template":"","format":"standard","meta":{"_acf_changed":false,"footnotes":""},"categories":[6045,4231],"tags":[7080,6368,7515,6324,7258],"redaktor":[6056],"class_list":["post-85418","post","type-post","status-publish","format-standard","has-post-thumbnail","hentry","category-bildung","category-news-de","tag-bildung-de","tag-deutsche-minderheit-in-polen-de","tag-deutsche-sprache-de","tag-rafal-bartek-de","tag-schule-de","redaktor-neues-wochenblatt-pl-de"],"acf":[],"_links":{"self":[{"href":"https:\/\/neueswochenblatt.pl\/de\/wp-json\/wp\/v2\/posts\/85418","targetHints":{"allow":["GET"]}}],"collection":[{"href":"https:\/\/neueswochenblatt.pl\/de\/wp-json\/wp\/v2\/posts"}],"about":[{"href":"https:\/\/neueswochenblatt.pl\/de\/wp-json\/wp\/v2\/types\/post"}],"author":[{"embeddable":true,"href":"https:\/\/neueswochenblatt.pl\/de\/wp-json\/wp\/v2\/users\/318"}],"replies":[{"embeddable":true,"href":"https:\/\/neueswochenblatt.pl\/de\/wp-json\/wp\/v2\/comments?post=85418"}],"version-history":[{"count":1,"href":"https:\/\/neueswochenblatt.pl\/de\/wp-json\/wp\/v2\/posts\/85418\/revisions"}],"predecessor-version":[{"id":85428,"href":"https:\/\/neueswochenblatt.pl\/de\/wp-json\/wp\/v2\/posts\/85418\/revisions\/85428"}],"wp:featuredmedia":[{"embeddable":true,"href":"https:\/\/neueswochenblatt.pl\/de\/wp-json\/wp\/v2\/media\/85426"}],"wp:attachment":[{"href":"https:\/\/neueswochenblatt.pl\/de\/wp-json\/wp\/v2\/media?parent=85418"}],"wp:term":[{"taxonomy":"category","embeddable":true,"href":"https:\/\/neueswochenblatt.pl\/de\/wp-json\/wp\/v2\/categories?post=85418"},{"taxonomy":"post_tag","embeddable":true,"href":"https:\/\/neueswochenblatt.pl\/de\/wp-json\/wp\/v2\/tags?post=85418"},{"taxonomy":"redaktor","embeddable":true,"href":"https:\/\/neueswochenblatt.pl\/de\/wp-json\/wp\/v2\/redaktor?post=85418"}],"curies":[{"name":"wp","href":"https:\/\/api.w.org\/{rel}","templated":true}]}}