{"id":85405,"date":"2026-09-01T15:00:40","date_gmt":"2026-09-01T13:00:40","guid":{"rendered":"https:\/\/neueswochenblatt.pl\/?p=85405"},"modified":"2026-08-31T21:21:27","modified_gmt":"2026-08-31T19:21:27","slug":"die-geschichte-der-deutsch-polnischen-grenze-in-pommern","status":"publish","type":"post","link":"https:\/\/neueswochenblatt.pl\/de\/die-geschichte-der-deutsch-polnischen-grenze-in-pommern\/","title":{"rendered":"Die Geschichte der deutsch-polnischen Grenze in Pommern"},"content":{"rendered":"<p><strong>Am 4. September findet in Prechlau (Przechlewo) die Pr\u00e4sentation einer Monografie \u00fcber die deutsch-polnische Grenze in Pommern in den Jahren 1920\u20131939 statt. \u00dcber die Ergebnisse der Arbeit eines interdisziplin\u00e4ren Teams von Wissenschaftlern wird der Herausgeber des Bandes, Prof. Cezary Obracht-Prondzy\u0144ski, berichten.<\/strong><\/p>\n<p><!--more--><\/p>\n<p>Das Forschungszentrum der Deutschen Minderheit (FZDM) in Oppeln l\u00e4dt in Zusammenarbeit mit dem Kaschubischen Institut in Danzig und der Bibliothek in Prechlau zu einem Autorentreffen und einem Vortrag aus der Reihe \u201eGoldener Vortrag\u201c ein. Das Hauptthema der Veranstaltung ist die Publikation mit dem Titel \u201eDie deutsch-polnische Grenze in Pommern (1920\u20131939): Geschichte \u2013 Erinnerung \u2013 Spuren im Raum\u201c.<\/p>\n<h2>Ergebnisse der Forschungsarbeit<\/h2>\n<p>Das vorgestellte Buch ist das Ergebnis von Forschungen, die in den Jahren 2020\u20132022 durchgef\u00fchrt wurden. Das wissenschaftliche Team unter der Leitung von Prof. Cezary Obracht-Prondzy\u0144ski (bestehend aus Karolina Ciechorska-Kulesza, Magdalena Sacha, Wojciech Sk\u00f3ra und Bartosz Macikowski) hat das Funktionieren der ehemaligen Grenzlinie analysiert.<\/p>\n<p>Die Autoren der vom Forschungszentrum herausgegebenen Publikation konzentrieren sich auf den Einfluss der Grenze auf den Alltag der Bewohner Pommerns sowie auf die Spuren jener Zeit, die bis heute im \u00f6ffentlichen Raum und im Ged\u00e4chtnis der Menschen erhalten geblieben sind.<\/p>\n<div id=\"attachment_85413\" style=\"width: 810px\" class=\"wp-caption aligncenter\"><img loading=\"lazy\" decoding=\"async\" aria-describedby=\"caption-attachment-85413\" class=\"size-full wp-image-85413\" src=\"https:\/\/neueswochenblatt.pl\/wp-content\/uploads\/2026\/08\/Cezary_Obracht-Prondzynski.jpg\" alt=\"\" width=\"800\" height=\"960\" srcset=\"https:\/\/neueswochenblatt.pl\/wp-content\/uploads\/2026\/08\/Cezary_Obracht-Prondzynski.jpg 800w, https:\/\/neueswochenblatt.pl\/wp-content\/uploads\/2026\/08\/Cezary_Obracht-Prondzynski-250x300.jpg 250w, https:\/\/neueswochenblatt.pl\/wp-content\/uploads\/2026\/08\/Cezary_Obracht-Prondzynski-768x922.jpg 768w\" sizes=\"auto, (max-width: 800px) 100vw, 800px\" \/><p id=\"caption-attachment-85413\" class=\"wp-caption-text\">Prof. Cezary Obracht-Prondzy\u0144ski<br \/>Foto: Rudolf H. Boettcher<\/p><\/div>\n<h2>Informationen zur Veranstaltung<\/h2>\n<p>Die Veranstaltung ist \u00f6ffentlich zug\u00e4nglich. Die Teilnehmer des Treffens k\u00f6nnen ein Exemplar der besprochenen Monografie erhalten. Das Treffen findet im Rahmen des Projekts \u201eGeschichte und Erbe der deutschen Minderheit \u2013 Forschungst\u00e4tigkeit\u201c statt, welches durch Zuwendungen des Ministers f\u00fcr Inneres und Verwaltung finanziert wird.<\/p>\n<h3>Details:<\/h3>\n<ul>\n<li>Termin:\u00a04. September 2026, 17:30 Uhr<\/li>\n<li>Ort:\u00a0Gemeindebibliothek und Kulturzentrum in Prechlau (Przechlewo), ul. Cz\u0142uchowska 8<\/li>\n<li>Veranstaltungssprache:\u00a0Polnisch<\/li>\n<li>Eintritt:\u00a0frei<\/li>\n<\/ul>\n<h3>Teilnahmebest\u00e4tigung:<\/h3>\n<p>Aus organisatorischen Gr\u00fcnden bitten die Veranstalter um eine Best\u00e4tigung der Teilnahme unter den folgenden Telefonnummern oder per E-Mail:<\/p>\n<ul>\n<li>Bibliothek in Prechlau:\u00a0Tel. +48 664 450 403<\/li>\n<li>FZDM in Oppeln:\u00a0Tel. +48 532 153 005 oder E-Mail:\u00a0ewa.stolz@fzentrum.pl<\/li>\n<\/ul>\n<p>Aktuelle Informationen \u00fcber die T\u00e4tigkeit des Forschungszentrums der Deutschen Minderheit finden Sie unter: <a href=\"https:\/\/www.facebook.com\/fzentrum\" target=\"_blank\" rel=\"noopener\">www.facebook.com\/fzentrum<\/a><\/p>\n<p>&nbsp;<\/p>\n","protected":false},"excerpt":{"rendered":"<p>Am 4. September findet in Prechlau (Przechlewo) die Pr\u00e4sentation einer Monografie \u00fcber die deutsch-polnische Grenze in Pommern in den Jahren 1920\u20131939 statt. \u00dcber die Ergebnisse der Arbeit eines interdisziplin\u00e4ren Teams von Wissenschaftlern wird der Herausgeber des Bandes, Prof. Cezary Obracht-Prondzy\u0144ski, berichten.<\/p>\n","protected":false},"author":12,"featured_media":85411,"comment_status":"closed","ping_status":"open","sticky":false,"template":"","format":"standard","meta":{"_acf_changed":false,"footnotes":""},"categories":[4224],"tags":[6632,6689,9996,9993,6446,9994,9992,9995,9991],"redaktor":[6054],"class_list":["post-85405","post","type-post","status-publish","format-standard","has-post-thumbnail","hentry","category-geschichte-de","tag-forschungszentrum-der-deutschen-minderheit-de","tag-fzdm","tag-grenze-de","tag-monografie","tag-pommern-de","tag-prechlau","tag-prof-cezary-obracht-prondzynski","tag-przechlewo","tag-publikation","redaktor-manuela-leibig-de"],"acf":[],"_links":{"self":[{"href":"https:\/\/neueswochenblatt.pl\/de\/wp-json\/wp\/v2\/posts\/85405","targetHints":{"allow":["GET"]}}],"collection":[{"href":"https:\/\/neueswochenblatt.pl\/de\/wp-json\/wp\/v2\/posts"}],"about":[{"href":"https:\/\/neueswochenblatt.pl\/de\/wp-json\/wp\/v2\/types\/post"}],"author":[{"embeddable":true,"href":"https:\/\/neueswochenblatt.pl\/de\/wp-json\/wp\/v2\/users\/12"}],"replies":[{"embeddable":true,"href":"https:\/\/neueswochenblatt.pl\/de\/wp-json\/wp\/v2\/comments?post=85405"}],"version-history":[{"count":3,"href":"https:\/\/neueswochenblatt.pl\/de\/wp-json\/wp\/v2\/posts\/85405\/revisions"}],"predecessor-version":[{"id":85421,"href":"https:\/\/neueswochenblatt.pl\/de\/wp-json\/wp\/v2\/posts\/85405\/revisions\/85421"}],"wp:featuredmedia":[{"embeddable":true,"href":"https:\/\/neueswochenblatt.pl\/de\/wp-json\/wp\/v2\/media\/85411"}],"wp:attachment":[{"href":"https:\/\/neueswochenblatt.pl\/de\/wp-json\/wp\/v2\/media?parent=85405"}],"wp:term":[{"taxonomy":"category","embeddable":true,"href":"https:\/\/neueswochenblatt.pl\/de\/wp-json\/wp\/v2\/categories?post=85405"},{"taxonomy":"post_tag","embeddable":true,"href":"https:\/\/neueswochenblatt.pl\/de\/wp-json\/wp\/v2\/tags?post=85405"},{"taxonomy":"redaktor","embeddable":true,"href":"https:\/\/neueswochenblatt.pl\/de\/wp-json\/wp\/v2\/redaktor?post=85405"}],"curies":[{"name":"wp","href":"https:\/\/api.w.org\/{rel}","templated":true}]}}