{"id":85391,"date":"2026-08-31T17:00:59","date_gmt":"2026-08-31T15:00:59","guid":{"rendered":"https:\/\/neueswochenblatt.pl\/?p=85391"},"modified":"2026-08-31T13:37:06","modified_gmt":"2026-08-31T11:37:06","slug":"potulitz-vertreter-der-minderheit-gedenken-der-opfer-der-lager","status":"publish","type":"post","link":"https:\/\/neueswochenblatt.pl\/de\/potulitz-vertreter-der-minderheit-gedenken-der-opfer-der-lager\/","title":{"rendered":"Potulitz: Vertreter der Minderheit gedenken der Opfer der Lager"},"content":{"rendered":"<p><strong>Am 29. August gedachten Vertreter von Organisationen der deutschen Minderheit aus ganz Polen in Potulitz der Opfer zweier Lager: des nach dem Krieg eingerichteten Arbeitslagers und des deutschen Umsiedlungs- und Zwangsarbeitslagers. Die Kranzniederlegung und das gemeinsame Gebet an vier Gedenkorten sind Symbole der Vers\u00f6hnung, denn auf Potulitzer Boden starben nicht nur polnische, sondern auch deutsche Opfer.<\/strong><!--more--><\/p>\n<h2>Zwei Geschichten desselben Ortes<\/h2>\n<p>In den Jahren 1941\u20131945 bestand auf dem Gel\u00e4nde des ehemaligen Gutes der Familie Potulicki in Potulitz das NS-Lager Potulitz\/Lebrechtsdorf, das in den Jahren 1941\u20131942 als Au\u00dfenlager des Konzentrationslagers Stutthof diente. Mehr als 25.000 Menschen durchliefen das Lager, und nach den erhaltenen Dokumenten verloren mindestens 1.291 von ihnen ihr Leben. In den Jahren 1945\u20131950 wurde dasselbe Lager zu einem Ort des Martyriums von Gefangenen, die das stalinistische Regime dort internierte.<\/p>\n<div id=\"attachment_85392\" style=\"width: 778px\" class=\"wp-caption aligncenter\"><img loading=\"lazy\" decoding=\"async\" aria-describedby=\"caption-attachment-85392\" class=\"size-large wp-image-85392\" src=\"https:\/\/neueswochenblatt.pl\/wp-content\/uploads\/2026\/08\/IMG_6080-768x1024.jpeg\" alt=\"\" width=\"768\" height=\"1024\" srcset=\"https:\/\/neueswochenblatt.pl\/wp-content\/uploads\/2026\/08\/IMG_6080-768x1024.jpeg 768w, https:\/\/neueswochenblatt.pl\/wp-content\/uploads\/2026\/08\/IMG_6080-225x300.jpeg 225w, https:\/\/neueswochenblatt.pl\/wp-content\/uploads\/2026\/08\/IMG_6080-1152x1536.jpeg 1152w, https:\/\/neueswochenblatt.pl\/wp-content\/uploads\/2026\/08\/IMG_6080-1536x2048.jpeg 1536w, https:\/\/neueswochenblatt.pl\/wp-content\/uploads\/2026\/08\/IMG_6080-scaled.jpeg 1920w\" sizes=\"auto, (max-width: 768px) 100vw, 768px\" \/><p id=\"caption-attachment-85392\" class=\"wp-caption-text\">Massengrab auf dem Gel\u00e4nde der Sandgrube in Potulitz. Foto: Anna Durecka.<\/p><\/div>\n<p>Dort starben etwa 3.500 Deutsche, die sp\u00e4ter in einem Massengrab auf dem Gel\u00e4nde einer Sandgrube au\u00dferhalb des Ortes beigesetzt wurden.<\/p>\n<h2>Gemeinsames Gebet f\u00fcr die Gr\u00e4ber auf Potulitzer Boden<\/h2>\n<p>Pfarrer Maciej Szmytowski von der Pfarrgemeinde Mari\u00e4 Verk\u00fcndigung in Potulitz steht jedes Jahr den Gedenkfeierlichkeiten in Potulitz vor und leitet das Gebet. Auch diesmal erinnerte er unter dem Kreuz auf der Potulitzer Kiesgrube erneut an die Bedeutung des Friedens. \u201eNie sind Gebete zu viel, um diesen ersehnten Frieden zu erbitten. Niemand sehnt sich wohl mehr nach diesem Frieden als gerade die einfachen Menschen, die normal leben, normal arbeiten, aber auch normal \u2013 vielleicht ist es schwierig, das so zu sagen \u2013 sterben wollen. Und nicht durch Kugeln oder Bomben sterben\u201c, betonte Pfarrer Szmytowski und f\u00fcgte hinzu: \u201eM\u00f6ge dieses Gebet, dieser Moment der Besinnung und der Stille uns helfen, in Gedanken und vielleicht bei manchen auch in Erinnerungen all jene zu erfassen, deren Gr\u00e4ber sich hier auf unserem Potulitzer Boden befinden.\u201c<\/p>\n<div id=\"attachment_85394\" style=\"width: 1034px\" class=\"wp-caption aligncenter\"><img loading=\"lazy\" decoding=\"async\" aria-describedby=\"caption-attachment-85394\" class=\"size-large wp-image-85394\" src=\"https:\/\/neueswochenblatt.pl\/wp-content\/uploads\/2026\/08\/IMG_2831-1024x768.jpeg\" alt=\"\" width=\"1024\" height=\"768\" srcset=\"https:\/\/neueswochenblatt.pl\/wp-content\/uploads\/2026\/08\/IMG_2831-1024x768.jpeg 1024w, https:\/\/neueswochenblatt.pl\/wp-content\/uploads\/2026\/08\/IMG_2831-300x225.jpeg 300w, https:\/\/neueswochenblatt.pl\/wp-content\/uploads\/2026\/08\/IMG_2831-768x576.jpeg 768w, https:\/\/neueswochenblatt.pl\/wp-content\/uploads\/2026\/08\/IMG_2831-1536x1152.jpeg 1536w, https:\/\/neueswochenblatt.pl\/wp-content\/uploads\/2026\/08\/IMG_2831-2048x1536.jpeg 2048w\" sizes=\"auto, (max-width: 1024px) 100vw, 1024px\" \/><p id=\"caption-attachment-85394\" class=\"wp-caption-text\">Von links im Vordergrund: Pfarrer Maciej Szmytowski, Ryszard Roguz, Piotr Dukat, Joanna Hassa. Foto: Micha\u0142 Florek<\/p><\/div>\n<p>Seit vielen Jahren k\u00fcmmern sich Vertreter der deutschen Minderheit in Polen gemeinsam mit polnischen Institutionen um das Gedenken an die Opfer der Lager in Potulitz. Auch am 29. August war dies der Fall: An vier Gedenkorten in Potulitz wurden Kr\u00e4nze und Blumen niedergelegt, Kerzen angez\u00fcndet und gemeinsam gebetet.<\/p>\n<p>\u2013 Im Lager in Potulitz starben auch Menschen aus dem Norden des Landes, aus den ehemaligen ostpreu\u00dfischen Gebieten. Im Verlauf der Kriegswirren kamen sie durch die Umgebung dieser Orte oder wurden deportiert. Auch das ist ein Teil der Geschichte unserer Region \u2013 sagt Piotr Dukat, Vorsitzender der Allensteiner Gesellschaft Deutscher Minderheit und Vorstandsmitglied des Verbandes der deutschen sozial-kulturellen Gesellschaften in Polen (VdG). An den Gedenkfeierlichkeiten nahmen Vertreter der deutschen Minderheit aus Allenstein, Bromberg, Stolp und Schivelbein teil. An der Delegation nahm auch Martin Lippa, Vorsitzender der SKGD in der Woiwodschaft Schlesien, teil. Der VdG wurde auch von der Direktorin des VdG-B\u00fcros Joanna Hassa und dem VdG-Koordinator f\u00fcr Organisationen der deutschen Minderheit Ryszard Roguz, vertreten.<\/p>\n<h2>Gedenken an die Opfer beider Seiten<\/h2>\n<p>Hervorzuheben ist, dass die Delegation nicht nur am Ort der Beisetzung der Opfer des stalinistischen Lagers Blumen niederlegte, sondern auch am Denkmal \u201eOfiarom Faszyzmu\u201c auf dem Friedhof in Potulitz sowie am Tor des ehemaligen NS-Lagers Lebrechtsdorf. Wie Piotr Dukat betont, ist dies ein wichtiger Bestandteil der Sorge um das Gedenken an die Opfer beider Seiten.<\/p>\n<div id=\"attachment_85396\" style=\"width: 1034px\" class=\"wp-caption aligncenter\"><img loading=\"lazy\" decoding=\"async\" aria-describedby=\"caption-attachment-85396\" class=\"size-large wp-image-85396\" src=\"https:\/\/neueswochenblatt.pl\/wp-content\/uploads\/2026\/08\/IMG_2810-1024x714.jpeg\" alt=\"\" width=\"1024\" height=\"714\" srcset=\"https:\/\/neueswochenblatt.pl\/wp-content\/uploads\/2026\/08\/IMG_2810-1024x714.jpeg 1024w, https:\/\/neueswochenblatt.pl\/wp-content\/uploads\/2026\/08\/IMG_2810-300x209.jpeg 300w, https:\/\/neueswochenblatt.pl\/wp-content\/uploads\/2026\/08\/IMG_2810-768x535.jpeg 768w, https:\/\/neueswochenblatt.pl\/wp-content\/uploads\/2026\/08\/IMG_2810-1536x1071.jpeg 1536w, https:\/\/neueswochenblatt.pl\/wp-content\/uploads\/2026\/08\/IMG_2810-2048x1428.jpeg 2048w\" sizes=\"auto, (max-width: 1024px) 100vw, 1024px\" \/><p id=\"caption-attachment-85396\" class=\"wp-caption-text\">Denkmal \u201eOfiarom Faszyzmu\u201c in Potulitz. Foto: Micha\u0142 Florek<\/p><\/div>\n<p>\u2013 Die Organisationen der Deutschen Minderheit bauen Br\u00fccken zwischen den beiden Nationen, Polen und Deutschland, und bem\u00fchen sich, diese schwierige Vergangenheit auf irgendeine Weise zu erkl\u00e4ren \u2013 betont der Vorsitzende der Allensteiner Deutschen und Vorstandsmitglied des VdG.<\/p>\n<p>Einer der Vertreter der \u00f6rtlichen Gemeinschaft bei den Gedenkfeierlichkeiten f\u00fcr die Opfer der Lager in Potulitz war Tomasz Pasieka, Direktor des Museums der Krajna-Region in Nakel an der Netze. Das Museum befasst sich unter anderem mit der Erinnerung an die Geschichte der drei Lager in Potulitz und weist dabei auch auf das w\u00e4hrend des Kriegsrechts in Polen bestehende Internierungslager f\u00fcr Oppositionelle hin.<\/p>\n<p>\u2013 Wenn wir im Museum \u00fcber die Geschichte von Potulitz erz\u00e4hlen, erinnern wir immer an diese drei sehr tragischen Perioden in der Geschichte dieses Ortes \u2013 sagt der Museumsdirektor.<\/p>\n<h2>Potulitz wartet auf historische Forschungen<\/h2>\n<p>Wie Tomasz Pasieka jedoch betont, gibt es noch weitere Ma\u00dfnahmen, die ergriffen werden k\u00f6nnten, um das Bewusstsein f\u00fcr die Geschichte dieses Ortes zu st\u00e4rken.<\/p>\n<div id=\"attachment_85398\" style=\"width: 1034px\" class=\"wp-caption aligncenter\"><img loading=\"lazy\" decoding=\"async\" aria-describedby=\"caption-attachment-85398\" class=\"size-large wp-image-85398\" src=\"https:\/\/neueswochenblatt.pl\/wp-content\/uploads\/2026\/08\/IMG_2819-1024x834.jpeg\" alt=\"\" width=\"1024\" height=\"834\" srcset=\"https:\/\/neueswochenblatt.pl\/wp-content\/uploads\/2026\/08\/IMG_2819-1024x834.jpeg 1024w, https:\/\/neueswochenblatt.pl\/wp-content\/uploads\/2026\/08\/IMG_2819-300x244.jpeg 300w, https:\/\/neueswochenblatt.pl\/wp-content\/uploads\/2026\/08\/IMG_2819-768x625.jpeg 768w, https:\/\/neueswochenblatt.pl\/wp-content\/uploads\/2026\/08\/IMG_2819-1536x1251.jpeg 1536w, https:\/\/neueswochenblatt.pl\/wp-content\/uploads\/2026\/08\/IMG_2819-2048x1668.jpeg 2048w\" sizes=\"auto, (max-width: 1024px) 100vw, 1024px\" \/><p id=\"caption-attachment-85398\" class=\"wp-caption-text\">Tomasz Pasieka, Direktor des Museums der Krajna-Region in Nakel an der Netze (links). Foto: Micha\u0142 Florek<\/p><\/div>\n<p>\u2013 Es fehlt sicherlich an wissenschaftlichen Arbeiten zur Geschichte dieser Lager. Einer der Mitarbeiter des Museums des Krajna-Landes besch\u00e4ftigt sich seit mehreren Jahren mit der Erforschung der Geschichte des Lagers aus der Zeit des Zweiten Weltkriegs. Auch die Geschichte des Zentralen Arbeitslagers Potulitz wartet noch auf eine fundierte wissenschaftliche Aufarbeitung. Wir werden sehen, wann sich ein Wissenschaftler dieses Themas annimmt, denn zweifellos ist dies eine gro\u00dfe Forschungsherausforderung \u2013 fasst Tomasz Pasieka zusammen.<\/p>\n<h2>\u201eLasst uns die polnischen und deutschen Gedenkfeiern zusammenlegen\u201c<\/h2>\n<p>F\u00fcr die kommenden Jahre planen die Vertreter der deutschen Minderheit unter anderem gemeinsame Gedenkfeierlichkeiten, die f\u00fcr die Erinnerung an Potulitz von Bedeutung w\u00e4ren. Aufgrund des Charakters der Gedenkfeier der deutschen Minderheit, zu deren Tradition die Niederlegung von Blumen an polnischen Denkm\u00e4lern geh\u00f6rt, w\u00e4re die Zusammenlegung der Gedenkfeiern ein wichtiger Schritt hin zu einer gemeinsamen \u201eErinnerungspolitik\u201c.<\/p>\n<blockquote><p>\u201eSeit vielen Jahren k\u00fcmmern sich Vertreter der deutschen Minderheit in Polen gemeinsam mit polnischen Institutionen um das Gedenken an die Opfer der Lager in Potulitz. Auch am 29. August war dies der Fall: An vier Gedenkorten in Potulitz wurden Kr\u00e4nze und Blumen niedergelegt, Kerzen angez\u00fcndet und gemeinsam gebetet.\u201c<\/p><\/blockquote>\n<p>\u2013 Eine gute L\u00f6sung k\u00f6nnte beispielsweise darin bestehen, gemeinsame Gedenkfeiern zu veranstalten, damit sie nicht getrennt stattfinden. Wie heute gesagt wurde, findet eine Gedenkfeier im April statt, unsere hingegen in der letzten Augustwoche. Man k\u00f6nnte sie zu einer einzigen Veranstaltung verbinden, die die Idee des Br\u00fcckenbaus zwischen beiden Nationen sichtbar machen und unterstreichen w\u00fcrde \u2013 \u00fcberzeugt Piotr Dukat.<\/p>\n<div id=\"attachment_85400\" style=\"width: 1034px\" class=\"wp-caption aligncenter\"><img loading=\"lazy\" decoding=\"async\" aria-describedby=\"caption-attachment-85400\" class=\"size-large wp-image-85400\" src=\"https:\/\/neueswochenblatt.pl\/wp-content\/uploads\/2026\/08\/IMG_2843-1024x753.jpeg\" alt=\"\" width=\"1024\" height=\"753\" srcset=\"https:\/\/neueswochenblatt.pl\/wp-content\/uploads\/2026\/08\/IMG_2843-1024x753.jpeg 1024w, https:\/\/neueswochenblatt.pl\/wp-content\/uploads\/2026\/08\/IMG_2843-300x221.jpeg 300w, https:\/\/neueswochenblatt.pl\/wp-content\/uploads\/2026\/08\/IMG_2843-768x565.jpeg 768w, https:\/\/neueswochenblatt.pl\/wp-content\/uploads\/2026\/08\/IMG_2843-1536x1129.jpeg 1536w, https:\/\/neueswochenblatt.pl\/wp-content\/uploads\/2026\/08\/IMG_2843-2048x1506.jpeg 2048w\" sizes=\"auto, (max-width: 1024px) 100vw, 1024px\" \/><p id=\"caption-attachment-85400\" class=\"wp-caption-text\">Treffen im Saal des Schul- und Vorschulkomplexes \u201eDzieci Potulic\u201c in Potulitz. Von links: dr Katarzyna Grysi\u0144ska-Jarmu\u0142a, Joanna Hassa. Foto: Micha\u0142 Florek<\/p><\/div>\n<p>Die Feierlichkeiten endeten mit einem Treffen im Saal des Schul- und Vorschulkomplexes \u201eDzieci Potulic\u201c in Potulitz. Dort hielt Dr. Katarzyna Grysi\u0144ska-Jarmu\u0142a von der Historischen Fakult\u00e4t der Kazimierz-Wielki-Universit\u00e4t in Bromberg einen Vortrag \u00fcber \u201ePolen und Deutsche in Bromberg in der Zwischenkriegszeit\u201c.<\/p>\n","protected":false},"excerpt":{"rendered":"<p>Am 29. August gedachten Vertreter von Organisationen der deutschen Minderheit aus ganz Polen in Potulitz der Opfer zweier Lager: des nach dem Krieg eingerichteten Arbeitslagers und des deutschen Umsiedlungs- und Zwangsarbeitslagers. Die Kranzniederlegung und das gemeinsame Gebet an vier Gedenkorten sind Symbole der Vers\u00f6hnung, denn auf Potulitzer Boden starben nicht nur polnische, sondern auch deutsche [&hellip;]<\/p>\n","protected":false},"author":318,"featured_media":85406,"comment_status":"closed","ping_status":"open","sticky":false,"template":"","format":"standard","meta":{"_acf_changed":false,"footnotes":""},"categories":[4224,4231],"tags":[9987,9983,7220,9984,8978,9986,9985],"redaktor":[9296],"class_list":["post-85391","post","type-post","status-publish","format-standard","has-post-thumbnail","hentry","category-geschichte-de","category-news-de","tag-bromberg-de","tag-gedankfeier","tag-joanna-hassa-de","tag-opfern-des-lagers","tag-piotr-dukat-de","tag-potulitz-de","tag-tomasz-pasieka","redaktor-michal-florek-2"],"acf":[],"_links":{"self":[{"href":"https:\/\/neueswochenblatt.pl\/de\/wp-json\/wp\/v2\/posts\/85391","targetHints":{"allow":["GET"]}}],"collection":[{"href":"https:\/\/neueswochenblatt.pl\/de\/wp-json\/wp\/v2\/posts"}],"about":[{"href":"https:\/\/neueswochenblatt.pl\/de\/wp-json\/wp\/v2\/types\/post"}],"author":[{"embeddable":true,"href":"https:\/\/neueswochenblatt.pl\/de\/wp-json\/wp\/v2\/users\/318"}],"replies":[{"embeddable":true,"href":"https:\/\/neueswochenblatt.pl\/de\/wp-json\/wp\/v2\/comments?post=85391"}],"version-history":[{"count":2,"href":"https:\/\/neueswochenblatt.pl\/de\/wp-json\/wp\/v2\/posts\/85391\/revisions"}],"predecessor-version":[{"id":85408,"href":"https:\/\/neueswochenblatt.pl\/de\/wp-json\/wp\/v2\/posts\/85391\/revisions\/85408"}],"wp:featuredmedia":[{"embeddable":true,"href":"https:\/\/neueswochenblatt.pl\/de\/wp-json\/wp\/v2\/media\/85406"}],"wp:attachment":[{"href":"https:\/\/neueswochenblatt.pl\/de\/wp-json\/wp\/v2\/media?parent=85391"}],"wp:term":[{"taxonomy":"category","embeddable":true,"href":"https:\/\/neueswochenblatt.pl\/de\/wp-json\/wp\/v2\/categories?post=85391"},{"taxonomy":"post_tag","embeddable":true,"href":"https:\/\/neueswochenblatt.pl\/de\/wp-json\/wp\/v2\/tags?post=85391"},{"taxonomy":"redaktor","embeddable":true,"href":"https:\/\/neueswochenblatt.pl\/de\/wp-json\/wp\/v2\/redaktor?post=85391"}],"curies":[{"name":"wp","href":"https:\/\/api.w.org\/{rel}","templated":true}]}}