{"id":85377,"date":"2026-08-31T13:30:59","date_gmt":"2026-08-31T11:30:59","guid":{"rendered":"https:\/\/neueswochenblatt.pl\/?p=85377"},"modified":"2026-08-31T14:11:56","modified_gmt":"2026-08-31T12:11:56","slug":"wir-werden-uns-mit-dem-ballast-der-geschichte-auseinandersetzen","status":"publish","type":"post","link":"https:\/\/neueswochenblatt.pl\/de\/wir-werden-uns-mit-dem-ballast-der-geschichte-auseinandersetzen\/","title":{"rendered":"\u201eWir werden uns mit der Last der Geschichte auseinandersetzen\u201c"},"content":{"rendered":"<p><em>Mit Dr. Micha\u0142 Matheja, dem Vorsitzenden des Forschungszentrums der deutschen Minderheit, sprach Krzysztof \u015awierc<\/em><\/p>\n<p><strong>Am 23. und 24. September findet im Hotel Diament in Hindenburg eine internationale wissenschaftliche Konferenz mit dem Titel \u201eMinderheiten hinter dem Eisernen Vorhang. Ballast oder Quelle der Identit\u00e4t?\u201c statt. Wer ist der Organisator und was ist ihr Thema?<\/strong><!--more--><\/p>\n<p>Organisator der Konferenz ist das Forschungszentrum der deutschen Minderheit (CBMN) in Zusammenarbeit mit dem Sorbischen Institut in Bautzen. Die Konferenz ist den nationalen Minderheiten in Mittel- und Osteuropa w\u00e4hrend der Zeit des kommunistischen Totalitarismus und der Frage der unterschiedlichen Politik der einzelnen Staaten in diesem Bereich gewidmet. Theoretisch gab es zwar ein einheitliches System, aber die verschiedenen L\u00e4nder gingen sehr unterschiedlich mit der Minderheitenfrage um, und dar\u00fcber wollen wir in Hindenburg sprechen.<\/p>\n<p><strong>Wann entstand die Idee zu dieser Konferenz?<\/strong><\/p>\n<p>Die Idee entstand aus dem Anlass, dass das CBMN in diesem Jahr sein 10-j\u00e4hriges Bestehen feiert, und bei dieser Gelegenheit blicken wir auf unsere Anf\u00e4nge zur\u00fcck. Ich m\u00f6chte daran erinnern, dass das HDPZ 2013 in Anlehnung an die Bestimmungen des Protokolls des deutsch-polnischen Runden Tisches eine wissenschaftliche Konferenz \u00fcber die deutsche Minderheit in der Volksrepublik Polen organisierte. Nach Jahren m\u00f6chten wir zu diesem Thema zur\u00fcckkehren, jedoch mit einer breiteren Perspektive auf diese Problematik \u2013 unter Einbeziehung einer gr\u00f6\u00dferen Anzahl von L\u00e4ndern des ehemaligen kommunistischen Blocks, aber auch verschiedener Minderheiten, denn selbst innerhalb eines einzigen Landes war die Politik gegen\u00fcber verschiedenen ethnischen Gruppen unterschiedlich.<\/p>\n<div id=\"attachment_85380\" style=\"width: 1034px\" class=\"wp-caption aligncenter\"><img loading=\"lazy\" decoding=\"async\" aria-describedby=\"caption-attachment-85380\" class=\"size-large wp-image-85380\" src=\"https:\/\/neueswochenblatt.pl\/wp-content\/uploads\/2026\/08\/OS_09890-1024x682.jpg\" alt=\"\" width=\"1024\" height=\"682\" srcset=\"https:\/\/neueswochenblatt.pl\/wp-content\/uploads\/2026\/08\/OS_09890-1024x682.jpg 1024w, https:\/\/neueswochenblatt.pl\/wp-content\/uploads\/2026\/08\/OS_09890-300x200.jpg 300w, https:\/\/neueswochenblatt.pl\/wp-content\/uploads\/2026\/08\/OS_09890-768x512.jpg 768w, https:\/\/neueswochenblatt.pl\/wp-content\/uploads\/2026\/08\/OS_09890-1536x1024.jpg 1536w, https:\/\/neueswochenblatt.pl\/wp-content\/uploads\/2026\/08\/OS_09890.jpg 2000w\" sizes=\"auto, (max-width: 1024px) 100vw, 1024px\" \/><p id=\"caption-attachment-85380\" class=\"wp-caption-text\">Dr Micha\u0142 Matheja, Forschungszentrum der Deutschen Minderheit. Foto: Stefani Koprek-Golomb<\/p><\/div>\n<p>Das Hauptziel der Konferenz in Hindenburg ist daher der Austausch von Ansichten und das Teilen des Wissens, das die Referenten im Rahmen ihrer wissenschaftlichen Forschungen erworben haben. Wir haben hervorragende Experten und Wissenschaftler aus Polen, Deutschland, der Schweiz, Tschechien und Ungarn eingeladen. Wie jede Konferenz dieser Art wird sie eine ausgezeichnete Gelegenheit f\u00fcr Diskussionen, den Vergleich von Forschungsergebnissen und Forschungsmethoden bieten. Wir m\u00f6chten aber auch, dass unsere Konferenz eine Wissen vermittelnde Konferenz ist \u2013 offen f\u00fcr alle, die sich f\u00fcr diese Problematik interessieren, nicht nur f\u00fcr Akademiker, die sich wissenschaftlich mit diesen Themen befassen. Aus organisatorischen Gr\u00fcnden bitten wir Interessierte um vorherige Anmeldung bis sp\u00e4testens 9. September, da die Anzahl der Pl\u00e4tze begrenzt ist.<\/p>\n<div id=\"attachment_85382\" style=\"width: 734px\" class=\"wp-caption aligncenter\"><img loading=\"lazy\" decoding=\"async\" aria-describedby=\"caption-attachment-85382\" class=\"size-large wp-image-85382\" src=\"https:\/\/neueswochenblatt.pl\/wp-content\/uploads\/2026\/08\/KONFERENCJA-WRZESIEN-724x1024.jpg\" alt=\"\" width=\"724\" height=\"1024\" srcset=\"https:\/\/neueswochenblatt.pl\/wp-content\/uploads\/2026\/08\/KONFERENCJA-WRZESIEN-724x1024.jpg 724w, https:\/\/neueswochenblatt.pl\/wp-content\/uploads\/2026\/08\/KONFERENCJA-WRZESIEN-212x300.jpg 212w, https:\/\/neueswochenblatt.pl\/wp-content\/uploads\/2026\/08\/KONFERENCJA-WRZESIEN-768x1086.jpg 768w, https:\/\/neueswochenblatt.pl\/wp-content\/uploads\/2026\/08\/KONFERENCJA-WRZESIEN-1086x1536.jpg 1086w, https:\/\/neueswochenblatt.pl\/wp-content\/uploads\/2026\/08\/KONFERENCJA-WRZESIEN-1448x2048.jpg 1448w, https:\/\/neueswochenblatt.pl\/wp-content\/uploads\/2026\/08\/KONFERENCJA-WRZESIEN-scaled.jpg 1810w\" sizes=\"auto, (max-width: 724px) 100vw, 724px\" \/><p id=\"caption-attachment-85382\" class=\"wp-caption-text\">Quelle: CBMN<\/p><\/div>\n<p><strong>Welche Themen werden im Mittelpunkt der Debatte stehen?<\/strong><\/p>\n<p>Es ist schwierig, die Hauptpunkte der Konferenz zu nennen, alle sind wichtig. Wir beginnen mit einem Vortrag von Dr. habil. Stephan Rindlisbacher von der Universit\u00e4t Basel \u00fcber die Differenzierung der Minderheitenpolitik in den Jahren 1945\u20131989. Dies wird eine Art Vogelperspektive auf die Karte Mittel- und Osteuropas sein, ein Versuch des Vergleichs, wie die einzelnen Staaten an die Minderheitenfragen herangingen. Danach werden wir uns ausgew\u00e4hlten Sonderf\u00e4llen widmen. In den folgenden thematischen Sitzungen werden wir die Politik gegen\u00fcber verschiedenen Minderheiten in der Volksrepublik Polen, den deutschen Minderheiten und den polnischen Minderheiten in verschiedenen L\u00e4ndern des kommunistischen Blocks betrachten.<\/p>\n<p><strong>Warum lohnt es sich, und warum sollten manche am 23. und 24. September bei der Konferenz in Hindenburg dabei sein?<\/strong><\/p>\n<p>Weil sie sich an all jene richtet, die sich f\u00fcr die Geschichte der besprochenen Zeit interessieren, insbesondere im Minderheitenkontext. Es ist auch eine ausgezeichnete Gelegenheit, sich daran zu erinnern, wie es damals bei uns aussah. Viel weniger wissen wir hingegen \u00fcber die Situation in anderen L\u00e4ndern. Warum zum Beispiel haben die Deutschen in Rum\u00e4nien und zu einem gro\u00dfen Teil auch in Ungarn die Kontinuit\u00e4t der Sprachweitergabe bewahrt, was in Polen leider nicht erreicht werden konnte? Es ist also eine ausgezeichnete Gelegenheit und M\u00f6glichkeit, in dieser Hinsicht gewisse Vergleiche anzustellen.<\/p>\n<blockquote><p>\u201eDas Hauptziel der Hindenburger Konferenz ist der Austausch von Ansichten und das Teilen des Wissens, das die Referenten im Rahmen ihrer wissenschaftlichen Forschungen erworben haben.\u201c<\/p><\/blockquote>\n<p><strong>Die Konferenz tr\u00e4gt den Titel \u201eMinderheiten hinter dem Eisernen Vorhang. Ballast oder Quelle der Identit\u00e4t?\u201c Ich verstehe, dass es Gelegenheit geben wird, zu \u00fcberlegen, wie sich die staatlichen Ma\u00dfnahmen gegen\u00fcber den Minderheiten in den Jahren 1945\u20131990 auf sie ausgewirkt haben.<\/strong><\/p>\n<p>Ja. Einerseits kann man Beispiele anf\u00fchren, dass eine Politik, die auf den Erhalt der Minderheitenidentit\u00e4t ausgerichtet war, dazu f\u00fchrte, dass irgendwann die Mehrheit der Mitglieder einer bestimmten Gruppe aus diesem Land ausreiste \u2013 wie im Fall der Deutschen in Rum\u00e4nien. Gemessen an den Bedingungen eines kommunistischen Staates gab es dort, k\u00f6nnte man sagen, vorbildliche Verh\u00e4ltnisse. Es endete jedoch damit, dass die Geschichte der deutschen Minderheit in Rum\u00e4nien an vielen Orten bereits abgeschlossen ist. Aus unserer Perspektive k\u00f6nnte man hingegen sagen, dass, solange der Staat die Minderheit diskriminierte \u2013 paradoxerweise \u2013 diese Minderheit relativ stark zusammenhielt. Trotz fehlender allgemeiner Sprachweitergabe blieb das Identit\u00e4tsgef\u00fchl gewisserma\u00dfen auf der Grundlage eines Gef\u00fchls des Unrechts bestehen. Als jedoch die Freiheit kam, stellte sich nach einiger Zeit heraus, dass dies nicht ausreichte. Langfristig betrachtet sind die negativen Auswirkungen der Diskriminierungspolitik gegen\u00fcber verschiedenen Minderheitengruppen bis heute sp\u00fcrbar, und mit diesem Ballast setzen wir uns t\u00e4glich auseinander.<\/p>\n<p><strong>Im Programm der Konferenz ist auch eine Studienfahrt vorgesehen. Bitte erz\u00e4hlen Sie etwas mehr dar\u00fcber.<\/strong><\/p>\n<p>Am zweiten Tag der Konferenz \u2013 dem 24. September \u2013 m\u00f6chten wir unseren G\u00e4sten zeigen, was bei uns in Schlesien im Bereich der Vermittlung der Geschichte von Minderheitengruppen geschieht. Deshalb werden wir das Dokumentationszentrum der Deportation von Oberschlesien in die UdSSR 1945 in Radzionkau sowie das Haus der Erinnerung an die Juden Oberschlesiens in Gleiwitz besuchen. Da die Anzahl der Pl\u00e4tze begrenzt ist, entscheidet \u00fcber die Teilnahme an diesem Teil der Konferenz die Reihenfolge der Anmeldungen, und die Liste wird endg\u00fcltig am 9. September geschlossen.<\/p>\n","protected":false},"excerpt":{"rendered":"<p>Mit Dr. Micha\u0142 Matheja, dem Vorsitzenden des Forschungszentrums der deutschen Minderheit, sprach Krzysztof \u015awierc Am 23. und 24. September findet im Hotel Diament in Hindenburg eine internationale wissenschaftliche Konferenz mit dem Titel \u201eMinderheiten hinter dem Eisernen Vorhang. Ballast oder Quelle der Identit\u00e4t?\u201c statt. Wer ist der Organisator und was ist ihr Thema?<\/p>\n","protected":false},"author":318,"featured_media":85378,"comment_status":"closed","ping_status":"open","sticky":false,"template":"","format":"standard","meta":{"_acf_changed":false,"footnotes":""},"categories":[6045,4231],"tags":[9978,9979,6685,9661,9977],"redaktor":[6052],"class_list":["post-85377","post","type-post","status-publish","format-standard","has-post-thumbnail","hentry","category-bildung","category-news-de","tag-forschungszentrum-de","tag-hindenburg-de","tag-michal-matheja-de","tag-minderheiten-de","tag-sorbische-institut","redaktor-krzysztof-swierc-de"],"acf":[],"_links":{"self":[{"href":"https:\/\/neueswochenblatt.pl\/de\/wp-json\/wp\/v2\/posts\/85377","targetHints":{"allow":["GET"]}}],"collection":[{"href":"https:\/\/neueswochenblatt.pl\/de\/wp-json\/wp\/v2\/posts"}],"about":[{"href":"https:\/\/neueswochenblatt.pl\/de\/wp-json\/wp\/v2\/types\/post"}],"author":[{"embeddable":true,"href":"https:\/\/neueswochenblatt.pl\/de\/wp-json\/wp\/v2\/users\/318"}],"replies":[{"embeddable":true,"href":"https:\/\/neueswochenblatt.pl\/de\/wp-json\/wp\/v2\/comments?post=85377"}],"version-history":[{"count":2,"href":"https:\/\/neueswochenblatt.pl\/de\/wp-json\/wp\/v2\/posts\/85377\/revisions"}],"predecessor-version":[{"id":85417,"href":"https:\/\/neueswochenblatt.pl\/de\/wp-json\/wp\/v2\/posts\/85377\/revisions\/85417"}],"wp:featuredmedia":[{"embeddable":true,"href":"https:\/\/neueswochenblatt.pl\/de\/wp-json\/wp\/v2\/media\/85378"}],"wp:attachment":[{"href":"https:\/\/neueswochenblatt.pl\/de\/wp-json\/wp\/v2\/media?parent=85377"}],"wp:term":[{"taxonomy":"category","embeddable":true,"href":"https:\/\/neueswochenblatt.pl\/de\/wp-json\/wp\/v2\/categories?post=85377"},{"taxonomy":"post_tag","embeddable":true,"href":"https:\/\/neueswochenblatt.pl\/de\/wp-json\/wp\/v2\/tags?post=85377"},{"taxonomy":"redaktor","embeddable":true,"href":"https:\/\/neueswochenblatt.pl\/de\/wp-json\/wp\/v2\/redaktor?post=85377"}],"curies":[{"name":"wp","href":"https:\/\/api.w.org\/{rel}","templated":true}]}}