{"id":77924,"date":"2026-05-01T05:00:31","date_gmt":"2026-05-01T03:00:31","guid":{"rendered":"https:\/\/neueswochenblatt.pl\/?p=77924"},"modified":"2026-04-30T15:56:31","modified_gmt":"2026-04-30T13:56:31","slug":"vaterland-ruestungsausgaben-steigen-deutlich","status":"publish","type":"post","link":"https:\/\/neueswochenblatt.pl\/de\/vaterland-ruestungsausgaben-steigen-deutlich\/","title":{"rendered":"Vaterland: R\u00fcstungsausgaben steigen deutlich"},"content":{"rendered":"<p><strong>Unser Format \u201eVaterland\u201c fasst alle wichtigen Neuigkeiten aus der Bundesrepublik Deutschland f\u00fcr Sie zusammen. Politik, Wirtschaft, Gesellschaft und Kultur in der Bundesrepublik auf einen Blick.\u00a0<\/strong><\/p>\n<p><!--more--><\/p>\n<h2>Kanzler mit Migrationspolitik zufrieden<\/h2>\n<p>Bundeskanzler Friedrich Merz zeigt sich mit dem derzeitigen Stand der deutschen Migrationspolitik zufrieden. Ihm zufolge sei das Problem mittlerweile weitgehend gel\u00f6st. Merz betonte unl\u00e4ngst bei einem Treffen der Union in Berlin, dass die aktuellen Statistiken eine ganz klare Sprache spr\u00e4chen. Da die Zahl der Menschen, die nach Deutschland kommen, massiv gesunken sei, k\u00f6nne man nun davon sprechen, die Krise im Griff zu haben. Tats\u00e4chlich zeigen die Daten f\u00fcr das Jahr 2025 einen starken R\u00fcckgang: Mit etwa 168.500 Asylantr\u00e4gen gab es nur halb so viele wie im Vorjahr. Doch schaut man genauer hin, mischen sich auch kritische T\u00f6ne in das Bild. Experten weisen darauf hin, dass der R\u00fcckgang stark mit dem Ende des Krieges in Syrien zusammenh\u00e4ngt \u2013 ein Faktor, den der Kanzler in seiner Rede nicht ausdr\u00fccklich erw\u00e4hnte. Zudem bleibt die Frage offen, wie mit den vielen Menschen umgegangen wird, die das Land eigentlich verlassen m\u00fcssten. Mitte 2025 waren \u00fcber 226.000 Personen ausreisepflichtig, wobei der Gro\u00dfteil von ihnen aufgrund einer sogenannten Duldung vorerst bleiben darf. Auch beim Familiennachzug gab es mit 110.000 erteilten Visa weiterhin viel Bewegung. Merz selbst gab zu, dass man noch nicht am endg\u00fcltigen Ziel angekommen sei.<br \/>\nQuelle: bild.de<\/p>\n<div id=\"attachment_77933\" style=\"width: 1591px\" class=\"wp-caption aligncenter\"><img loading=\"lazy\" decoding=\"async\" aria-describedby=\"caption-attachment-77933\" class=\"size-full wp-image-77933\" src=\"https:\/\/neueswochenblatt.pl\/wp-content\/uploads\/2026\/04\/Foto1-KW18lb-Vaterland-scaled.jpg\" alt=\"\" width=\"1581\" height=\"2560\" srcset=\"https:\/\/neueswochenblatt.pl\/wp-content\/uploads\/2026\/04\/Foto1-KW18lb-Vaterland-scaled.jpg 1581w, https:\/\/neueswochenblatt.pl\/wp-content\/uploads\/2026\/04\/Foto1-KW18lb-Vaterland-185x300.jpg 185w, https:\/\/neueswochenblatt.pl\/wp-content\/uploads\/2026\/04\/Foto1-KW18lb-Vaterland-632x1024.jpg 632w, https:\/\/neueswochenblatt.pl\/wp-content\/uploads\/2026\/04\/Foto1-KW18lb-Vaterland-768x1243.jpg 768w, https:\/\/neueswochenblatt.pl\/wp-content\/uploads\/2026\/04\/Foto1-KW18lb-Vaterland-949x1536.jpg 949w, https:\/\/neueswochenblatt.pl\/wp-content\/uploads\/2026\/04\/Foto1-KW18lb-Vaterland-1265x2048.jpg 1265w\" sizes=\"auto, (max-width: 1581px) 100vw, 1581px\" \/><p id=\"caption-attachment-77933\" class=\"wp-caption-text\">Friedrich Merz.<br \/>Foto: Sandro Halank \/ Wikimedia Commons.<\/p><\/div>\n<h2>Berliner Stra\u00dfe nach Helmut Kohl benannt<\/h2>\n<p>Wichtige Ehrung f\u00fcr Altkanzler Helmut Kohl. Eine Stra\u00dfe in Berlin wird nun nach dem bedeutenden Politiker benannt. Die bisherige Hofj\u00e4gerallee wird offiziell zur Helmut-Kohl-Allee. Diese Stra\u00dfe ist nicht zuf\u00e4llig gew\u00e4hlt, denn sie f\u00fchrt direkt von der ber\u00fchmten Siegess\u00e4ule mitten durch den Park bis hin zur Parteizentrale der CDU. Bevor das neue Schild feierlich enth\u00fcllt wird, gibt es ein umfangreiches Programm. Verschiedene Stiftungen, die an Kohl und Konrad Adenauer erinnern, haben sich daf\u00fcr zusammengetan. Los geht es in einer nahegelegenen Akademie, wo bekannte Pers\u00f6nlichkeiten wie Annegret Kramp-Karrenbauer die G\u00e4ste begr\u00fc\u00dfen. Auch Berlins B\u00fcrgermeister Kai Wegner wird eine Rede halten. In einer Gespr\u00e4chsrunde soll zudem dar\u00fcber diskutiert werden, wie wichtig Kohl als \u201eKanzler der Einheit\u201c f\u00fcr Deutschland war. Er regierte das Land von 1982 bis 1998, also genau in der Zeit, als die Mauer fiel und Deutschland wieder zusammenwuchs. Trotz seiner gro\u00dfen Erfolge bei der Wiedervereinigung bleibt Helmut Kohl f\u00fcr viele eine umstrittene Figur. Das liegt vor allem an der Aff\u00e4re um geheime Parteispenden, die gegen Ende seiner Karriere f\u00fcr viel Wirbel sorgte. Dennoch wird er nun mit dieser Umbenennung dauerhaft im Stadtbild der Hauptstadt verewigt.<br \/>\nQuelle: morgenpost.de<\/p>\n<div id=\"attachment_77929\" style=\"width: 1090px\" class=\"wp-caption aligncenter\"><img loading=\"lazy\" decoding=\"async\" aria-describedby=\"caption-attachment-77929\" class=\"size-full wp-image-77929\" src=\"https:\/\/neueswochenblatt.pl\/wp-content\/uploads\/2026\/04\/helmut-kohl-allee.webp\" alt=\"\" width=\"1080\" height=\"607\" srcset=\"https:\/\/neueswochenblatt.pl\/wp-content\/uploads\/2026\/04\/helmut-kohl-allee.webp 1080w, https:\/\/neueswochenblatt.pl\/wp-content\/uploads\/2026\/04\/helmut-kohl-allee-300x169.webp 300w, https:\/\/neueswochenblatt.pl\/wp-content\/uploads\/2026\/04\/helmut-kohl-allee-1024x576.webp 1024w, https:\/\/neueswochenblatt.pl\/wp-content\/uploads\/2026\/04\/helmut-kohl-allee-768x432.webp 768w\" sizes=\"auto, (max-width: 1080px) 100vw, 1080px\" \/><p id=\"caption-attachment-77929\" class=\"wp-caption-text\">Fotoquelle: reddit<\/p><\/div>\n<h2>Kernenergie wieder Gespr\u00e4chsthema<\/h2>\n<p>Immer lauter werden die Stimmen, die fordern, dass Deutschland sich erneut der Kernenergie ann\u00e4hern sollte. Auch EU-Kommissionspr\u00e4sidentin Ursula von der Leyen macht sich nun f\u00fcr diesen Weg stark. Bei einem Treffen der Union in Berlin erkl\u00e4rte sie, dass Europa viel zu abh\u00e4ngig von teurem \u00d6l und Gas aus dem Ausland sei. Die st\u00e4ndigen Krisen im Nahen Osten h\u00e4tten gezeigt, wie schnell die Preise steigen k\u00f6nnen, ohne dass am Ende mehr Energie zur Verf\u00fcgung steht. F\u00fcr sie ist klar: Europa m\u00fcsse seinen Strom wieder st\u00e4rker selbst produzieren, um unabh\u00e4ngiger und wirtschaftlich sicherer zu werden. Dabei setzt von der Leyen nicht nur auf Wind- und Solarenergie, sondern auch auf Atomkraft. Ihr Argument: Kernenergie schadet dem Klima kaum und liefert im Gegensatz zu erneuerbaren Energien rund um die Uhr zuverl\u00e4ssig Strom. Besonders vielversprechend seien neue, kleine Reaktoren, an denen weltweit \u2013 von den USA bis Japan \u2013 intensiv geforscht wird. Die EU investiert deshalb bereits viel Geld in die Entwicklung dieser Technik, um k\u00fcnftig auf verschiedene Arten sauberer Energie setzen zu k\u00f6nnen. In der deutschen Politik sorgt das allerdings f\u00fcr erheblichen Streit. W\u00e4hrend CDU und CSU den Vorschlag unterst\u00fctzen und eine R\u00fcckkehr zur Atomkraft bef\u00fcrworten, lehnt die SPD dies ab. Die Koalition ist sich in dieser wichtigen Frage also alles andere als einig.<br \/>\nQuelle: handelsblatt.com<\/p>\n<h2>Hoffnung f\u00fcr Krankenkassenbeitragszahler<\/h2>\n<p>Neue Aussagen machen Hoffnung auf niedrigere Beitr\u00e4ge f\u00fcr gesetzlich Versicherte. Das liegt vor allem an einem neuen Plan der Gesundheitsministerin Nina Warken, der erhebliche Einsparungen bringen soll. Die gesetzlichen Kassen blicken daher vorsichtig optimistisch in die Zukunft. Laut dem Vorsitzenden ihres Verbandes, Oliver Blatt, k\u00f6nnten die Kosten f\u00fcr die Versicherten durch dieses Sparpaket nicht nur stabil bleiben, sondern m\u00f6glicherweise sogar sinken. In einem Gespr\u00e4ch erkl\u00e4rte Blatt, dass das neue Gesetz eine echte Chance sei, den Geldbeutel der B\u00fcrger zu entlasten. Wenn alles wie geplant umgesetzt wird, k\u00f6nnten die Beitr\u00e4ge im Durchschnitt zur\u00fcckgehen. Wie stark genau, ist allerdings noch unklar. Das h\u00e4ngt von der jeweiligen Kasse ab, da viele zun\u00e4chst ihre finanziellen R\u00fccklagen wieder auff\u00fcllen m\u00fcssen. Entscheidend wird sein, wie die Regierung \u00fcber das Paket entscheidet. Es geht um Einsparungen in H\u00f6he von fast 20 Milliarden Euro. Ein zentraler Streitpunkt ist dabei, wer k\u00fcnftig die Krankenkosten von B\u00fcrgergeldempf\u00e4ngern tr\u00e4gt. Derzeit werden diese von den Kassen \u00fcbernommen, doch viele fordern, dass der Staat diese Milliardenkosten tr\u00e4gt. Um den Bundeshaushalt nicht sofort zu \u00fcberlasten, schl\u00e4gt Blatt vor, diese Zahlungen schrittweise in den kommenden Jahren zu erh\u00f6hen.<br \/>\nQuelle: cash-online.de<\/p>\n<div id=\"attachment_77925\" style=\"width: 2570px\" class=\"wp-caption aligncenter\"><img loading=\"lazy\" decoding=\"async\" aria-describedby=\"caption-attachment-77925\" class=\"size-full wp-image-77925\" src=\"https:\/\/neueswochenblatt.pl\/wp-content\/uploads\/2026\/04\/Foto2-KW18lb-Vaterland-scaled.jpg\" alt=\"\" width=\"2560\" height=\"1706\" srcset=\"https:\/\/neueswochenblatt.pl\/wp-content\/uploads\/2026\/04\/Foto2-KW18lb-Vaterland-scaled.jpg 2560w, https:\/\/neueswochenblatt.pl\/wp-content\/uploads\/2026\/04\/Foto2-KW18lb-Vaterland-300x200.jpg 300w, https:\/\/neueswochenblatt.pl\/wp-content\/uploads\/2026\/04\/Foto2-KW18lb-Vaterland-1024x682.jpg 1024w, https:\/\/neueswochenblatt.pl\/wp-content\/uploads\/2026\/04\/Foto2-KW18lb-Vaterland-768x512.jpg 768w, https:\/\/neueswochenblatt.pl\/wp-content\/uploads\/2026\/04\/Foto2-KW18lb-Vaterland-1536x1024.jpg 1536w, https:\/\/neueswochenblatt.pl\/wp-content\/uploads\/2026\/04\/Foto2-KW18lb-Vaterland-2048x1365.jpg 2048w\" sizes=\"auto, (max-width: 2560px) 100vw, 2560px\" \/><p id=\"caption-attachment-77925\" class=\"wp-caption-text\">Nina Warken.<br \/>Foto: Katharina B\u00f6cker \/ Wikimedia Commons.<\/p><\/div>\n<h2>R\u00fcstungsausgaben steigen deutlich<\/h2>\n<p>Deutschlands Armee soll gest\u00e4rkt werden \u2013 vor allem durch h\u00f6here Investitionen. Die Bundesrepublik hat im vergangenen Jahr deutlich mehr Geld ausgegeben und die Milit\u00e4rausgaben um fast ein Viertel erh\u00f6ht. Insgesamt flossen 97 Milliarden Euro in die Verteidigung, womit Deutschland weltweit auf den vierten Platz bei den Milit\u00e4rausgaben vorger\u00fcckt ist. Das zeigt ein aktueller Bericht des Stockholmer Friedensforschungsinstituts (SIPRI). Auch weltweit steigen die Ausgaben weiter an: Insgesamt wurden fast drei Billionen US-Dollar f\u00fcr Milit\u00e4r und R\u00fcstung ausgegeben \u2013 so viel wie seit Langem nicht mehr. Besonders in Europa wird massiv aufger\u00fcstet. Gr\u00fcnde daf\u00fcr sind unter anderem der anhaltende Krieg zwischen Russland und der Ukraine sowie die wachsende Bereitschaft vieler NATO-Staaten, mehr in ihre Verteidigung zu investieren. Interessanterweise haben die USA ihre Ausgaben zuletzt etwas reduziert. Dies hing vor allem damit zusammen, dass Pr\u00e4sident Donald Trump die Unterst\u00fctzung f\u00fcr die Ukraine zeitweise gestoppt hatte. Experten gehen jedoch davon aus, dass dies nur eine vor\u00fcbergehende Entwicklung war und die USA bald wieder h\u00f6here Summen investieren werden. W\u00e4hrend die Ausgaben im Nahen Osten \u2013 etwa in Israel und im Iran \u2013 zuletzt leicht zur\u00fcckgingen, bleibt der globale Trend eindeutig: Die Welt r\u00fcstet auf. Deutschland spielt dabei inzwischen eine f\u00fchrende Rolle.<br \/>\nQuelle: militaeraktuell.at<\/p>\n<div id=\"attachment_77931\" style=\"width: 2570px\" class=\"wp-caption aligncenter\"><img loading=\"lazy\" decoding=\"async\" aria-describedby=\"caption-attachment-77931\" class=\"size-full wp-image-77931\" src=\"https:\/\/neueswochenblatt.pl\/wp-content\/uploads\/2026\/04\/DO-GRAFIKI-filip-andrejevic-1LTunOck3es-unsplash-scaled.jpg\" alt=\"\" width=\"2560\" height=\"1707\" srcset=\"https:\/\/neueswochenblatt.pl\/wp-content\/uploads\/2026\/04\/DO-GRAFIKI-filip-andrejevic-1LTunOck3es-unsplash-scaled.jpg 2560w, https:\/\/neueswochenblatt.pl\/wp-content\/uploads\/2026\/04\/DO-GRAFIKI-filip-andrejevic-1LTunOck3es-unsplash-300x200.jpg 300w, https:\/\/neueswochenblatt.pl\/wp-content\/uploads\/2026\/04\/DO-GRAFIKI-filip-andrejevic-1LTunOck3es-unsplash-1024x683.jpg 1024w, https:\/\/neueswochenblatt.pl\/wp-content\/uploads\/2026\/04\/DO-GRAFIKI-filip-andrejevic-1LTunOck3es-unsplash-768x512.jpg 768w, https:\/\/neueswochenblatt.pl\/wp-content\/uploads\/2026\/04\/DO-GRAFIKI-filip-andrejevic-1LTunOck3es-unsplash-1536x1024.jpg 1536w, https:\/\/neueswochenblatt.pl\/wp-content\/uploads\/2026\/04\/DO-GRAFIKI-filip-andrejevic-1LTunOck3es-unsplash-2048x1365.jpg 2048w\" sizes=\"auto, (max-width: 2560px) 100vw, 2560px\" \/><p id=\"caption-attachment-77931\" class=\"wp-caption-text\">Foto: Unsplash\/filip-andrejevic<\/p><\/div>\n<h2>Tabaksteuer wird zum Thema<\/h2>\n<p>Schon bald k\u00f6nnte es einen weiteren Anreiz geben, mit dem Rauchen aufzuh\u00f6ren. Bundesfinanzminister Lars Klingbeil stellt eine neue Steuer in Aussicht. Sollten seine Pl\u00e4ne umgesetzt werden, m\u00fcssen Raucher in Deutschland k\u00fcnftig deutlich mehr bezahlen. Geplant ist, die Tabaksteuer in zwei Stufen anzuheben \u2013 und zwar bereits ab September 2026. Insgesamt sollen die Abgaben um rund 20 Prozent steigen. Wer derzeit etwa acht oder neun Euro f\u00fcr eine Schachtel zahlt, muss sich auf sp\u00fcrbare Preiserh\u00f6hungen einstellen. Die erste Anhebung soll am 1. September 2026 in Kraft treten und den Preis pro Packung um mehr als einen Euro erh\u00f6hen. Zum Jahreswechsel folgt dann die zweite Stufe. Am Ende k\u00f6nnte eine Schachtel mit 20 Zigaretten bis zu 10,80 Euro kosten. F\u00fcr Paare, in denen beide rauchen, bedeutet das eine erhebliche finanzielle Belastung: Experten sch\u00e4tzen, dass solche Haushalte j\u00e4hrlich rund 1.200 Euro mehr ausgeben m\u00fcssten. Vertreter gro\u00dfer Tabakkonzerne wie Philip Morris International sowie Branchenverb\u00e4nde warnen jedoch davor, dass viele Raucher bei steigenden Preisen auf illegale Produkte oder Schmuggelware ausweichen k\u00f6nnten.<br \/>\nQuelle: nius.de<\/p>\n<div id=\"attachment_77927\" style=\"width: 2570px\" class=\"wp-caption aligncenter\"><img loading=\"lazy\" decoding=\"async\" aria-describedby=\"caption-attachment-77927\" class=\"size-full wp-image-77927\" src=\"https:\/\/neueswochenblatt.pl\/wp-content\/uploads\/2026\/04\/haim-charbit-KThe9Aw7IFk-unsplash-scaled.jpg\" alt=\"\" width=\"2560\" height=\"1707\" srcset=\"https:\/\/neueswochenblatt.pl\/wp-content\/uploads\/2026\/04\/haim-charbit-KThe9Aw7IFk-unsplash-scaled.jpg 2560w, https:\/\/neueswochenblatt.pl\/wp-content\/uploads\/2026\/04\/haim-charbit-KThe9Aw7IFk-unsplash-300x200.jpg 300w, https:\/\/neueswochenblatt.pl\/wp-content\/uploads\/2026\/04\/haim-charbit-KThe9Aw7IFk-unsplash-1024x683.jpg 1024w, https:\/\/neueswochenblatt.pl\/wp-content\/uploads\/2026\/04\/haim-charbit-KThe9Aw7IFk-unsplash-768x512.jpg 768w, https:\/\/neueswochenblatt.pl\/wp-content\/uploads\/2026\/04\/haim-charbit-KThe9Aw7IFk-unsplash-1536x1024.jpg 1536w, https:\/\/neueswochenblatt.pl\/wp-content\/uploads\/2026\/04\/haim-charbit-KThe9Aw7IFk-unsplash-2048x1365.jpg 2048w\" sizes=\"auto, (max-width: 2560px) 100vw, 2560px\" \/><p id=\"caption-attachment-77927\" class=\"wp-caption-text\">Foto: Haim Charbit\/unsplash<\/p><\/div>\n<p style=\"text-align: right;\"><strong>\u0141ukasz Bi\u0142y<\/strong><\/p>\n","protected":false},"excerpt":{"rendered":"<p>Unser Format \u201eVaterland\u201c fasst alle wichtigen Neuigkeiten aus der Bundesrepublik Deutschland f\u00fcr Sie zusammen. Politik, Wirtschaft, Gesellschaft und Kultur in der Bundesrepublik auf einen Blick.\u00a0<\/p>\n","protected":false},"author":261,"featured_media":77899,"comment_status":"closed","ping_status":"open","sticky":false,"template":"","format":"standard","meta":{"_acf_changed":false,"footnotes":""},"categories":[4232],"tags":[6817,6520,7749,5946,7751,7750,6746],"redaktor":[6080],"class_list":["post-77924","post","type-post","status-publish","format-standard","has-post-thumbnail","hentry","category-politik-de","tag-berlin-de","tag-friedrich-merz-de","tag-helmut-kohl-allee","tag-lars-klingbeil-de","tag-nina-warken-de","tag-tabaksteuer","tag-vaterland-de","redaktor-lukasz-bily-de"],"acf":[],"_links":{"self":[{"href":"https:\/\/neueswochenblatt.pl\/de\/wp-json\/wp\/v2\/posts\/77924","targetHints":{"allow":["GET"]}}],"collection":[{"href":"https:\/\/neueswochenblatt.pl\/de\/wp-json\/wp\/v2\/posts"}],"about":[{"href":"https:\/\/neueswochenblatt.pl\/de\/wp-json\/wp\/v2\/types\/post"}],"author":[{"embeddable":true,"href":"https:\/\/neueswochenblatt.pl\/de\/wp-json\/wp\/v2\/users\/261"}],"replies":[{"embeddable":true,"href":"https:\/\/neueswochenblatt.pl\/de\/wp-json\/wp\/v2\/comments?post=77924"}],"version-history":[{"count":4,"href":"https:\/\/neueswochenblatt.pl\/de\/wp-json\/wp\/v2\/posts\/77924\/revisions"}],"predecessor-version":[{"id":78040,"href":"https:\/\/neueswochenblatt.pl\/de\/wp-json\/wp\/v2\/posts\/77924\/revisions\/78040"}],"wp:featuredmedia":[{"embeddable":true,"href":"https:\/\/neueswochenblatt.pl\/de\/wp-json\/wp\/v2\/media\/77899"}],"wp:attachment":[{"href":"https:\/\/neueswochenblatt.pl\/de\/wp-json\/wp\/v2\/media?parent=77924"}],"wp:term":[{"taxonomy":"category","embeddable":true,"href":"https:\/\/neueswochenblatt.pl\/de\/wp-json\/wp\/v2\/categories?post=77924"},{"taxonomy":"post_tag","embeddable":true,"href":"https:\/\/neueswochenblatt.pl\/de\/wp-json\/wp\/v2\/tags?post=77924"},{"taxonomy":"redaktor","embeddable":true,"href":"https:\/\/neueswochenblatt.pl\/de\/wp-json\/wp\/v2\/redaktor?post=77924"}],"curies":[{"name":"wp","href":"https:\/\/api.w.org\/{rel}","templated":true}]}}