{"id":77851,"date":"2026-04-30T17:00:42","date_gmt":"2026-04-30T15:00:42","guid":{"rendered":"https:\/\/neueswochenblatt.pl\/?p=77851"},"modified":"2026-04-30T09:45:19","modified_gmt":"2026-04-30T07:45:19","slug":"sebastian-boenisch-der-europameister-aus-gleiwitz-fussball-unsere-leute-unter-sich-von-oberschlesien-nach-deutschland","status":"publish","type":"post","link":"https:\/\/neueswochenblatt.pl\/de\/sebastian-boenisch-der-europameister-aus-gleiwitz-fussball-unsere-leute-unter-sich-von-oberschlesien-nach-deutschland\/","title":{"rendered":"Sebastian Boenisch \u2013 der Europameister aus Gleiwitz"},"content":{"rendered":"<h1>Unsere Leute unter sich \u2013 von Oberschlesien nach Deutschland<\/h1>\n<p><strong>Seit einigen Wochen pr\u00e4sentieren wir in unseren Spalten eine Serie \u00fcber die bekanntesten oberschlesischen Fu\u00dfballer, die in der 1. Bundesliga gro\u00dfe Karrieren gemacht haben und von denen einige sogar f\u00fcr die deutsche Nationalmannschaft spielten. Die bekanntesten sind nat\u00fcrlich die Weltmeister Miros\u0142aw Klose und Lukas Podolski, die mit der deutschen Nationalmannschaft 2014 Weltmeister wurden, sowie der in Kattowitz geborene Richard Herrmann, der im Trikot der \u201eAdler\u201c bei der Weltmeisterschaft 1954 triumphierte.<\/strong><\/p>\n<p><!--more--><\/p>\n<p>Doch im Schatten dieses Trios stehen viele weitere Oberschlesier, die im deutschen Fu\u00dfball eine bedeutende Rolle gespielt haben und denen man sich genauer widmen sollte. In drei fr\u00fcheren Folgen stellten wir bereits die Geschichte des in Tarnowitz geborenen Martin Max vor, den Jungen aus Deutsch Piekar Dariusz Wosz sowie den in Krappitz geborenen und aus Walzen stammenden Sebastian Schindzielorz. Der Protagonist der heutigen Folge ist Sebastian Boenisch. Seine Urgro\u00dfmutter Eleonora Boenisch war eine Schlesierin deutscher Herkunft, die allein sechs Kinder gro\u00dfzog, da ihr Mann nicht aus dem Krieg zur\u00fcckkehrte. Im Nachkriegspolen musste sie jedoch aufgrund administrativen Drucks ihren Namen in Pniowska \u00e4ndern. Deshalb kam Sebastian, geboren am 1. Februar 1987 in Gleiwitz, unter dem Namen Pniowski zur Welt, den auch sein Vater Peter trug. 1988 zog Sebastian Boenisch mit seiner Familie nach Deutschland. Zun\u00e4chst lebte er mit seinen Eltern in einem Fl\u00fcchtlingslager bei Dortmund. Nachdem die Formalit\u00e4ten gekl\u00e4rt waren und die deutschen Beh\u00f6rden der Familie den Namen Boenisch zur\u00fcckgegeben hatten, zog er nach Heiligenhaus bei Essen.<\/p>\n<div id=\"attachment_77860\" style=\"width: 340px\" class=\"wp-caption aligncenter\"><img loading=\"lazy\" decoding=\"async\" aria-describedby=\"caption-attachment-77860\" class=\"size-full wp-image-77860\" src=\"https:\/\/neueswochenblatt.pl\/wp-content\/uploads\/2026\/04\/Sebastian_Boenisch.jpg\" alt=\"\" width=\"330\" height=\"598\" srcset=\"https:\/\/neueswochenblatt.pl\/wp-content\/uploads\/2026\/04\/Sebastian_Boenisch.jpg 330w, https:\/\/neueswochenblatt.pl\/wp-content\/uploads\/2026\/04\/Sebastian_Boenisch-166x300.jpg 166w\" sizes=\"auto, (max-width: 330px) 100vw, 330px\" \/><p id=\"caption-attachment-77860\" class=\"wp-caption-text\">Sebastian Boenisch im Jahr 2009 beim Feiern des DFB-Pokalsiegs.<br \/>Foto: Wikipedia<\/p><\/div>\n<h2>Deb\u00fcts und Verletzungen<\/h2>\n<p>Sebastian Boenisch begann seine Fu\u00dfballkarriere beim Verein SSVg Heiligenhaus, sp\u00e4ter spielte er auch f\u00fcr Borussia Velbert und Rot-Wei\u00df Oberhausen, wo er sich schnell entwickelte. Dies fiel den Talentscouts des FC Schalke 04 auf, die ihn 2003 verpflichteten. Dort integrierte er sich rasch. Bereits in der Saison 2005\/2006 wurde er mit elf erzielten Toren drittbester Torsch\u00fctze der Jugendliga, was eine gro\u00dfe Profikarriere versprach.<\/p>\n<p>In der Bundesliga deb\u00fctierte er im Alter von 19 Jahren \u2013 am 11. Februar 2006, als Schalke 04 Bayer 04 Leverkusen mit 7:4 besiegte. F\u00fcnf Tage sp\u00e4ter bestritt er sein erstes Spiel im UEFA-Pokal gegen Espanyol Barcelona. Dank starker Leistungen \u00fcberzeugte die Vereinsf\u00fchrung ihn im Mai 2007, seinen Vertrag bis 2010 zu verl\u00e4ngern.<\/p>\n<p>Als es jedoch schien, dass er sich zur festen St\u00fctze der Mannschaft entwickeln w\u00fcrde, begannen seine Verletzungsprobleme. Zu Beginn der Saison 2007\/2008 schaffte er es nicht in den Kader und wechselte im August desselben Jahres zu Werder Bremen. Dort entwickelte er sich positiv und gewann mit dem Verein 2009 den DFB-Pokal. Doch im September 2010 erlitt er eine schwere Knieverletzung.<\/p>\n<h2>Von Deutschland nach \u00d6sterreich<\/h2>\n<p>Nach der Operation prognostizierten die \u00c4rzte eine R\u00fcckkehr im Dezember 2011 \u2013 und so kam es auch. Zun\u00e4chst spielte er in der dritten Liga f\u00fcr die zweite Mannschaft von Werder Bremen, danach kehrte er in den Profikader zur\u00fcck, blieb jedoch zun\u00e4chst Ersatzspieler. Erst am 24. M\u00e4rz 2012 kam er im Bundesligaspiel gegen den FC Augsburg wieder zum Einsatz.<\/p>\n<p>Sein Vertrag lief am 30. Juni 2012 aus. Nachdem er eine Verl\u00e4ngerung abgelehnt hatte, war er bis November vereinslos und schloss sich anschlie\u00dfend erneut Bayer 04 Leverkusen an. Dort deb\u00fctierte er am 11. November 2012 gegen den VfL Wolfsburg. Sein erstes Tor f\u00fcr Leverkusen erzielte er am 19. Januar im Bundesligaspiel gegen Eintracht Frankfurt.<\/p>\n<blockquote>\n<p style=\"text-align: center;\"><span style=\"color: #ffcc00;\"><strong>Die Geschichte der L\u00e4nderspieleins\u00e4tze von Sebastian Boenisch begann in der deutschen U20- und U21-Nationalmannschaft, mit der er 2009 Europameister wurde.<\/strong><\/span><\/p>\n<\/blockquote>\n<p>Leverkusen verlie\u00df er 2016 und unterschrieb beim Zweitligisten TSV 1860 M\u00fcnchen, wo er jedoch nicht mehr an fr\u00fchere Leistungen ankn\u00fcpfen konnte. Sp\u00e4ter spielte er noch f\u00fcr den Floridsdorfer AC und den 1. Wiener Neust\u00e4dter SC.<\/p>\n<h2>Nationalmannschaftsgeschichte<\/h2>\n<p>Seine internationale Karriere begann in der deutschen U20- (4 Eins\u00e4tze) und U21-Nationalmannschaft (13 Eins\u00e4tze), mit der er 2009 Europameister wurde \u2013 einer der gr\u00f6\u00dften Erfolge seiner Karriere. Sein Ziel war jedoch die A-Nationalmannschaft Deutschlands. Da sich diese Perspektive nicht erf\u00fcllte, entschied er sich 2010 auf Initiative des damaligen polnischen Nationaltrainers Franciszek Smuda, f\u00fcr die polnische Nationalmannschaft zu spielen.<\/p>\n<p>Am 20. August 2010 wurde er erstmals nominiert. Bei der Europameisterschaft 2012 absolvierte er alle drei Spiele der polnischen Mannschaft \u00fcber die volle Distanz. Insgesamt bestritt er 14 L\u00e4nderspiele f\u00fcr Polen.<\/p>\n<p style=\"text-align: right;\"><strong>Krzysztof \u015awierc<\/strong><\/p>\n","protected":false},"excerpt":{"rendered":"<p>Unsere Leute unter sich \u2013 von Oberschlesien nach Deutschland Seit einigen Wochen pr\u00e4sentieren wir in unseren Spalten eine Serie \u00fcber die bekanntesten oberschlesischen Fu\u00dfballer, die in der 1. Bundesliga gro\u00dfe Karrieren gemacht haben und von denen einige sogar f\u00fcr die deutsche Nationalmannschaft spielten. Die bekanntesten sind nat\u00fcrlich die Weltmeister Miros\u0142aw Klose und Lukas Podolski, die [&hellip;]<\/p>\n","protected":false},"author":261,"featured_media":77856,"comment_status":"closed","ping_status":"open","sticky":false,"template":"","format":"standard","meta":{"_acf_changed":false,"footnotes":""},"categories":[4234],"tags":[7462,7701,6412,7700,7703,7702],"redaktor":[6052],"class_list":["post-77851","post","type-post","status-publish","format-standard","has-post-thumbnail","hentry","category-sport-de","tag-bundesliga-de","tag-der-europameister-aus-gleiwitz","tag-gleiwitz-de","tag-sebastian-boenisch","tag-unsere-leute-unter-sich-von-oberschlesien-nach-deutschland","tag-werder-bremen","redaktor-krzysztof-swierc-de"],"acf":[],"_links":{"self":[{"href":"https:\/\/neueswochenblatt.pl\/de\/wp-json\/wp\/v2\/posts\/77851","targetHints":{"allow":["GET"]}}],"collection":[{"href":"https:\/\/neueswochenblatt.pl\/de\/wp-json\/wp\/v2\/posts"}],"about":[{"href":"https:\/\/neueswochenblatt.pl\/de\/wp-json\/wp\/v2\/types\/post"}],"author":[{"embeddable":true,"href":"https:\/\/neueswochenblatt.pl\/de\/wp-json\/wp\/v2\/users\/261"}],"replies":[{"embeddable":true,"href":"https:\/\/neueswochenblatt.pl\/de\/wp-json\/wp\/v2\/comments?post=77851"}],"version-history":[{"count":3,"href":"https:\/\/neueswochenblatt.pl\/de\/wp-json\/wp\/v2\/posts\/77851\/revisions"}],"predecessor-version":[{"id":77938,"href":"https:\/\/neueswochenblatt.pl\/de\/wp-json\/wp\/v2\/posts\/77851\/revisions\/77938"}],"wp:featuredmedia":[{"embeddable":true,"href":"https:\/\/neueswochenblatt.pl\/de\/wp-json\/wp\/v2\/media\/77856"}],"wp:attachment":[{"href":"https:\/\/neueswochenblatt.pl\/de\/wp-json\/wp\/v2\/media?parent=77851"}],"wp:term":[{"taxonomy":"category","embeddable":true,"href":"https:\/\/neueswochenblatt.pl\/de\/wp-json\/wp\/v2\/categories?post=77851"},{"taxonomy":"post_tag","embeddable":true,"href":"https:\/\/neueswochenblatt.pl\/de\/wp-json\/wp\/v2\/tags?post=77851"},{"taxonomy":"redaktor","embeddable":true,"href":"https:\/\/neueswochenblatt.pl\/de\/wp-json\/wp\/v2\/redaktor?post=77851"}],"curies":[{"name":"wp","href":"https:\/\/api.w.org\/{rel}","templated":true}]}}