{"id":77756,"date":"2026-04-29T17:00:50","date_gmt":"2026-04-29T15:00:50","guid":{"rendered":"https:\/\/neueswochenblatt.pl\/?p=77756"},"modified":"2026-04-28T15:28:31","modified_gmt":"2026-04-28T13:28:31","slug":"was-war-diese-woche-wieder-los-in-den-dfk-ortsgruppen-und-was-steht-noch-an-woche-im-dfk-2","status":"publish","type":"post","link":"https:\/\/neueswochenblatt.pl\/de\/was-war-diese-woche-wieder-los-in-den-dfk-ortsgruppen-und-was-steht-noch-an-woche-im-dfk-2\/","title":{"rendered":"Woche im DFK"},"content":{"rendered":"<h1>Was war diese Woche wieder los in den DFK-Ortsgruppen? Und was steht noch an?<\/h1>\n<p><!--more--><\/p>\n<h3>35 Jahre deutschsprachige Messen in Rydultau<\/h3>\n<p>Am 25. April 2026 wurde in der St.-Georg-Kirche in Rydultau eine feierliche heilige Messe anl\u00e4sslich des 35-j\u00e4hrigen Bestehens der Liturgie in deutscher Sprache gefeiert. Der Jubil\u00e4umsgottesdienst versammelte Gl\u00e4ubige, die der Tradition der deutschsprachigen Messen verbunden sind, die seit \u00fcber drei Jahrzehnten ein wichtiger Bestandteil des religi\u00f6sen Lebens der lokalen Gemeinschaft sind. Die Feier bot Gelegenheit zum gemeinsamen Gebet sowie zur Hervorhebung der Bedeutung der Pflege von Sprache und kultureller Identit\u00e4t.<\/p>\n<div id=\"attachment_77764\" style=\"width: 1610px\" class=\"wp-caption aligncenter\"><img loading=\"lazy\" decoding=\"async\" aria-describedby=\"caption-attachment-77764\" class=\"size-full wp-image-77764\" src=\"https:\/\/neueswochenblatt.pl\/wp-content\/uploads\/2026\/04\/DO-GRAFIKI-dfk-rogau.jpg\" alt=\"\" width=\"1600\" height=\"1200\" \/><p id=\"caption-attachment-77764\" class=\"wp-caption-text\">Foto: FB\/DFK Rogau<\/p><\/div>\n<h3>Jugendworkshop in Allenstein: Sprache und Tradition in der Praxis<\/h3>\n<p>Am 16. April 2026 fand in Allenstein ein Workshop f\u00fcr Jugendliche statt, organisiert vom Verband der deutschen Gesellschaften in Ermland und Masuren. Insgesamt nahmen 15 engagierte Teilnehmerinnen und Teilnehmer teil.<\/p>\n<p>Die Jugendlichen hatten die M\u00f6glichkeit, deutsche Fr\u00fchlingsbr\u00e4uche kennenzulernen, ihren Wortschatz zu erweitern und die deutsche Sprache aktiv in der Praxis anzuwenden. Das Programm umfasste sowohl Sprach\u00fcbungen als auch einen kreativen Teil. Gemeinsam gestalteten die Teilnehmenden Fr\u00fchlingsdekorationen und verbanden dabei Sprachlernen mit k\u00fcnstlerischen Aktivit\u00e4ten.<\/p>\n<div id=\"attachment_77766\" style=\"width: 1610px\" class=\"wp-caption aligncenter\"><img loading=\"lazy\" decoding=\"async\" aria-describedby=\"caption-attachment-77766\" class=\"size-full wp-image-77766\" src=\"https:\/\/neueswochenblatt.pl\/wp-content\/uploads\/2026\/04\/allenstein.jpg\" alt=\"\" width=\"1600\" height=\"720\" srcset=\"https:\/\/neueswochenblatt.pl\/wp-content\/uploads\/2026\/04\/allenstein.jpg 1600w, https:\/\/neueswochenblatt.pl\/wp-content\/uploads\/2026\/04\/allenstein-300x135.jpg 300w, https:\/\/neueswochenblatt.pl\/wp-content\/uploads\/2026\/04\/allenstein-1024x461.jpg 1024w, https:\/\/neueswochenblatt.pl\/wp-content\/uploads\/2026\/04\/allenstein-768x346.jpg 768w, https:\/\/neueswochenblatt.pl\/wp-content\/uploads\/2026\/04\/allenstein-1536x691.jpg 1536w\" sizes=\"auto, (max-width: 1600px) 100vw, 1600px\" \/><p id=\"caption-attachment-77766\" class=\"wp-caption-text\">Foto: Konsolidierung der Begegnungsst\u00e4tten<\/p><\/div>\n<h3>Walzen: Abend f\u00fcr M\u00fctter und V\u00e4ter<\/h3>\n<p>Am 27. Mai findet in Walzen ein Begegnungsabend unter dem Motto \u201eWenn die Kinder schlafen \u2013 feiern Mamas und Papas!\u201c statt. Die Veranstaltung ist offen f\u00fcr alle Interessierten.<\/p>\n<p><img loading=\"lazy\" decoding=\"async\" class=\"aligncenter size-full wp-image-77770\" src=\"https:\/\/neueswochenblatt.pl\/wp-content\/uploads\/2026\/04\/dfk-walzen.jpg\" alt=\"\" width=\"1054\" height=\"1492\" srcset=\"https:\/\/neueswochenblatt.pl\/wp-content\/uploads\/2026\/04\/dfk-walzen.jpg 1054w, https:\/\/neueswochenblatt.pl\/wp-content\/uploads\/2026\/04\/dfk-walzen-212x300.jpg 212w, https:\/\/neueswochenblatt.pl\/wp-content\/uploads\/2026\/04\/dfk-walzen-723x1024.jpg 723w, https:\/\/neueswochenblatt.pl\/wp-content\/uploads\/2026\/04\/dfk-walzen-768x1087.jpg 768w\" sizes=\"auto, (max-width: 1054px) 100vw, 1054px\" \/><\/p>\n<p>Beginn ist um 17:00 Uhr im Kultur- und Lesezentrum in Walzen. Die Organisatoren k\u00fcndigen einen gemeinsamen Abend mit Live-Musik, Imbiss und Abendessen sowie weiteren Attraktionen an.<\/p>\n<p>Die Teilnahme kostet 70 Z\u0142oty f\u00fcr Mitglieder der deutschen Minderheit und 85 Z\u0142oty f\u00fcr alle \u00fcbrigen Teilnehmenden. Anmeldungen werden bis zum 22. Mai bei den Vertreterinnen der DFK-Ortsgruppen entgegengenommen.<\/p>\n<h3>Stubendorf: Informationsveranstaltung mit Vertretern der Sozialversicherungsanstalt<\/h3>\n<p>Der Gemeindevorstand der Sozial-Kulturelle Gesellschaft der Deutschen im Oppelner Schlesien in Stubendorf sowie die DFK der Gemeinde Stubendorf laden zu einem Informationstreffen mit Vertretern der Sozialversicherungsanstalt (Zak\u0142ad Ubezpiecze\u0144 Spo\u0142ecznych ZUS) ein.<\/p>\n<p>Die Veranstaltung findet am Dienstag, dem 5. Mai 2026, um 10:00 Uhr im DFK-Saal in Stubendorf (ul. Powsta\u0144c\u00f3w \u015al\u0105skich 17a) statt. Das Treffen wird im Rahmen von Aktivit\u00e4ten f\u00fcr Seniorinnen und Senioren organisiert, steht jedoch allen Interessierten offen.<\/p>\n<p><img loading=\"lazy\" decoding=\"async\" class=\"aligncenter size-full wp-image-77772\" src=\"https:\/\/neueswochenblatt.pl\/wp-content\/uploads\/2026\/04\/DFK-Izbicko.jpg\" alt=\"\" width=\"1131\" height=\"1600\" srcset=\"https:\/\/neueswochenblatt.pl\/wp-content\/uploads\/2026\/04\/DFK-Izbicko.jpg 1131w, https:\/\/neueswochenblatt.pl\/wp-content\/uploads\/2026\/04\/DFK-Izbicko-212x300.jpg 212w, https:\/\/neueswochenblatt.pl\/wp-content\/uploads\/2026\/04\/DFK-Izbicko-724x1024.jpg 724w, https:\/\/neueswochenblatt.pl\/wp-content\/uploads\/2026\/04\/DFK-Izbicko-768x1086.jpg 768w, https:\/\/neueswochenblatt.pl\/wp-content\/uploads\/2026\/04\/DFK-Izbicko-1086x1536.jpg 1086w\" sizes=\"auto, (max-width: 1131px) 100vw, 1131px\" \/><\/p>\n<p>Im Mittelpunkt stehen Fragen zum Unterst\u00fctzungsleistungssystem sowie weitere Unterst\u00fctzungsangebote der ZUS f\u00fcr \u00e4ltere und pflegebed\u00fcrftige Menschen. Nach dem Pr\u00e4sentationsteil besteht die M\u00f6glichkeit, Fragen zu stellen und individuelle Ausk\u00fcnfte zu erhalten \u2013 hierf\u00fcr ist ein Ausweisdokument erforderlich.<\/p>\n<p>Die Organisatoren weisen darauf hin, dass f\u00fcr Ausk\u00fcnfte zu konkreten F\u00e4llen anderer Personen eine entsprechende Vollmacht erforderlich ist, die im Gemeindeamt Stubendorf erh\u00e4ltlich ist. Aus organisatorischen Gr\u00fcnden wird um eine vorherige Anmeldung unter der Telefonnummer 571 345 200 gebeten, sie ist jedoch nicht verpflichtend.<\/p>\n<h3>Guttentag: \u201eJugendpunkt\u201c startet f\u00fcr Jugendliche<\/h3>\n<p>In Guttentag startet ein neues Projekt f\u00fcr Jugendliche \u2013 \u201eJugendpunkt\u201c. Die Initiative hat einen sprachlich-kulturellen Charakter und richtet sich an junge Menschen im Alter von 12 bis 16 Jahren. Die Treffen finden im DFK-Saal in Guttentag statt, der Beginn ist f\u00fcr die zweite Maih\u00e4lfte geplant.<\/p>\n<p><img loading=\"lazy\" decoding=\"async\" class=\"aligncenter size-full wp-image-77768\" src=\"https:\/\/neueswochenblatt.pl\/wp-content\/uploads\/2026\/04\/dfk-jugend.jpg\" alt=\"\" width=\"1132\" height=\"1600\" srcset=\"https:\/\/neueswochenblatt.pl\/wp-content\/uploads\/2026\/04\/dfk-jugend.jpg 1132w, https:\/\/neueswochenblatt.pl\/wp-content\/uploads\/2026\/04\/dfk-jugend-212x300.jpg 212w, https:\/\/neueswochenblatt.pl\/wp-content\/uploads\/2026\/04\/dfk-jugend-724x1024.jpg 724w, https:\/\/neueswochenblatt.pl\/wp-content\/uploads\/2026\/04\/dfk-jugend-768x1086.jpg 768w, https:\/\/neueswochenblatt.pl\/wp-content\/uploads\/2026\/04\/dfk-jugend-1087x1536.jpg 1087w\" sizes=\"auto, (max-width: 1132px) 100vw, 1132px\" \/><\/p>\n<p>\u201eJugendpunkt\u201c schafft einen Raum f\u00fcr Jugendliche der deutschen Minderheit, in dem sie eigene Ideen und Initiativen entwickeln k\u00f6nnen. Der Club wird von einer qualifizierten Animatorin geleitet und umfasst 12 Treffen im Laufe eines Jahres. Das Programm wird an die Interessen der Teilnehmenden angepasst. Organisator ist der Bund der Jugend der Deutschen Minderheit.<\/p>\n<p>Die Treffen haben die Form von Workshops, \u00dcbungen und Diskussionen und f\u00f6rdern die aktive Teilnahme sowie den freien Gebrauch der deutschen Sprache im Alltag.<\/p>\n<p>Die Teilnahme ist kostenlos. Anmeldungen werden bis zum 15. Mai entgegengenommen. Ansprechpartnerin ist Melissa Adler (Tel. 536 101 877).<\/p>\n<p data-start=\"0\" data-end=\"55\"><strong data-start=\"0\" data-end=\"55\">Fr\u00fchlingsworkshop mit Deutsch in Breslau<\/strong><\/p>\n<p data-start=\"57\" data-end=\"420\">Am 24. April 2026 fand im Sitz des Deutschen Sozial-Kulturellen Gesellschaft (TKS) in Breslau der Workshop \u201eDeutschsprachiger Fr\u00fchlings- und Ostertraditionen-Workshop f\u00fcr Kinder und ihre Familien\u201c statt. An der Veranstaltung nahmen Kinder und ihre Familien teil, die gemeinsam Zeit verbrachten, Deutsch lernten und Fr\u00fchlings- sowie Ostertraditionen kennenlernten.<\/p>\n<p data-start=\"422\" data-end=\"826\">Zu Beginn wurden die Teilnehmer herzlich begr\u00fc\u00dft. Frau Krystyna Kadlewicz teilte Erinnerungen aus ihrer Kindheit und Jugend und berichtete \u00fcber fr\u00fchere Fr\u00fchlings- und Osterbr\u00e4uche, darunter auch die polnische Tradition des Marzanna-Ertr\u00e4nkens. Auch die Mitglieder des Vereins erz\u00e4hlten gerne von ihren Erfahrungen beim Verzieren von Ostereiern, was zu einer sehr warmen und famili\u00e4ren Atmosph\u00e4re beitrug.<\/p>\n<p data-start=\"828\" data-end=\"1086\">Der n\u00e4chste Teil hatte einen edukativen Charakter \u2013 die Kinder lernten neues deutsches Vokabular mithilfe einer Pr\u00e4sentation, Kreuzwortr\u00e4tseln, R\u00e4tseln sowie \u00dcbungen mit Bildern. So konnten sie die neuen W\u00f6rter auf spielerische und praktische Weise festigen.<\/p>\n<p data-start=\"1088\" data-end=\"1266\">Anschlie\u00dfend war Kreativit\u00e4t gefragt: Die Kinder gestalteten Bastelarbeiten wie bunte Collagen, Gru\u00dfkarten und Fr\u00fchlingsplakate, die mit deutschen Beschriftungen versehen wurden.<\/p>\n<p data-start=\"1268\" data-end=\"1424\">Ein besonderes Highlight war auch die \u201eEiersuche\u201c im Garten, die den Kindern viel Freude bereitete und ihnen erm\u00f6glichte, das Gelernte praktisch anzuwenden.<\/p>\n<div id=\"attachment_77805\" style=\"width: 2058px\" class=\"wp-caption alignnone\"><img loading=\"lazy\" decoding=\"async\" aria-describedby=\"caption-attachment-77805\" class=\"size-full wp-image-77805\" src=\"https:\/\/neueswochenblatt.pl\/wp-content\/uploads\/2026\/04\/680274475_1387453883424377_517334283166582595_n.jpg\" alt=\"\" width=\"2048\" height=\"1536\" srcset=\"https:\/\/neueswochenblatt.pl\/wp-content\/uploads\/2026\/04\/680274475_1387453883424377_517334283166582595_n.jpg 2048w, https:\/\/neueswochenblatt.pl\/wp-content\/uploads\/2026\/04\/680274475_1387453883424377_517334283166582595_n-300x225.jpg 300w, https:\/\/neueswochenblatt.pl\/wp-content\/uploads\/2026\/04\/680274475_1387453883424377_517334283166582595_n-1024x768.jpg 1024w, https:\/\/neueswochenblatt.pl\/wp-content\/uploads\/2026\/04\/680274475_1387453883424377_517334283166582595_n-768x576.jpg 768w, https:\/\/neueswochenblatt.pl\/wp-content\/uploads\/2026\/04\/680274475_1387453883424377_517334283166582595_n-1536x1152.jpg 1536w\" sizes=\"auto, (max-width: 2048px) 100vw, 2048px\" \/><p id=\"caption-attachment-77805\" class=\"wp-caption-text\">Foto: DSKG Breslau<\/p><\/div>\n<p data-start=\"1426\" data-end=\"1723\">Zum Abschluss verbrachten die Teilnehmer Zeit bei einem gemeinsamen Imbiss mit Kaffee, Tee und Kuchen und tauschten ihre Eindr\u00fccke aus. Der Workshopraum war zudem liebevoll mit Fr\u00fchlingsblumen aus dem eigenen Garten dekoriert, was den besonderen Charakter der Veranstaltung zus\u00e4tzlich unterstrich.<\/p>\n<p data-start=\"1725\" data-end=\"1837\">Es war ein Tag voller L\u00e4cheln, Lernen und gemeinsamer Zeit in einer sehr freundlichen und famili\u00e4ren Atmosph\u00e4re.<\/p>\n<p data-start=\"1839\" data-end=\"1847\" data-is-last-node=\"\" data-is-only-node=\"\">\n<p style=\"text-align: right;\"><strong>Anna Durecka<\/strong><\/p>\n","protected":false},"excerpt":{"rendered":"<p>Was war diese Woche wieder los in den DFK-Ortsgruppen? Und was steht noch an?<\/p>\n","protected":false},"author":261,"featured_media":77764,"comment_status":"closed","ping_status":"open","sticky":false,"template":"","format":"standard","meta":{"_acf_changed":false,"footnotes":""},"categories":[5625],"tags":[6343,5929,5926,5925,7672,7670,7671,7669,5923],"redaktor":[5629],"class_list":["post-77756","post","type-post","status-publish","format-standard","has-post-thumbnail","hentry","category-kultur-de","tag-allenstein-de","tag-dfk-guttentag-de","tag-dfk-rogau-de","tag-dfk-stubendorf-de","tag-dfk-walzen-de","tag-jugendworkshop-in-allenstein","tag-konsolidierung-der-begegnungsstaetten","tag-st-georg-kirche-in-rydultau","tag-woche-im-dfk-de","redaktor-anna-durecka-de"],"acf":[],"_links":{"self":[{"href":"https:\/\/neueswochenblatt.pl\/de\/wp-json\/wp\/v2\/posts\/77756","targetHints":{"allow":["GET"]}}],"collection":[{"href":"https:\/\/neueswochenblatt.pl\/de\/wp-json\/wp\/v2\/posts"}],"about":[{"href":"https:\/\/neueswochenblatt.pl\/de\/wp-json\/wp\/v2\/types\/post"}],"author":[{"embeddable":true,"href":"https:\/\/neueswochenblatt.pl\/de\/wp-json\/wp\/v2\/users\/261"}],"replies":[{"embeddable":true,"href":"https:\/\/neueswochenblatt.pl\/de\/wp-json\/wp\/v2\/comments?post=77756"}],"version-history":[{"count":5,"href":"https:\/\/neueswochenblatt.pl\/de\/wp-json\/wp\/v2\/posts\/77756\/revisions"}],"predecessor-version":[{"id":77808,"href":"https:\/\/neueswochenblatt.pl\/de\/wp-json\/wp\/v2\/posts\/77756\/revisions\/77808"}],"wp:featuredmedia":[{"embeddable":true,"href":"https:\/\/neueswochenblatt.pl\/de\/wp-json\/wp\/v2\/media\/77764"}],"wp:attachment":[{"href":"https:\/\/neueswochenblatt.pl\/de\/wp-json\/wp\/v2\/media?parent=77756"}],"wp:term":[{"taxonomy":"category","embeddable":true,"href":"https:\/\/neueswochenblatt.pl\/de\/wp-json\/wp\/v2\/categories?post=77756"},{"taxonomy":"post_tag","embeddable":true,"href":"https:\/\/neueswochenblatt.pl\/de\/wp-json\/wp\/v2\/tags?post=77756"},{"taxonomy":"redaktor","embeddable":true,"href":"https:\/\/neueswochenblatt.pl\/de\/wp-json\/wp\/v2\/redaktor?post=77756"}],"curies":[{"name":"wp","href":"https:\/\/api.w.org\/{rel}","templated":true}]}}