{"id":77739,"date":"2026-04-28T14:00:11","date_gmt":"2026-04-28T12:00:11","guid":{"rendered":"https:\/\/neueswochenblatt.pl\/?p=77739"},"modified":"2026-04-28T13:32:14","modified_gmt":"2026-04-28T11:32:14","slug":"wissenwettbewerb-ueber-die-deutsche-minderheit-finale-in-malapane","status":"publish","type":"post","link":"https:\/\/neueswochenblatt.pl\/de\/wissenwettbewerb-ueber-die-deutsche-minderheit-finale-in-malapane\/","title":{"rendered":"Wissenwettbewerb \u00fcber die deutsche Minderheit: Finale in Malapane"},"content":{"rendered":"<h1>Rekordbeteiligung und klare Botschaft<\/h1>\n<p><strong>125 Finalisten, 379 Teilnehmende insgesamt \u2013 der Wissenswettbewerb \u00fcber die deutsche Minderheit zeigt, wie stark Interesse, Wissen und Identit\u00e4tsbewusstsein der jungen Generation sind.<\/strong><\/p>\n<p><!--more--><\/p>\n<p>Schon beim Auftakt wurde es deutlich: Dieses Finale ist kein gew\u00f6hnlicher Schulwettbewerb. Als am Montag, dem 27. April, die besten Sch\u00fclerinnen und Sch\u00fcler der Region in Malapane zusammenkamen, ging es um mehr als richtige Antworten. Es ging um Wissen, Identit\u00e4t \u2013 und um die Zukunft der deutschen Minderheit.<\/p>\n<p>Der 16. Wissenswettbewerb \u00fcber die deutsche Minderheit, organisiert von der Sozial-Kulturellen Gesellschaft der Deutschen im Oppelner Schlesien, erreichte in diesem Jahr eine neue Dimension. Insgesamt nahmen 379 Sch\u00fclerinnen und Sch\u00fcler aus 42 Schulen teil. 57 Lehrkr\u00e4fte begleiteten sie auf diesem Weg.<\/p>\n<p>125 der Besten qualifizierten sich f\u00fcr das Woiwodschaftsfinale in Malapane \u2013 eine Auswahl, die f\u00fcr sich spricht.<br \/>\n\u201eDas ist l\u00e4ngst mehr als ein Wettbewerb \u2013 das ist eine beeindruckende Landschaft junger Talente\u201c, hie\u00df es bei der Er\u00f6ffnung.<\/p>\n<div id=\"attachment_77741\" style=\"width: 2570px\" class=\"wp-caption aligncenter\"><img loading=\"lazy\" decoding=\"async\" aria-describedby=\"caption-attachment-77741\" class=\"size-full wp-image-77741\" src=\"https:\/\/neueswochenblatt.pl\/wp-content\/uploads\/2026\/04\/IMG_7371-scaled.jpg\" alt=\"\" width=\"2560\" height=\"1920\" srcset=\"https:\/\/neueswochenblatt.pl\/wp-content\/uploads\/2026\/04\/IMG_7371-scaled.jpg 2560w, https:\/\/neueswochenblatt.pl\/wp-content\/uploads\/2026\/04\/IMG_7371-300x225.jpg 300w, https:\/\/neueswochenblatt.pl\/wp-content\/uploads\/2026\/04\/IMG_7371-1024x768.jpg 1024w, https:\/\/neueswochenblatt.pl\/wp-content\/uploads\/2026\/04\/IMG_7371-768x576.jpg 768w, https:\/\/neueswochenblatt.pl\/wp-content\/uploads\/2026\/04\/IMG_7371-1536x1152.jpg 1536w, https:\/\/neueswochenblatt.pl\/wp-content\/uploads\/2026\/04\/IMG_7371-2048x1536.jpg 2048w\" sizes=\"auto, (max-width: 2560px) 100vw, 2560px\" \/><p id=\"caption-attachment-77741\" class=\"wp-caption-text\">Finale in Malapane.<br \/>Foto: Dominika Bassek<\/p><\/div>\n<h2>Struktur mit Gewicht<\/h2>\n<p>Die Initiative zu diesem Wettbewerb geht auf das Abgeordnetenb\u00fcro von Ryszard Galla zur\u00fcck, das damit fr\u00fchzeitig ein Format geschaffen hat, das Wissen \u00fcber die deutsche Minderheit systematisch f\u00f6rdert und sichtbar macht.<\/p>\n<p>Der Wettbewerb ist kein symbolisches Projekt. Er steht unter der Schirmherrschaft des Kuratoriums f\u00fcr Bildung in Oppeln und geh\u00f6rt zu den offiziellen Woiwodschaftswettbewerben. Seine Ergebnisse k\u00f6nnen konkrete Auswirkungen auf die weitere schulische Laufbahn der Teilnehmenden haben.<\/p>\n<p>Getragen wird die Initiative von starken Partnern: dem polnischen Innenministerium sowie dem Bundesministerium des Innern und f\u00fcr Heimat der Bundesrepublik Deutschland \u2013 vermittelt \u00fcber den Verband der deutschen sozial-kulturellen Gesellschaften in Polen.<\/p>\n<p>Partner des diesj\u00e4hrigen Finales war zudem die Universit\u00e4t Opole. Ein Expertenteam aus Wissenschaftlerinnen und Wissenschaftlern der Universit\u00e4t Opole war an der Erstellung und Bewertung der Aufgaben beteiligt \u2013 ein Detail, das den hohen fachlichen Anspruch unterstreicht.<\/p>\n<h2>Anspruchsvolle Inhalte<\/h2>\n<p>Inhaltlich verlangt der Wettbewerb weit mehr als reines Auswendiglernen. Die Fragen reichen von der Geschichte der deutschen Minderheit \u00fcber die T\u00e4tigkeit der DFK-Strukturen bis hin zu europ\u00e4ischen Regelungen wie der Europ\u00e4ischen Charta der Regional- oder Minderheitensprachen.<\/p>\n<p>Der Wettbewerb gliedert sich in zwei Teile: einen Wissenstest mit 30 Fragen sowie eine zus\u00e4tzliche schriftliche Aufgabe f\u00fcr besonders engagierte Finalistinnen und Finalisten. Hier geht es nicht nur um richtige Antworten, sondern auch um Ausdruck, Interpretation und Argumentation.<\/p>\n<div id=\"attachment_77747\" style=\"width: 2438px\" class=\"wp-caption aligncenter\"><img loading=\"lazy\" decoding=\"async\" aria-describedby=\"caption-attachment-77747\" class=\"size-full wp-image-77747\" src=\"https:\/\/neueswochenblatt.pl\/wp-content\/uploads\/2026\/04\/IMG_7367-scaled-e1777373246392.jpg\" alt=\"\" width=\"2428\" height=\"1430\" srcset=\"https:\/\/neueswochenblatt.pl\/wp-content\/uploads\/2026\/04\/IMG_7367-scaled-e1777373246392.jpg 2428w, https:\/\/neueswochenblatt.pl\/wp-content\/uploads\/2026\/04\/IMG_7367-scaled-e1777373246392-300x177.jpg 300w, https:\/\/neueswochenblatt.pl\/wp-content\/uploads\/2026\/04\/IMG_7367-scaled-e1777373246392-1024x603.jpg 1024w, https:\/\/neueswochenblatt.pl\/wp-content\/uploads\/2026\/04\/IMG_7367-scaled-e1777373246392-768x452.jpg 768w, https:\/\/neueswochenblatt.pl\/wp-content\/uploads\/2026\/04\/IMG_7367-scaled-e1777373246392-1536x905.jpg 1536w, https:\/\/neueswochenblatt.pl\/wp-content\/uploads\/2026\/04\/IMG_7367-scaled-e1777373246392-2048x1206.jpg 2048w\" sizes=\"auto, (max-width: 2428px) 100vw, 2428px\" \/><p id=\"caption-attachment-77747\" class=\"wp-caption-text\">Wissenwettbewerb \u00fcber die deutsche Minderheit.<br \/>Foto: Dominika Bassek<\/p><\/div>\n<h2>Stimmen der Teilnehmenden<\/h2>\n<h3>Was sagen die Sch\u00fclerinnen und Sch\u00fcler selbst?<\/h3>\n<p>\u201eInsgesamt war es nicht schlecht, aber einige Fragen konnten \u00fcberraschen. Man musste wirklich genau nachdenken, um sie richtig zu beantworten\u201c, meinte eine Sch\u00fclerin aus der Alterskategorie der Klassen IV\u2013VI.<\/p>\n<blockquote>\n<p style=\"text-align: center;\"><span style=\"color: #ffcc00;\"><strong>Die Themen der deutschen Minderheit sind nicht nur historisch relevant, sondern auch hochaktuell.<\/strong><\/span><\/p>\n<\/blockquote>\n<p>\u201eDer erweiterte Teil war f\u00fcr mich leicht, weil er sich mit Denkm\u00e4lern besch\u00e4ftigt hat und man viel schreiben konnte. Er bot mehr Freiheit als der Test, und man konnte zeigen, was man wirklich wei\u00df und denkt\u201c, sagte ein Teilnehmer der zweiten Kategorie (Klassen VII\u2013VIII).<\/p>\n<h2>Prominente G\u00e4ste und klare Signale<\/h2>\n<p>Die Bedeutung der Veranstaltung spiegelte sich auch in der G\u00e4steliste wider. Unter den Ehreng\u00e4sten waren unter anderem der deutsche Konsul in Oppeln, Peter Herr, Rafa\u0142 Bartek, Vorsitzender der SKGD und des Dachverbandes der deutschen Minderheit, sowie Ryszard Galla, Berater des Sejmmarschalls f\u00fcr Minderheitenfragen.<\/p>\n<p>Ebenfalls anwesend waren Norbert Rasch, Bevollm\u00e4chtigter des Vorstandes der Woiwodschaft Oppeln f\u00fcr Multikulturalit\u00e4t, Marek Mazurkiewicz, Bevollm\u00e4chtigter f\u00fcr nationale und ethnische Minderheiten, Joanna Ra\u017aniewska, Oppelner Bildungskuratorin, Miros\u0142aw Wieszo\u0142ek, B\u00fcrgermeister von Malapane, sowie Jolanta Bajor, Direktorin der Grundschule Nr. 3 in Malapane.<\/p>\n<p>Ihre Anwesenheit ist ein deutliches Signal: Die Themen der deutschen Minderheit sind nicht nur historisch relevant, sondern auch hochaktuell.<\/p>\n<h2>Wettbewerb und Begleitprogramm<\/h2>\n<p>Parallel zum Wettbewerb nahmen Lehrkr\u00e4fte an Workshops teil, die vom Haus der Deutsch-Polnischen Zusammenarbeit geleitet wurden, w\u00e4hrend Sch\u00fclerinnen und Sch\u00fcler zus\u00e4tzliche Bildungsangebote des BJDM nutzten.<\/p>\n<p>Nach einem intensiven Wettbewerbstag folgte die \u00dcbergabe von Diplomen an die Finalistinnen und Finalisten. Die endg\u00fcltigen Ergebnisse werden auf der Internetseite<a href=\"https:\/\/skgd.pl\/de\/\" target=\"_blank\" rel=\"noopener\"> www.skgd.pl<\/a> ver\u00f6ffentlicht. Die feierliche Preisverleihung findet am 27. Mai um 17:00 Uhr im Wei\u00dfen-Adler-Saal des Marschallamtes der Woiwodschaft Oppeln statt.<\/p>\n<h2>Mehr als ein Wettbewerb<\/h2>\n<p>Was bleibt, ist mehr als ein Wettbewerbsergebnis. Wer hier teilnimmt, lernt nicht nur f\u00fcr einen Wettbewerb, sondern f\u00fcr seine Rolle in einer Gemeinschaft, die auch in Zukunft geh\u00f6rt werden will.<\/p>\n<p style=\"text-align: right;\"><strong>Dominika Bassek<\/strong><\/p>\n","protected":false},"excerpt":{"rendered":"<p>Rekordbeteiligung und klare Botschaft 125 Finalisten, 379 Teilnehmende insgesamt \u2013 der Wissenswettbewerb \u00fcber die deutsche Minderheit zeigt, wie stark Interesse, Wissen und Identit\u00e4tsbewusstsein der jungen Generation sind.<\/p>\n","protected":false},"author":261,"featured_media":77743,"comment_status":"closed","ping_status":"open","sticky":false,"template":"","format":"standard","meta":{"_acf_changed":false,"footnotes":""},"categories":[6045],"tags":[5924,7663,6183,7317,6324,6258,6652,6547,7223,7665,7664],"redaktor":[6074],"class_list":["post-77739","post","type-post","status-publish","format-standard","has-post-thumbnail","hentry","category-bildung","tag-dfk-de","tag-finale-in-malapane","tag-malapane-de","tag-peter-herr-de","tag-rafal-bartek-de","tag-ryszard-galla-de","tag-sozialkulturelle-gesellschaft-der-deutschen-in-der-woiwodschaft-schlesien","tag-universitaet-oppeln-de","tag-verband-der-deutschen-sozial-kulturellen-gesellschaften-in-polen-de","tag-wissenswettbewerb-ueber-die-deutsche-minderheit-de","tag-woiwodschaftsfinale-in-malapane","redaktor-dominika-bassek-de"],"acf":[],"_links":{"self":[{"href":"https:\/\/neueswochenblatt.pl\/de\/wp-json\/wp\/v2\/posts\/77739","targetHints":{"allow":["GET"]}}],"collection":[{"href":"https:\/\/neueswochenblatt.pl\/de\/wp-json\/wp\/v2\/posts"}],"about":[{"href":"https:\/\/neueswochenblatt.pl\/de\/wp-json\/wp\/v2\/types\/post"}],"author":[{"embeddable":true,"href":"https:\/\/neueswochenblatt.pl\/de\/wp-json\/wp\/v2\/users\/261"}],"replies":[{"embeddable":true,"href":"https:\/\/neueswochenblatt.pl\/de\/wp-json\/wp\/v2\/comments?post=77739"}],"version-history":[{"count":3,"href":"https:\/\/neueswochenblatt.pl\/de\/wp-json\/wp\/v2\/posts\/77739\/revisions"}],"predecessor-version":[{"id":77754,"href":"https:\/\/neueswochenblatt.pl\/de\/wp-json\/wp\/v2\/posts\/77739\/revisions\/77754"}],"wp:featuredmedia":[{"embeddable":true,"href":"https:\/\/neueswochenblatt.pl\/de\/wp-json\/wp\/v2\/media\/77743"}],"wp:attachment":[{"href":"https:\/\/neueswochenblatt.pl\/de\/wp-json\/wp\/v2\/media?parent=77739"}],"wp:term":[{"taxonomy":"category","embeddable":true,"href":"https:\/\/neueswochenblatt.pl\/de\/wp-json\/wp\/v2\/categories?post=77739"},{"taxonomy":"post_tag","embeddable":true,"href":"https:\/\/neueswochenblatt.pl\/de\/wp-json\/wp\/v2\/tags?post=77739"},{"taxonomy":"redaktor","embeddable":true,"href":"https:\/\/neueswochenblatt.pl\/de\/wp-json\/wp\/v2\/redaktor?post=77739"}],"curies":[{"name":"wp","href":"https:\/\/api.w.org\/{rel}","templated":true}]}}