{"id":77707,"date":"2026-04-29T12:00:19","date_gmt":"2026-04-29T10:00:19","guid":{"rendered":"https:\/\/neueswochenblatt.pl\/?p=77707"},"modified":"2026-04-27T16:13:24","modified_gmt":"2026-04-27T14:13:24","slug":"marlene-dietrichs-lieder-zum-35-jaehrigen-jubilaeum-des-deutsch-polnischen-vertrags","status":"publish","type":"post","link":"https:\/\/neueswochenblatt.pl\/de\/marlene-dietrichs-lieder-zum-35-jaehrigen-jubilaeum-des-deutsch-polnischen-vertrags\/","title":{"rendered":"Marlene Dietrichs Lieder zum 35-j\u00e4hrigen Jubil\u00e4um des deutsch-polnischen Vertrags"},"content":{"rendered":"<p><strong>Im Hotel Hugo in Kandrzin-Cosel fand das Konzert \u201eZwischen den Worten. Eine Geschichte \u00fcber das Lied, das Grenzen \u00fcberwand\u201c statt. Zu einem Abend mit Liedern von Marlene Dietrich hatte der deutsche Konsul in Oppeln, Peter Herr, eingeladen. Das Konzert wurde anl\u00e4sslich des 35. Jahrestages des deutsch-polnischen Vertrags \u201e\u00dcber gute Nachbarschaft und freundschaftliche Zusammenarbeit\u201c veranstaltet.<\/strong><\/p>\n<p><!--more--><\/p>\n<p>Bevor die Kl\u00e4nge des Hits \u201eIch bin von Kopf bis Fu\u00df auf Liebe eingestellt\u201c erklangen, den Marlene Dietrich im Film \u201eDer blaue Engel\u201c sang, begr\u00fc\u00dfte Konsul Peter Herr die Anwesenden und erinnerte an die Botschaft des Konzerts zum 35. Jahrestag des deutsch-polnischen Vertrags.<\/p>\n<p>\u201eDie Lieder von Marlene Dietrich sind ausdrucksstark und verbinden Menschen\u201c, sagte der Konsul. \u201eSie erz\u00e4hlen von Liebe, Frieden und Identit\u00e4t. Sie bauen eine emotionale Br\u00fccke zwischen Deutschen und Polen. Im Kontext des Vertragsjubil\u00e4ums wirken diese Lieder wie sanfte Diplomatie. Sie schaffen gegenseitiges Verst\u00e4ndnis durch Kultur. Gerade die Kultur erm\u00f6glicht es uns heute, gemeinsame polnische und deutsche Werte sowie die deutsch-polnische Freundschaft zu bekennen.\u201c<\/p>\n<div id=\"attachment_77714\" style=\"width: 2058px\" class=\"wp-caption aligncenter\"><img loading=\"lazy\" decoding=\"async\" aria-describedby=\"caption-attachment-77714\" class=\"size-full wp-image-77714\" src=\"https:\/\/neueswochenblatt.pl\/wp-content\/uploads\/2026\/04\/konzert2.jpg\" alt=\"\" width=\"2048\" height=\"1366\" srcset=\"https:\/\/neueswochenblatt.pl\/wp-content\/uploads\/2026\/04\/konzert2.jpg 2048w, https:\/\/neueswochenblatt.pl\/wp-content\/uploads\/2026\/04\/konzert2-300x200.jpg 300w, https:\/\/neueswochenblatt.pl\/wp-content\/uploads\/2026\/04\/konzert2-1024x683.jpg 1024w, https:\/\/neueswochenblatt.pl\/wp-content\/uploads\/2026\/04\/konzert2-768x512.jpg 768w, https:\/\/neueswochenblatt.pl\/wp-content\/uploads\/2026\/04\/konzert2-1536x1025.jpg 1536w\" sizes=\"auto, (max-width: 2048px) 100vw, 2048px\" \/><p id=\"caption-attachment-77714\" class=\"wp-caption-text\">Rafal Bartek, Vorstandsvorsitzender VdG.<br \/>Foto: Krzysztof Ogiolda<\/p><\/div>\n<h2>35 Jahre deutsch-polnischer Vertrag \u2013 er erforderte gro\u00dfen Mut<\/h2>\n<p>Der Marschall der Woiwodschaft Oppeln, Szymon Og\u0142aza, erinnerte daran, dass der 1991 von Helmut Kohl und Jan Krzysztof Bielecki unterzeichnete Vertrag zu einem Zeitpunkt geschlossen wurde, als die Trag\u00f6die des Zweiten Weltkriegs erst etwas mehr als 45 Jahre zur\u00fccklag. Diese Jahre wurden in Polen von Politikern zynisch genutzt, um Spannungen zwischen Deutschen und Polen aufzubauen und aufrechtzuerhalten sowie eine Atmosph\u00e4re der Bedrohung durch Deutschland zu schaffen, um das Verbleiben Polens auf der schlechteren Seite des Eisernen Vorhangs zu rechtfertigen.<\/p>\n<p>\u201eDer Vertrag erforderte von beiden Regierungen gro\u00dfen Mut. Die Rolle, die Deutschland beim Beitritt Polens zur Europ\u00e4ischen Union spielte, ist kaum hoch genug einzusch\u00e4tzen. Von Deutschland haben wir auch in hohem Ma\u00dfe die kommunale Selbstverwaltung und die Arbeit an der Basis gelernt. In der Woiwodschaft Oppeln in besonderer Weise\u201c, sagte Szymon Og\u0142aza.<\/p>\n<p>\u201eMan muss auch ein Jubil\u00e4um erw\u00e4hnen, das ebenfalls im Jahr 2026 begangen wird. Es ist das 20-j\u00e4hrige Bestehen der Regierungskoalition in der Woiwodschaft Oppeln. Es waren gute 20 Jahre f\u00fcr unsere Region. Ohne den Vertrag und ohne die Schaffung rechtlicher und akzeptabler Rahmenbedingungen f\u00fcr die Existenz der deutschen Minderheit h\u00e4tten wir f\u00fcr diese Koalition keinen verl\u00e4sslichen Partner gehabt\u201c, stellte er fest.<\/p>\n<p>Der Vorsitzende des Woiwodschaftssejmiks und der deutschen Minderheit, Rafa\u0142 Bartek, bezog sich auf den Titel des Vertrags: \u201eVor 35 Jahren den deutsch-polnischen Vertrag \u201a\u00dcber gute Nachbarschaft und freundschaftliche Zusammenarbeit\u2018 zu unterzeichnen, war wirklich nicht einfach\u201c, sagte er.<\/p>\n<div id=\"attachment_77716\" style=\"width: 2058px\" class=\"wp-caption aligncenter\"><img loading=\"lazy\" decoding=\"async\" aria-describedby=\"caption-attachment-77716\" class=\"size-full wp-image-77716\" src=\"https:\/\/neueswochenblatt.pl\/wp-content\/uploads\/2026\/04\/konzert3.jpg\" alt=\"\" width=\"2048\" height=\"1366\" srcset=\"https:\/\/neueswochenblatt.pl\/wp-content\/uploads\/2026\/04\/konzert3.jpg 2048w, https:\/\/neueswochenblatt.pl\/wp-content\/uploads\/2026\/04\/konzert3-300x200.jpg 300w, https:\/\/neueswochenblatt.pl\/wp-content\/uploads\/2026\/04\/konzert3-1024x683.jpg 1024w, https:\/\/neueswochenblatt.pl\/wp-content\/uploads\/2026\/04\/konzert3-768x512.jpg 768w, https:\/\/neueswochenblatt.pl\/wp-content\/uploads\/2026\/04\/konzert3-1536x1025.jpg 1536w\" sizes=\"auto, (max-width: 2048px) 100vw, 2048px\" \/><p id=\"caption-attachment-77716\" class=\"wp-caption-text\">Peter Herr, Deutscher Konsul in Oppeln.<br \/>Foto: Krzysztof Ogiolda<\/p><\/div>\n<h2>Die Einwohner des Oppelner Schlesiens als Wegbereiter<\/h2>\n<p>Andrzej Bu\u0142a, Abgeordneter des Europ\u00e4ischen Parlaments, betonte, dass das Oppelner Land und seine Bewohner als zentrale Akteure des deutsch-polnischen Vertrags gelten k\u00f6nnten. \u201eGute Nachbarschaft begann bei uns nach 1945\u201c, sagte er. \u201eAls Menschen aus dem Osten und aus Zentralpolen kamen. Eine gro\u00dfe Rolle beim Aufbau dieser Nachbarschaft spielten die Schlesier \u2013 sie nahmen die Ankommenden auf und liehen ihnen sogar Saatgut f\u00fcr die erste Aussaat. Obwohl alle in gro\u00dfer Angst lebten.\u201c<\/p>\n<blockquote>\n<p style=\"text-align: center;\"><span style=\"color: #ffcc00;\"><strong>\u201eDie Lieder von Marlene Dietrich sind ausdrucksstark und verbinden Menschen\u201c, sagte der Konsul. \u201eSie erz\u00e4hlen von Liebe, Frieden und Identit\u00e4t. Sie bauen eine emotionale Br\u00fccke zwischen Deutschen und Polen. Im Kontext des Vertragsjubil\u00e4ums wirken diese Lieder wie sanfte Diplomatie.\u201c<\/strong><\/span><\/p>\n<\/blockquote>\n<p>Der Europaabgeordnete betonte zudem die Rolle der Kirche bei der \u00dcberwindung dieser \u00c4ngste. Er erinnerte an den ersten Administrator der Di\u00f6zese, Pfarrer Boles\u0142aw Kominek, der gemeinsame schlesisch-kresische Pfarreien gr\u00fcndete und sp\u00e4ter den historischen Brief der polnischen an die deutschen Bisch\u00f6fe verfasste, sowie an Erzbischof Alfons Nossol, den Initiator der Vers\u00f6hnungsmesse in Kreisau.<\/p>\n<p>Als letzter sprach der stellvertretende Woiwode von Oppeln, Piotr Po\u015bpiech: \u201e35 Jahre Vertragswerte und Beispiele ihrer praktischen Umsetzung finden wir im Leben der Region, Polens und Deutschlands \u2013 und ich denke auch im Leben eines jeden von uns\u201c, betonte er. \u201eDiese 35 Jahre stehen f\u00fcr enorme Entwicklung und Zusammenarbeit.\u201c<\/p>\n<div id=\"attachment_77712\" style=\"width: 1376px\" class=\"wp-caption aligncenter\"><img loading=\"lazy\" decoding=\"async\" aria-describedby=\"caption-attachment-77712\" class=\"size-full wp-image-77712\" src=\"https:\/\/neueswochenblatt.pl\/wp-content\/uploads\/2026\/04\/konzert1.jpg\" alt=\"\" width=\"1366\" height=\"2048\" srcset=\"https:\/\/neueswochenblatt.pl\/wp-content\/uploads\/2026\/04\/konzert1.jpg 1366w, https:\/\/neueswochenblatt.pl\/wp-content\/uploads\/2026\/04\/konzert1-200x300.jpg 200w, https:\/\/neueswochenblatt.pl\/wp-content\/uploads\/2026\/04\/konzert1-683x1024.jpg 683w, https:\/\/neueswochenblatt.pl\/wp-content\/uploads\/2026\/04\/konzert1-768x1151.jpg 768w, https:\/\/neueswochenblatt.pl\/wp-content\/uploads\/2026\/04\/konzert1-1025x1536.jpg 1025w\" sizes=\"auto, (max-width: 1366px) 100vw, 1366px\" \/><p id=\"caption-attachment-77712\" class=\"wp-caption-text\">Das Publikum dankte den K\u00fcnstlern mit stehenden Ovationen.<br \/>Foto: Krzysztof Ogiolda<\/p><\/div>\n<h2>35 Jahre deutsch-polnischer Vertrag \u2013 mit Liedern von Marlene Dietrich<\/h2>\n<p>Dann erklangen die Lieder von Marlene Dietrich \u2013 auf Deutsch und Polnisch. Zu h\u00f6ren waren jene St\u00fccke, die die gro\u00dfe Schauspielerin vor dem Krieg in Berliner Clubs sang, etwa \u201eIch bin die fesche Lola\u201c. Auch \u201eLili Marleen\u201c, das im Zweiten Weltkrieg von deutschen und alliierten Soldaten geh\u00f6rt wurde, durfte nicht fehlen. Ebenso erklang der Nachkriegs- und Antikriegssong \u201eWo sind die Jungen aus jenen Jahren\u201c (in Polen in den 1960er Jahren durch S\u0142awa Przybylska bekannt gemacht).<\/p>\n<p>Schlie\u00dflich erklangen vom Podium im Hotel Hugo auch Lieder von Czes\u0142aw Niemen, die Marlene Dietrich mochte und interpretierte, darunter \u201eErinnerst du dich noch an mich\u201c und \u201eEin Traum von Warschau\u201c. Gesungen wurden sie von Anna Wicher, Hanna Rataj und Izabela Migocz, die gemeinsam mit Klaudia Regina Baron das zweisprachige Konzert moderierte. Die Band \u201eTake Style\u201c spielte bravour\u00f6s auf. Das Publikum dankte den K\u00fcnstlern mit stehenden Ovationen.<\/p>\n<p style=\"text-align: right;\"><strong>Krzysztof Ogiolda<\/strong><\/p>\n","protected":false},"excerpt":{"rendered":"<p>Im Hotel Hugo in Kandrzin-Cosel fand das Konzert \u201eZwischen den Worten. Eine Geschichte \u00fcber das Lied, das Grenzen \u00fcberwand\u201c statt. Zu einem Abend mit Liedern von Marlene Dietrich hatte der deutsche Konsul in Oppeln, Peter Herr, eingeladen. Das Konzert wurde anl\u00e4sslich des 35. Jahrestages des deutsch-polnischen Vertrags \u201e\u00dcber gute Nachbarschaft und freundschaftliche Zusammenarbeit\u201c veranstaltet.<\/p>\n","protected":false},"author":261,"featured_media":77708,"comment_status":"closed","ping_status":"open","sticky":false,"template":"","format":"standard","meta":{"_acf_changed":false,"footnotes":""},"categories":[5625],"tags":[7242,7659,7662,7660,7661,5867,7160,7657,6474,7317,6324,7658],"redaktor":[6066],"class_list":["post-77707","post","type-post","status-publish","format-standard","has-post-thumbnail","hentry","category-kultur-de","tag-35-jahre-deutsch-polnischer-nachbarschaftsvertrag","tag-anna-wicher","tag-band-take-style","tag-hanna-rataj","tag-izabela-migocz","tag-kandrzin-cosel-de","tag-konzert-de","tag-marlene-dietrich","tag-oppeln-de","tag-peter-herr-de","tag-rafal-bartek-de","tag-szymon-oglaza","redaktor-krzysztof-ogiolda-de"],"acf":[],"_links":{"self":[{"href":"https:\/\/neueswochenblatt.pl\/de\/wp-json\/wp\/v2\/posts\/77707","targetHints":{"allow":["GET"]}}],"collection":[{"href":"https:\/\/neueswochenblatt.pl\/de\/wp-json\/wp\/v2\/posts"}],"about":[{"href":"https:\/\/neueswochenblatt.pl\/de\/wp-json\/wp\/v2\/types\/post"}],"author":[{"embeddable":true,"href":"https:\/\/neueswochenblatt.pl\/de\/wp-json\/wp\/v2\/users\/261"}],"replies":[{"embeddable":true,"href":"https:\/\/neueswochenblatt.pl\/de\/wp-json\/wp\/v2\/comments?post=77707"}],"version-history":[{"count":4,"href":"https:\/\/neueswochenblatt.pl\/de\/wp-json\/wp\/v2\/posts\/77707\/revisions"}],"predecessor-version":[{"id":77721,"href":"https:\/\/neueswochenblatt.pl\/de\/wp-json\/wp\/v2\/posts\/77707\/revisions\/77721"}],"wp:featuredmedia":[{"embeddable":true,"href":"https:\/\/neueswochenblatt.pl\/de\/wp-json\/wp\/v2\/media\/77708"}],"wp:attachment":[{"href":"https:\/\/neueswochenblatt.pl\/de\/wp-json\/wp\/v2\/media?parent=77707"}],"wp:term":[{"taxonomy":"category","embeddable":true,"href":"https:\/\/neueswochenblatt.pl\/de\/wp-json\/wp\/v2\/categories?post=77707"},{"taxonomy":"post_tag","embeddable":true,"href":"https:\/\/neueswochenblatt.pl\/de\/wp-json\/wp\/v2\/tags?post=77707"},{"taxonomy":"redaktor","embeddable":true,"href":"https:\/\/neueswochenblatt.pl\/de\/wp-json\/wp\/v2\/redaktor?post=77707"}],"curies":[{"name":"wp","href":"https:\/\/api.w.org\/{rel}","templated":true}]}}