{"id":77643,"date":"2026-05-01T12:00:01","date_gmt":"2026-05-01T10:00:01","guid":{"rendered":"https:\/\/neueswochenblatt.pl\/?p=77643"},"modified":"2026-04-30T10:12:28","modified_gmt":"2026-04-30T08:12:28","slug":"aus-unserer-geschichte-ein-blick-hinter-den-eisernen-vorhang","status":"publish","type":"post","link":"https:\/\/neueswochenblatt.pl\/de\/aus-unserer-geschichte-ein-blick-hinter-den-eisernen-vorhang\/","title":{"rendered":"Aus unserer Geschichte: Ein Blick hinter den (eisernen) Vorhang"},"content":{"rendered":"<p><strong>Viele Informationen \u00fcber das Leben der Deutschen im Nachkriegspolen finden sich in der Landsmannschaftspresse. Naturgem\u00e4\u00df standen dabei die Heimatregionen der deutschen Vertriebenen im Fokus ihres Interesses.<\/strong><\/p>\n<p><!--more--><\/p>\n<p>Greifen wir also zum Beispiel zum \u201eGleiwitzer und Beuthener Heimatblatt\u201c aus der zweiten H\u00e4lfte der 1950er Jahre, bereits nach dem Umbruch, dessen eine Folge die erste Familienzusammenf\u00fchrungsaktion sowie die M\u00f6glichkeit relativ ungehinderter Besuche in der alten Heimat war.<\/p>\n<p>In jeder Ausgabe f\u00fcllte die Rubrik \u201eAls Sp\u00e4taussiedler begr\u00fc\u00dfen wir\u201c viele Seiten, in der nach den Namen einzelner Ortschaften lange Listen der Namen der in den letzten Tagen Angekommenen erschienen. Dies war eine Art Informationsb\u00f6rse, die es erm\u00f6glichte, verlorene Kontakte wiederzubeleben.<\/p>\n<p>Aus der Perspektive der Geschichte der deutschen Minderheit sind besonders die Reiseberichte interessant. Herbert Schmidt teilte in seinem im August 1957 ver\u00f6ffentlichten ausf\u00fchrlichen Bericht \u00fcber seinen Besuch im heimatlichen Gleiwitz \u2013 nicht ohne eine gewisse Portion Kritik \u2013 seine Eindr\u00fccke unter anderem von Begegnungen mit den Einheimischen:<\/p>\n<p>\u201eImmer wieder h\u00f6re ich die Frage, was soll denn aus unseren Kindern werden? Zu Hause sprechen die Kinder deutsch, auf der Stra\u00dfe und in der Schule aber polnisch. Es machte mir einen Heidenspa\u00df, mit diesen kleinen Dolmetschern, welche zum Teil barfu\u00df herumlaufen, etwas zu plaudern. Alle wollten etwas \u00fcber Deutschland wissen, wussten aber auch zu berichten, dass Angeh\u00f6rige in Deutschland leben und sie selbst bald auch aussiedeln. (\u2026)<\/p>\n<p>In der Stadt Gleiwitz leben noch circa 48 000 Deutsche! Ich habe keinen einzigen gesprochen, welcher dort bleiben will!<\/p>\n<p>Sogar diejenigen, die mit einem Polen verheiratet sind, wollen heraus. <b>\u201a<\/b>Im Reich leben ja so viele Polen<b>\u2018<\/b>, wurde mir zur Antwort gegeben. Nat\u00fcrlich ist mit dem Wunsch ein Optimismus verbunden, der an Naivit\u00e4t grenzt.\u201c<\/p>\n<blockquote>\n<section class=\"text-token-text-primary w-full focus:outline-none [--shadow-height:45px] has-data-writing-block:pointer-events-none has-data-writing-block:-mt-(--shadow-height) has-data-writing-block:pt-(--shadow-height) [&amp;:has([data-writing-block])&gt;*]:pointer-events-auto [content-visibility:auto] supports-[content-visibility:auto]:[contain-intrinsic-size:auto_100lvh] R6Vx5W_threadScrollVars scroll-mb-[calc(var(--scroll-root-safe-area-inset-bottom,0px)+var(--thread-response-height))] scroll-mt-[calc(var(--header-height)+min(200px,max(70px,20svh)))]\" dir=\"auto\" data-turn-id=\"request-WEB:22cad1ef-08ab-48f8-9cc5-c685a0da2e12-0\" data-testid=\"conversation-turn-2\" data-scroll-anchor=\"false\" data-turn=\"assistant\">\n<div class=\"text-base my-auto mx-auto pb-10 [--thread-content-margin:var(--thread-content-margin-xs,calc(var(--spacing)*4))] @w-sm\/main:[--thread-content-margin:var(--thread-content-margin-sm,calc(var(--spacing)*6))] @w-lg\/main:[--thread-content-margin:var(--thread-content-margin-lg,calc(var(--spacing)*16))] px-(--thread-content-margin)\">\n<div class=\"[--thread-content-max-width:40rem] @w-lg\/main:[--thread-content-max-width:48rem] mx-auto max-w-(--thread-content-max-width) flex-1 group\/turn-messages focus-visible:outline-hidden relative flex w-full min-w-0 flex-col agent-turn\">\n<div class=\"flex max-w-full flex-col gap-4 grow\">\n<div class=\"min-h-8 text-message relative flex w-full flex-col items-end gap-2 text-start break-words whitespace-normal outline-none keyboard-focused:focus-ring [.text-message+&amp;]:mt-1\" dir=\"auto\" tabindex=\"0\" data-message-author-role=\"assistant\" data-message-id=\"31a93509-f607-44ae-a08b-83c68c6a1c07\" data-message-model-slug=\"gpt-5-3\" data-turn-start-message=\"true\">\n<div class=\"flex w-full flex-col gap-1 empty:hidden\">\n<div class=\"markdown prose dark:prose-invert w-full wrap-break-word dark markdown-new-styling\">\n<p style=\"text-align: center;\" data-start=\"122\" data-end=\"307\" data-is-last-node=\"\" data-is-only-node=\"\"><span style=\"color: #ffcc00;\"><strong>Private Berichte und Briefe aus dem Nachkriegs-Schlesien zeigen die dramatische Zerrissenheit der Menschen zwischen ihrer Heimat und dem Zwang zur Ausreise.<\/strong><\/span><\/p>\n<\/div>\n<\/div>\n<\/div>\n<\/div>\n<\/div>\n<\/div>\n<\/section>\n<\/blockquote>\n<p>In der Zeitschrift erscheinen auch Briefe \u2013 selbstverst\u00e4ndlich anonym ver\u00f6ffentlicht \u2013 von Heimatverbliebenen. Ein Brief aus Gleiwitz vom 13. Dezember 1956 zeigt die Zerrissenheit der damaligen Oberschlesier:<\/p>\n<p>\u201eDem neuen Jahr sehen wir etwas betr\u00fcbt entgegen. Die Ausreisen nach Deutschland werden sehr erleichtert sein. (\u2026) Wenn wir nur daran denken, Wohnung und Heimat zu verlassen, dazu die pers\u00f6nliche Trennung von lieben Menschen, mit denen man glaubte, bis ans Lebensende verbunden zu sein, dann sind wir nur noch ein Nervenb\u00fcndel! Es gibt Tage, an denen wir an nichts anderes denken, als daran, dass es in K\u00fcrze alles so anders sein wird. Man wei\u00df auch nicht, was Wahrheit und was Parole ist, aber einer macht dem anderen den Kopf hei\u00df. Alles liegt in Gottes Hand.\u201c<\/p>\n<p>Solche private Korrespondenz ist eine der wertvollsten \u2013 weil authentischsten \u2013 Quellen f\u00fcr das Wissen \u00fcber das Leben unserer Vorfahren. Leider ist dieser Bestand im Archiv des FZDM bislang nur in marginalen Mengen vorhanden. Daher zum Abschluss des heutigen Feuilletons ein Appell an die Leser auf beiden Seiten der Grenze: Sollten Sie in Ihren Hausarchiven Korrespondenz besitzen, die den Alltag der Deutschen in Polen zeigt, bitten wir Sie, die M\u00f6glichkeit einer \u00dcbergabe der Originale oder Kopien an die Sammlungen des Forschungszentrums der Deutschen Minderheit zu erw\u00e4gen.<\/p>\n<p style=\"text-align: right;\"><strong>Micha\u0142 Matheja<\/strong><\/p>\n","protected":false},"excerpt":{"rendered":"<p>Viele Informationen \u00fcber das Leben der Deutschen im Nachkriegspolen finden sich in der Landsmannschaftspresse. Naturgem\u00e4\u00df standen dabei die Heimatregionen der deutschen Vertriebenen im Fokus ihres Interesses.<\/p>\n","protected":false},"author":261,"featured_media":77653,"comment_status":"closed","ping_status":"open","sticky":false,"template":"","format":"standard","meta":{"_acf_changed":false,"footnotes":""},"categories":[4224],"tags":[7459,6632,6689,6412,7637,7638,7639],"redaktor":[6574],"class_list":["post-77643","post","type-post","status-publish","format-standard","has-post-thumbnail","hentry","category-geschichte-de","tag-dr-michal-matheja-de","tag-forschungszentrum-der-deutschen-minderheit-de","tag-fzdm","tag-gleiwitz-de","tag-gleiwitzer-und-beuthener-heimatblatt","tag-herbert-schmidt","tag-nachkriegszeit-de","redaktor-michal-matheja-de"],"acf":[],"_links":{"self":[{"href":"https:\/\/neueswochenblatt.pl\/de\/wp-json\/wp\/v2\/posts\/77643","targetHints":{"allow":["GET"]}}],"collection":[{"href":"https:\/\/neueswochenblatt.pl\/de\/wp-json\/wp\/v2\/posts"}],"about":[{"href":"https:\/\/neueswochenblatt.pl\/de\/wp-json\/wp\/v2\/types\/post"}],"author":[{"embeddable":true,"href":"https:\/\/neueswochenblatt.pl\/de\/wp-json\/wp\/v2\/users\/261"}],"replies":[{"embeddable":true,"href":"https:\/\/neueswochenblatt.pl\/de\/wp-json\/wp\/v2\/comments?post=77643"}],"version-history":[{"count":9,"href":"https:\/\/neueswochenblatt.pl\/de\/wp-json\/wp\/v2\/posts\/77643\/revisions"}],"predecessor-version":[{"id":77954,"href":"https:\/\/neueswochenblatt.pl\/de\/wp-json\/wp\/v2\/posts\/77643\/revisions\/77954"}],"wp:featuredmedia":[{"embeddable":true,"href":"https:\/\/neueswochenblatt.pl\/de\/wp-json\/wp\/v2\/media\/77653"}],"wp:attachment":[{"href":"https:\/\/neueswochenblatt.pl\/de\/wp-json\/wp\/v2\/media?parent=77643"}],"wp:term":[{"taxonomy":"category","embeddable":true,"href":"https:\/\/neueswochenblatt.pl\/de\/wp-json\/wp\/v2\/categories?post=77643"},{"taxonomy":"post_tag","embeddable":true,"href":"https:\/\/neueswochenblatt.pl\/de\/wp-json\/wp\/v2\/tags?post=77643"},{"taxonomy":"redaktor","embeddable":true,"href":"https:\/\/neueswochenblatt.pl\/de\/wp-json\/wp\/v2\/redaktor?post=77643"}],"curies":[{"name":"wp","href":"https:\/\/api.w.org\/{rel}","templated":true}]}}