{"id":77621,"date":"2026-04-30T12:00:42","date_gmt":"2026-04-30T10:00:42","guid":{"rendered":"https:\/\/neueswochenblatt.pl\/?p=77621"},"modified":"2026-04-29T11:51:50","modified_gmt":"2026-04-29T09:51:50","slug":"der-bjdm-bereitet-sich-auf-sein-wichtigstes-wochenende-des-jahres-vor","status":"publish","type":"post","link":"https:\/\/neueswochenblatt.pl\/de\/der-bjdm-bereitet-sich-auf-sein-wichtigstes-wochenende-des-jahres-vor\/","title":{"rendered":"Der BJDM bereitet sich auf sein wichtigstes Wochenende des Jahres vor"},"content":{"rendered":"<h1>Neuer Vorstand, dieselben Werte<\/h1>\n<p><strong>In den B\u00fcror\u00e4umen des Bundes der Jugend der Deutschen Minderheit (BJDM) herrscht derzeit gesch\u00e4ftiges Treiben \u2013 konzentriert, aber von sp\u00fcrbarer Vorfreude getragen. Vom 15. bis 17. Mai 2026 findet die turnusm\u00e4\u00dfige Ratssitzung statt, bei der am Sonntag die Neuwahlen des Vorstandes und der Revisionskommission im Mittelpunkt stehen. Was f\u00fcr Au\u00dfenstehende wie ein formaler Akt wirken mag, ist f\u00fcr die Mitglieder des BJDM weit mehr: ein gelebter Ausdruck demokratischer Kultur \u2013 kein Einschnitt, sondern ein bew\u00e4hrter Prozess, der Erneuerung erm\u00f6glicht und zugleich Kontinuit\u00e4t sichert.<\/strong><\/p>\n<p><!--more--><\/p>\n<h2>Klare Strukturen und starke Gemeinschaft<\/h2>\n<p>Der Bund der Jugend der Deutschen Minderheit in der Republik Polen ist ein rechtsf\u00e4higer Verein mit Sitz in Oppeln, dessen T\u00e4tigkeit sich \u00fcber das gesamte Staatsgebiet erstreckt. Der Verband spricht junge Menschen in unterschiedlichen Lebensphasen an: Junior-Mitglieder im Alter von 12 bis 16 Jahren, ordentliche Mitglieder bis 35 \u2013 sie bilden das R\u00fcckgrat des Verbandes und verf\u00fcgen \u00fcber aktives und passives Wahlrecht \u2013 sowie Senior-Mitglieder, die Erfahrung und Kontinuit\u00e4t einbringen. Das oberste Organ ist der Rat des Verbandes, der alle zwei Jahre den Vorstand w\u00e4hlt: f\u00fcnf bis neun Personen, darunter den Vorsitzenden (die Vorsitzende), zwei Stellvertreter:innen, einen Schatzmeister (eine Schatzmeisterin) und einen Sekret\u00e4r (eine Sekret\u00e4rin). Begleitet wird er von der Revisionskommission, die als unabh\u00e4ngiges Kontrollorgan Satzungstreue und ordnungsgem\u00e4\u00dfe Finanzf\u00fchrung \u00fcberwacht.<\/p>\n<div id=\"attachment_77624\" style=\"width: 2058px\" class=\"wp-caption alignnone\"><img loading=\"lazy\" decoding=\"async\" aria-describedby=\"caption-attachment-77624\" class=\"size-full wp-image-77624\" src=\"https:\/\/neueswochenblatt.pl\/wp-content\/uploads\/2026\/04\/bjdm2.jpg\" alt=\"\" width=\"2048\" height=\"1365\" srcset=\"https:\/\/neueswochenblatt.pl\/wp-content\/uploads\/2026\/04\/bjdm2.jpg 2048w, https:\/\/neueswochenblatt.pl\/wp-content\/uploads\/2026\/04\/bjdm2-300x200.jpg 300w, https:\/\/neueswochenblatt.pl\/wp-content\/uploads\/2026\/04\/bjdm2-1024x683.jpg 1024w, https:\/\/neueswochenblatt.pl\/wp-content\/uploads\/2026\/04\/bjdm2-768x512.jpg 768w, https:\/\/neueswochenblatt.pl\/wp-content\/uploads\/2026\/04\/bjdm2-1536x1024.jpg 1536w\" sizes=\"auto, (max-width: 2048px) 100vw, 2048px\" \/><p id=\"caption-attachment-77624\" class=\"wp-caption-text\">Alle zwei Jahre wird der Vorstand des BJDM neu gew\u00e4hlt.<br \/>Foto: BJDM<\/p><\/div>\n<h2>Mehr als Wahlen<\/h2>\n<p>Das Wahlwochenende beginnt bereits am Freitag mit einem intensiven Integrations- und Schulungstreffen. In Workshops stehen Projektmanagement, Bildungsarbeit und gesellschaftliches Engagement im Fokus \u2013 F\u00e4higkeiten, die weit \u00fcber die Verbandsarbeit hinausreichen und gleichzeitig den Zusammenhalt der Organisation st\u00e4rken. Die inhaltliche Bandbreite des BJDM ist gro\u00df: von der Pflege der deutschen Sprache und Kultur \u00fcber internationale Jugendaustausche bis hin zur F\u00f6rderung gesellschaftlicher Teilhabe.<\/p>\n<h2>Zwischen R\u00fcckblick und Aufbruch \u2013 die Perspektive des amtierenden Vorstandes<\/h2>\n<p>Trotz der anstehenden Wahlen ist die Stimmung im Vorstand von Optimismus gepr\u00e4gt. Die derzeitige Vorsitzende Paulina Widera blickt mit Vorfreude auf das bevorstehende Treffen: \u201eF\u00fcr uns ist dieses Wochenende vor allem eine Gelegenheit, wieder Zeit miteinander zu verbringen. Es ist beeindruckend zu sehen, wie viele sich trotz zahlreicher Verpflichtungen engagieren. Im B\u00fcro herrscht eine enorme Dynamik \u2013 ich bin \u00fcberzeugt, dass die kommenden zwei Jahre sehr erfolgreich werden.\u201c<\/p>\n<blockquote>\n<p style=\"text-align: center;\"><span style=\"color: #ffcc00;\"><strong>Das Wahlwochenende des BJDM verbindet R\u00fcckblick, Engagement und Aufbruch in eine neue Etappe gemeinsamer Verantwortung.<\/strong><\/span><\/p>\n<\/blockquote>\n<p>Auch die stellvertretende Vorsitzende Emily Bartek unterstreicht die Bedeutung des demokratischen Prozesses: \u201eWahlen sind nat\u00fcrlich ein Moment der Bilanz. Gleichzeitig schauen wir aber vor allem nach vorn. Es ist ermutigend zu sehen, wie viele junge Menschen bereit sind, Verantwortung zu \u00fcbernehmen. Das zeigt, wie lebendig und zukunftsorientiert unsere Gemeinschaft ist.\u201c<\/p>\n<p>Dass es an Kandidatinnen und Kandidaten nicht mangelt, spricht f\u00fcr die Stabilit\u00e4t und Attraktivit\u00e4t des Verbandes \u2013 und daf\u00fcr, dass es dem BJDM gelingt, junge Menschen f\u00fcr ehrenamtliches Engagement zu begeistern.<\/p>\n<div id=\"attachment_77622\" style=\"width: 983px\" class=\"wp-caption aligncenter\"><img loading=\"lazy\" decoding=\"async\" aria-describedby=\"caption-attachment-77622\" class=\"wp-image-77622 size-full\" src=\"https:\/\/neueswochenblatt.pl\/wp-content\/uploads\/2026\/04\/bjdm1-e1777284251381.jpg\" alt=\"\" width=\"973\" height=\"955\" srcset=\"https:\/\/neueswochenblatt.pl\/wp-content\/uploads\/2026\/04\/bjdm1-e1777284251381.jpg 973w, https:\/\/neueswochenblatt.pl\/wp-content\/uploads\/2026\/04\/bjdm1-e1777284251381-300x294.jpg 300w, https:\/\/neueswochenblatt.pl\/wp-content\/uploads\/2026\/04\/bjdm1-e1777284251381-768x754.jpg 768w\" sizes=\"auto, (max-width: 973px) 100vw, 973px\" \/><p id=\"caption-attachment-77622\" class=\"wp-caption-text\">BJDM Sammelaktion.<br \/>Foto: Jonas Goddek<\/p><\/div>\n<h2>Ein neues Team, dieselbe Richtung<\/h2>\n<p>Am Sonntag, dem 17. Mai, entscheidet der Rat \u00fcber die personelle Zukunft des BJDM. Gew\u00e4hlt wird in der Regel offen, mit einfacher Mehrheit. Wenn am Nachmittag die Ergebnisse feststehen, beginnt f\u00fcr ein neues Team eine neue Etappe \u2013 in einem Verband, der fest in seinen Werten verwurzelt ist und dennoch offen bleibt f\u00fcr das, was noch kommt.<\/p>\n<p>Weitere Informationen zum Ablauf der Wahl und zum Programm des Wochenendes finden Sie unter:<br \/>\n<a href=\"https:\/\/bjdm.eu\/wybory-nowego-zarzadu-bjdm\/\" target=\"_blank\" rel=\"noopener\">https:\/\/bjdm.eu\/wybory-nowego-zarzadu-bjdm\/<\/a><\/p>\n<p style=\"text-align: right;\"><strong>Franciszka Dzumla<\/strong><\/p>\n","protected":false},"excerpt":{"rendered":"<p>Neuer Vorstand, dieselben Werte In den B\u00fcror\u00e4umen des Bundes der Jugend der Deutschen Minderheit (BJDM) herrscht derzeit gesch\u00e4ftiges Treiben \u2013 konzentriert, aber von sp\u00fcrbarer Vorfreude getragen. Vom 15. bis 17. Mai 2026 findet die turnusm\u00e4\u00dfige Ratssitzung statt, bei der am Sonntag die Neuwahlen des Vorstandes und der Revisionskommission im Mittelpunkt stehen. Was f\u00fcr Au\u00dfenstehende wie [&hellip;]<\/p>\n","protected":false},"author":261,"featured_media":77626,"comment_status":"closed","ping_status":"open","sticky":false,"template":"","format":"standard","meta":{"_acf_changed":false,"footnotes":""},"categories":[5625],"tags":[6454,6726,7635,7636,7438],"redaktor":[7265],"class_list":["post-77621","post","type-post","status-publish","format-standard","has-post-thumbnail","hentry","category-kultur-de","tag-bjdm-de","tag-bund-der-jugend-der-deutschen-minderheit-de","tag-emily-bartek","tag-paulina-widera-de","tag-vorstandswahlen","redaktor-franciszka-dzumla"],"acf":[],"_links":{"self":[{"href":"https:\/\/neueswochenblatt.pl\/de\/wp-json\/wp\/v2\/posts\/77621","targetHints":{"allow":["GET"]}}],"collection":[{"href":"https:\/\/neueswochenblatt.pl\/de\/wp-json\/wp\/v2\/posts"}],"about":[{"href":"https:\/\/neueswochenblatt.pl\/de\/wp-json\/wp\/v2\/types\/post"}],"author":[{"embeddable":true,"href":"https:\/\/neueswochenblatt.pl\/de\/wp-json\/wp\/v2\/users\/261"}],"replies":[{"embeddable":true,"href":"https:\/\/neueswochenblatt.pl\/de\/wp-json\/wp\/v2\/comments?post=77621"}],"version-history":[{"count":3,"href":"https:\/\/neueswochenblatt.pl\/de\/wp-json\/wp\/v2\/posts\/77621\/revisions"}],"predecessor-version":[{"id":77853,"href":"https:\/\/neueswochenblatt.pl\/de\/wp-json\/wp\/v2\/posts\/77621\/revisions\/77853"}],"wp:featuredmedia":[{"embeddable":true,"href":"https:\/\/neueswochenblatt.pl\/de\/wp-json\/wp\/v2\/media\/77626"}],"wp:attachment":[{"href":"https:\/\/neueswochenblatt.pl\/de\/wp-json\/wp\/v2\/media?parent=77621"}],"wp:term":[{"taxonomy":"category","embeddable":true,"href":"https:\/\/neueswochenblatt.pl\/de\/wp-json\/wp\/v2\/categories?post=77621"},{"taxonomy":"post_tag","embeddable":true,"href":"https:\/\/neueswochenblatt.pl\/de\/wp-json\/wp\/v2\/tags?post=77621"},{"taxonomy":"redaktor","embeddable":true,"href":"https:\/\/neueswochenblatt.pl\/de\/wp-json\/wp\/v2\/redaktor?post=77621"}],"curies":[{"name":"wp","href":"https:\/\/api.w.org\/{rel}","templated":true}]}}