{"id":77500,"date":"2026-04-26T17:00:08","date_gmt":"2026-04-26T15:00:08","guid":{"rendered":"https:\/\/neueswochenblatt.pl\/?p=77500"},"modified":"2026-04-24T18:00:35","modified_gmt":"2026-04-24T16:00:35","slug":"geschichte-im-gruenen-vergessenes-erbe-botanischer-garten-in-breslau","status":"publish","type":"post","link":"https:\/\/neueswochenblatt.pl\/de\/geschichte-im-gruenen-vergessenes-erbe-botanischer-garten-in-breslau\/","title":{"rendered":"Vergessenes Erbe: Botanischer Garten in Breslau"},"content":{"rendered":"<h1>Geschichte im Gr\u00fcnen<\/h1>\n<p><strong>Vom 25. April bis zum 10. Mai finden im Botanischen Garten der Universit\u00e4t Breslau die \u201eTulpen-Illuminationen\u201c statt. Sie bieten die Gelegenheit, tausende bl\u00fchende Tulpen auch am Abend in besonderer Beleuchtung zu sehen.<\/strong><\/p>\n<p><!--more--><\/p>\n<p>Dieses zeitgen\u00f6ssische Ereignis ist ein weiteres Kapitel in der \u00fcber 200-j\u00e4hrigen Geschichte des Gartens, der seit seiner Entstehung wissenschaftliche Funktion mit der \u00d6ffnung f\u00fcr die Stadtbev\u00f6lkerung verbindet.<\/p>\n<h2>Ein Garten an der Zeitenwende<\/h2>\n<p>Die Geschichte des Breslauer Botanischen Gartens reicht bis in den Beginn des 19. Jahrhunderts zur\u00fcck und steht im Zusammenhang mit den Umbr\u00fcchen der Stadt nach der Eroberung Breslaus durch napoleonische Truppen im Jahr 1807. Die Schleifung der Festungsanlagen erm\u00f6glichte die Entwicklung neuer st\u00e4dtischer R\u00e4ume, Teile der Fl\u00e4chen wurden der entstehenden Universit\u00e4t \u00fcbergeben.<\/p>\n<p>Im Jahr 1811 entstand der Botanische Garten \u2013 zun\u00e4chst auf einer Fl\u00e4che von etwa f\u00fcnf Hektar. Von Beginn an diente er sowohl der wissenschaftlichen Forschung als auch der \u00d6ffentlichkeit.<\/p>\n<h2>Das deutsche Kapitel<\/h2>\n<p>Die ersten Direktoren des Gartens waren die Professoren Heinrich Friedrich Link und Friedrich Heyde. Bereits zu Beginn wurden mehrere hundert Pflanzen gesammelt und damit die Grundlage der Sammlung geschaffen.<\/p>\n<p>In den folgenden Jahren wuchs die Artenvielfalt stark, insbesondere unter der Leitung von Ludolf Christian Treviranus. Der Garten entwickelte sich zu einem wichtigen Zentrum botanischer Forschung, unterst\u00fctzt durch wissenschaftliche Expeditionen und den Austausch von Samen mit anderen europ\u00e4ischen G\u00e4rten.<\/p>\n<p>Eine zentrale Rolle spielte der Ausbau der Gew\u00e4chsh\u00e4user. Schon in den ersten Jahren entstand ein Geb\u00e4ude mit drei Klimazonen, das den Anbau von Pflanzen aus gem\u00e4\u00dfigten und subtropischen Regionen erm\u00f6glichte. In den folgenden Jahrzehnten wurden Arten aus verschiedenen Teilen der Welt eingef\u00fchrt \u2013 aus S\u00fcdamerika, Afrika, Australien und S\u00fcdeuropa.<\/p>\n<p>In der zweiten H\u00e4lfte des 19. Jahrhunderts erreichte der Garten unter der Leitung von Heinrich Robert G\u00f6ppert seinen H\u00f6hepunkt. Die Sammlung umfasste rund 12.000 Arten, neue thematische Abteilungen wurden eingerichtet und moderne Gew\u00e4chsh\u00e4user gebaut. Eine besondere Attraktion war die Kultivierung der Victoria regia \u2013 einer riesigen Seerose aus S\u00fcdamerika.<\/p>\n<div id=\"attachment_77501\" style=\"width: 1546px\" class=\"wp-caption alignnone\"><img loading=\"lazy\" decoding=\"async\" aria-describedby=\"caption-attachment-77501\" class=\"size-full wp-image-77501\" src=\"https:\/\/neueswochenblatt.pl\/wp-content\/uploads\/2026\/04\/ogrod.jpg\" alt=\"\" width=\"1536\" height=\"2048\" srcset=\"https:\/\/neueswochenblatt.pl\/wp-content\/uploads\/2026\/04\/ogrod.jpg 1536w, https:\/\/neueswochenblatt.pl\/wp-content\/uploads\/2026\/04\/ogrod-225x300.jpg 225w, https:\/\/neueswochenblatt.pl\/wp-content\/uploads\/2026\/04\/ogrod-768x1024.jpg 768w, https:\/\/neueswochenblatt.pl\/wp-content\/uploads\/2026\/04\/ogrod-1152x1536.jpg 1152w\" sizes=\"auto, (max-width: 1536px) 100vw, 1536px\" \/><p id=\"caption-attachment-77501\" class=\"wp-caption-text\">Der Botanische Garten der Universit\u00e4t Breslau geh\u00f6rt zu den \u00e4ltesten und wertvollsten Anlagen dieser Art in Polen.<br \/>Foto: Ogr\u00f3d Botaniczny Uniwersytetu Wroc\u0142awskiego<\/p><\/div>\n<p>Bis heute sind einige B\u00e4ume aus den ersten Pflanzungen erhalten geblieben, darunter Eichen, Eiben und Platanen, die noch aus dem fr\u00fchen 19. Jahrhundert stammen.<\/p>\n<h2>Krieg und Wiederaufbau<\/h2>\n<p>Im Jahr 1945 wurde der Garten w\u00e4hrend der Belagerung der Festung Breslau weitgehend zerst\u00f6rt. Die Gew\u00e4chshauskollektionen gingen verloren, ebenso ein gro\u00dfer Teil des Baumbestandes. Auf dem Gel\u00e4nde befanden sich zudem Artilleriestellungen und milit\u00e4rische Lager.<\/p>\n<blockquote>\n<p style=\"text-align: center;\"><span style=\"color: #ffcc00;\"><strong>Heute geh\u00f6rt der Botanische Garten der Universit\u00e4t Breslau zu den \u00e4ltesten und wertvollsten Anlagen dieser Art in Polen \u2013 ein Ort, an dem sich Geschichte und Natur immer wieder neu begegnen.<\/strong><\/span><\/p>\n<\/blockquote>\n<p>Der Wiederaufbau begann nach dem Krieg unter anderem unter der Leitung von Professor Stanis\u0142aw Kulczy\u0144ski. 1950 wurde der Garten wieder f\u00fcr die \u00d6ffentlichkeit ge\u00f6ffnet und seine wissenschaftlichen und erholsamen Funktionen schrittweise wiederhergestellt.<\/p>\n<p>Heute geh\u00f6rt der Botanische Garten der Universit\u00e4t Breslau zu den \u00e4ltesten und wertvollsten Anlagen dieser Art in Polen \u2013 ein Ort, an dem sich Geschichte und Natur immer wieder neu begegnen.<\/p>\n<p><img loading=\"lazy\" decoding=\"async\" class=\"aligncenter size-full wp-image-77505\" src=\"https:\/\/neueswochenblatt.pl\/wp-content\/uploads\/2026\/04\/ogrod2.jpg\" alt=\"\" width=\"1448\" height=\"2048\" srcset=\"https:\/\/neueswochenblatt.pl\/wp-content\/uploads\/2026\/04\/ogrod2.jpg 1448w, https:\/\/neueswochenblatt.pl\/wp-content\/uploads\/2026\/04\/ogrod2-212x300.jpg 212w, https:\/\/neueswochenblatt.pl\/wp-content\/uploads\/2026\/04\/ogrod2-724x1024.jpg 724w, https:\/\/neueswochenblatt.pl\/wp-content\/uploads\/2026\/04\/ogrod2-768x1086.jpg 768w, https:\/\/neueswochenblatt.pl\/wp-content\/uploads\/2026\/04\/ogrod2-1086x1536.jpg 1086w\" sizes=\"auto, (max-width: 1448px) 100vw, 1448px\" \/><\/p>\n<h2>Praktische Informationen<\/h2>\n<p>Die \u201eTulpen-Illuminationen\u201c finden vom 25. April bis zum 10. Mai statt. Die Kassen sind von 19.00 bis 21.30 Uhr ge\u00f6ffnet, der Besuch des Gartens ist bis 22.00 Uhr m\u00f6glich. Der Eintritt kostet 20 PLN, Saisonkarten sind g\u00fcltig. Tickets sind online sowie an der Kasse erh\u00e4ltlich.<\/p>\n<p><img loading=\"lazy\" decoding=\"async\" class=\"aligncenter size-full wp-image-77507\" src=\"https:\/\/neueswochenblatt.pl\/wp-content\/uploads\/2026\/04\/plakaty.jpg\" alt=\"\" width=\"1448\" height=\"2048\" srcset=\"https:\/\/neueswochenblatt.pl\/wp-content\/uploads\/2026\/04\/plakaty.jpg 1448w, https:\/\/neueswochenblatt.pl\/wp-content\/uploads\/2026\/04\/plakaty-212x300.jpg 212w, https:\/\/neueswochenblatt.pl\/wp-content\/uploads\/2026\/04\/plakaty-724x1024.jpg 724w, https:\/\/neueswochenblatt.pl\/wp-content\/uploads\/2026\/04\/plakaty-768x1086.jpg 768w, https:\/\/neueswochenblatt.pl\/wp-content\/uploads\/2026\/04\/plakaty-1086x1536.jpg 1086w\" sizes=\"auto, (max-width: 1448px) 100vw, 1448px\" \/><\/p>\n<p>&nbsp;<\/p>\n<p style=\"text-align: right;\"><strong>Anna Durecka<\/strong><\/p>\n","protected":false},"excerpt":{"rendered":"<p>Geschichte im Gr\u00fcnen Vom 25. April bis zum 10. Mai finden im Botanischen Garten der Universit\u00e4t Breslau die \u201eTulpen-Illuminationen\u201c statt. Sie bieten die Gelegenheit, tausende bl\u00fchende Tulpen auch am Abend in besonderer Beleuchtung zu sehen.<\/p>\n","protected":false},"author":261,"featured_media":77503,"comment_status":"closed","ping_status":"open","sticky":false,"template":"","format":"standard","meta":{"_acf_changed":false,"footnotes":""},"categories":[4224],"tags":[7584,6268,7585,7353,6709],"redaktor":[5629],"class_list":["post-77500","post","type-post","status-publish","format-standard","has-post-thumbnail","hentry","category-geschichte-de","tag-botanischer-garten-in-breslau","tag-breslau","tag-tulpen-illuminationen","tag-universitaet-breslau-de","tag-vergessenes-erbe-de-2","redaktor-anna-durecka-de"],"acf":[],"_links":{"self":[{"href":"https:\/\/neueswochenblatt.pl\/de\/wp-json\/wp\/v2\/posts\/77500","targetHints":{"allow":["GET"]}}],"collection":[{"href":"https:\/\/neueswochenblatt.pl\/de\/wp-json\/wp\/v2\/posts"}],"about":[{"href":"https:\/\/neueswochenblatt.pl\/de\/wp-json\/wp\/v2\/types\/post"}],"author":[{"embeddable":true,"href":"https:\/\/neueswochenblatt.pl\/de\/wp-json\/wp\/v2\/users\/261"}],"replies":[{"embeddable":true,"href":"https:\/\/neueswochenblatt.pl\/de\/wp-json\/wp\/v2\/comments?post=77500"}],"version-history":[{"count":12,"href":"https:\/\/neueswochenblatt.pl\/de\/wp-json\/wp\/v2\/posts\/77500\/revisions"}],"predecessor-version":[{"id":77559,"href":"https:\/\/neueswochenblatt.pl\/de\/wp-json\/wp\/v2\/posts\/77500\/revisions\/77559"}],"wp:featuredmedia":[{"embeddable":true,"href":"https:\/\/neueswochenblatt.pl\/de\/wp-json\/wp\/v2\/media\/77503"}],"wp:attachment":[{"href":"https:\/\/neueswochenblatt.pl\/de\/wp-json\/wp\/v2\/media?parent=77500"}],"wp:term":[{"taxonomy":"category","embeddable":true,"href":"https:\/\/neueswochenblatt.pl\/de\/wp-json\/wp\/v2\/categories?post=77500"},{"taxonomy":"post_tag","embeddable":true,"href":"https:\/\/neueswochenblatt.pl\/de\/wp-json\/wp\/v2\/tags?post=77500"},{"taxonomy":"redaktor","embeddable":true,"href":"https:\/\/neueswochenblatt.pl\/de\/wp-json\/wp\/v2\/redaktor?post=77500"}],"curies":[{"name":"wp","href":"https:\/\/api.w.org\/{rel}","templated":true}]}}