{"id":77447,"date":"2026-04-25T05:00:58","date_gmt":"2026-04-25T03:00:58","guid":{"rendered":"https:\/\/neueswochenblatt.pl\/?p=77447"},"modified":"2026-04-24T15:22:49","modified_gmt":"2026-04-24T13:22:49","slug":"dr-edward-wasiewicz-zu-gast-in-oppeln-oesterreichischer-fruehling","status":"publish","type":"post","link":"https:\/\/neueswochenblatt.pl\/de\/dr-edward-wasiewicz-zu-gast-in-oppeln-oesterreichischer-fruehling\/","title":{"rendered":"Honorarkonsul Dr. Edward W\u0105siewicz zu Gast in Oppeln"},"content":{"rendered":"<h1>\u00d6sterreichischer Fr\u00fchling<\/h1>\n<p><strong>Im Rahmen der Programmreihe \u00d6sterreichischer Fr\u00fchling hat Dr. Edward W\u0105siewicz, Honorarkonsul der Republik \u00d6sterreich in Breslau, einen Vortrag \u00fcber die \u00f6sterreichisch-polnischen Beziehungen gehalten. Der Vortrag bot spannende Einblicke in Politik, Wirtschaft und Kultur \u00d6sterreichs sowie in die enge Partnerschaft beider L\u00e4nder.<\/strong><\/p>\n<p><!--more--><\/p>\n<p>In den R\u00e4umlichkeiten der Woiwodschaftsbibliothek Oppeln lauschten einige Studenten dem Redner. W\u00e4hrend der rund 90-min\u00fctigen Veranstaltung pr\u00e4sentierte Dr. Edward W\u0105siewicz seinen Zuh\u00f6rern wissenswerte Fakten \u00fcber \u00d6sterreich. Etwa, dass Wien mehr Einwohner als Warschau habe und die f\u00fcnftgr\u00f6\u00dfte Stadt innerhalb der Europ\u00e4ischen Union sei, oder dass rund ein Viertel der Erwerbst\u00e4tigen in \u00d6sterreich aus anderen L\u00e4ndern stammt.<\/p>\n<p>Ein weiteres Thema des Vortrags war die Parteienlandschaft und die politische Ausrichtung: Anhand verschiedener Diagramme und Umfragewerte veranschaulichte der Honorarkonsul den Zuh\u00f6rern die politischen Verh\u00e4ltnisse in \u00d6sterreich. Schnell wurde klar, dass auch in \u00d6sterreich ein zunehmender Rechtsruck herrscht, \u00e4hnlich wie in einigen anderen L\u00e4ndern innerhalb der EU.<\/p>\n<div id=\"attachment_77452\" style=\"width: 2346px\" class=\"wp-caption aligncenter\"><img loading=\"lazy\" decoding=\"async\" aria-describedby=\"caption-attachment-77452\" class=\"wp-image-77452 size-full\" src=\"https:\/\/neueswochenblatt.pl\/wp-content\/uploads\/2026\/04\/Foto-3-scaled.jpg\" alt=\"\" width=\"2336\" height=\"2560\" srcset=\"https:\/\/neueswochenblatt.pl\/wp-content\/uploads\/2026\/04\/Foto-3-scaled.jpg 2336w, https:\/\/neueswochenblatt.pl\/wp-content\/uploads\/2026\/04\/Foto-3-274x300.jpg 274w, https:\/\/neueswochenblatt.pl\/wp-content\/uploads\/2026\/04\/Foto-3-935x1024.jpg 935w, https:\/\/neueswochenblatt.pl\/wp-content\/uploads\/2026\/04\/Foto-3-768x842.jpg 768w, https:\/\/neueswochenblatt.pl\/wp-content\/uploads\/2026\/04\/Foto-3-1402x1536.jpg 1402w, https:\/\/neueswochenblatt.pl\/wp-content\/uploads\/2026\/04\/Foto-3-1869x2048.jpg 1869w\" sizes=\"auto, (max-width: 2336px) 100vw, 2336px\" \/><p id=\"caption-attachment-77452\" class=\"wp-caption-text\">Im Rahmen des \u00d6sterreichischen Fr\u00fchlings in der Woiwodschaftsbibliothek in Oppeln: Dr. Edward W\u0105siewicz.<br \/>Foto: Jonas Goddek<\/p><\/div>\n<h2>Starke Partnerschaft zwischen Polen und \u00d6sterreich<\/h2>\n<p>W\u0105siewicz betonte, dass die enge Partnerschaft zwischen Polen und \u00d6sterreich f\u00fcr beide L\u00e4nder wichtig sei und auch in Zukunft weiter intensiviert werden sollte: \u201eKulturell sind wir uns sehr \u00e4hnlich. Der Unterschied der Sprachen ist eigentlich das Einzige, was die Kontakte erschwert. Oft verstehen wir uns aber auch ohne Worte. Besonders wenn junge Menschen aus \u00d6sterreich nach Polen kommen, entdecken sie ein Land, das f\u00fcr sie eine unglaubliche \u00dcberraschung ist, besonders in kultureller Hinsicht\u201c.<\/p>\n<h2>Ann\u00e4herung in der Lebensqualit\u00e4t<\/h2>\n<p>Im Hinblick auf die Lebensqualit\u00e4t der beiden L\u00e4nder sieht der Honorarkonsul eine Ann\u00e4herung: \u201eImmer besser, w\u00fcrde ich sagen. Es gibt eine gewisse Angleichung der Lebensqualit\u00e4t, auch wenn in Polen noch viel zu tun ist, um das Durchschnittsniveau \u00d6sterreichs zu erreichen. Wenn man die Flei\u00dfigkeit, Genauigkeit und Zuverl\u00e4ssigkeit \u00d6sterreichs mit dem polnischen Erfindungsgeist und den innovativen Initiativen kombiniert, dann kann ich von einem Dream-Team zwischen den beiden L\u00e4ndern sprechen\u201c, beschreibt W\u0105siewicz. Unabh\u00e4ngig davon, welche Koalition gerade in \u00d6sterreich oder in Polen an der Staatsspitze stehe, seien die Kontakte immer eng \u2013 und wachsen stetig weiter: \u201eWas mich am meisten freut, ist, dass es trotz mancher parteipolitischer Unterschiede in beiden L\u00e4ndern einen breiten Konsens gibt, diese Beziehungen aufrechtzuerhalten und weiter zu pflegen. Das ist sehr wichtig und gut.\u201c<\/p>\n<blockquote>\n<p style=\"text-align: center;\"><span style=\"color: #ffcc00;\"><strong>\u201eWas mich am meisten freut, ist, dass es trotz mancher parteipolitischer Unterschiede in beiden L\u00e4ndern einen breiten Konsens gibt, diese Beziehungen aufrechtzuerhalten und weiter zu pflegen. Das ist sehr wichtig und gut.\u201c \u2013 <\/strong>Dr. Edward W\u0105siewicz, Honorarkonsul der Republik \u00d6sterreich in Breslau<\/span><\/p>\n<\/blockquote>\n<p>Potenzial bestehe vor allem in der Wirtschaft: \u201eMan sieht das ja auch an konkreten Beispielen: Es w\u00e4chst die wirtschaftliche Zusammenarbeit, es w\u00e4chst auch der Austausch, wenn es um Umweltfragen geht\u201c. \u00d6sterreich sei zwar deutlich weiter, was erneuerbare Energien bei der Stromerzeugung betreffe, jedoch hole auch Polen kr\u00e4ftig auf, erkl\u00e4rte Edward W\u0105siewicz seinem Publikum.<\/p>\n<div id=\"attachment_77450\" style=\"width: 1347px\" class=\"wp-caption aligncenter\"><img loading=\"lazy\" decoding=\"async\" aria-describedby=\"caption-attachment-77450\" class=\"size-full wp-image-77450\" src=\"https:\/\/neueswochenblatt.pl\/wp-content\/uploads\/2026\/04\/Foto-2-e1777016667434.jpg\" alt=\"\" width=\"1337\" height=\"1360\" srcset=\"https:\/\/neueswochenblatt.pl\/wp-content\/uploads\/2026\/04\/Foto-2-e1777016667434.jpg 1337w, https:\/\/neueswochenblatt.pl\/wp-content\/uploads\/2026\/04\/Foto-2-e1777016667434-295x300.jpg 295w, https:\/\/neueswochenblatt.pl\/wp-content\/uploads\/2026\/04\/Foto-2-e1777016667434-1007x1024.jpg 1007w, https:\/\/neueswochenblatt.pl\/wp-content\/uploads\/2026\/04\/Foto-2-e1777016667434-768x781.jpg 768w\" sizes=\"auto, (max-width: 1337px) 100vw, 1337px\" \/><p id=\"caption-attachment-77450\" class=\"wp-caption-text\">Dr. Edward W\u0105siewicz veranschaulichte die aktuelle Parteienlandschaft in \u00d6sterreich anhand einer Grafik.<br \/>Foto: Jonas Goddek<\/p><\/div>\n<h2>Positive Resonanz der Veranstaltung<\/h2>\n<p>Am Ende der Veranstaltung erntete der Redner kr\u00e4ftigen Applaus. Monika W\u00f3jcik-Bednarz von der Woiwodschaftsbibliothek Oppeln zeigte sich begeistert und zufrieden: \u201eDer Vortrag kam gut an. Dr. Edward W\u0105siewicz hat uns neue Einblicke in die aktuelle Situation in \u00d6sterreich gegeben, vor allem in demografische und wirtschaftliche Aspekte, die auch im Zusammenhang mit Polen stehen. Ich denke, das Publikum und die Studenten haben dadurch einen besseren \u00dcberblick bekommen, wie wichtig diese Partnerschaft f\u00fcr beide L\u00e4nder ist.\u201c<\/p>\n<p style=\"text-align: right;\"><strong>Jonas Goddek<\/strong><\/p>\n","protected":false},"excerpt":{"rendered":"<p>\u00d6sterreichischer Fr\u00fchling Im Rahmen der Programmreihe \u00d6sterreichischer Fr\u00fchling hat Dr. Edward W\u0105siewicz, Honorarkonsul der Republik \u00d6sterreich in Breslau, einen Vortrag \u00fcber die \u00f6sterreichisch-polnischen Beziehungen gehalten. Der Vortrag bot spannende Einblicke in Politik, Wirtschaft und Kultur \u00d6sterreichs sowie in die enge Partnerschaft beider L\u00e4nder.<\/p>\n","protected":false},"author":261,"featured_media":77449,"comment_status":"closed","ping_status":"open","sticky":false,"template":"","format":"standard","meta":{"_acf_changed":false,"footnotes":""},"categories":[4232],"tags":[7551,7552,6805,7553,6804,6686],"redaktor":[6722],"class_list":["post-77447","post","type-post","status-publish","format-standard","has-post-thumbnail","hentry","category-politik-de","tag-dr-edward-wasiewicz","tag-honorarkonsul-der-republik-oesterreich-in-breslau","tag-oesterreich-bibliothek-de","tag-oesterreichisch-polnische-beziehungen","tag-oesterreichischer-fruehling","tag-woiwodschaftsbibliothek-in-oppeln-de","redaktor-jonas-goddek"],"acf":[],"_links":{"self":[{"href":"https:\/\/neueswochenblatt.pl\/de\/wp-json\/wp\/v2\/posts\/77447","targetHints":{"allow":["GET"]}}],"collection":[{"href":"https:\/\/neueswochenblatt.pl\/de\/wp-json\/wp\/v2\/posts"}],"about":[{"href":"https:\/\/neueswochenblatt.pl\/de\/wp-json\/wp\/v2\/types\/post"}],"author":[{"embeddable":true,"href":"https:\/\/neueswochenblatt.pl\/de\/wp-json\/wp\/v2\/users\/261"}],"replies":[{"embeddable":true,"href":"https:\/\/neueswochenblatt.pl\/de\/wp-json\/wp\/v2\/comments?post=77447"}],"version-history":[{"count":5,"href":"https:\/\/neueswochenblatt.pl\/de\/wp-json\/wp\/v2\/posts\/77447\/revisions"}],"predecessor-version":[{"id":77546,"href":"https:\/\/neueswochenblatt.pl\/de\/wp-json\/wp\/v2\/posts\/77447\/revisions\/77546"}],"wp:featuredmedia":[{"embeddable":true,"href":"https:\/\/neueswochenblatt.pl\/de\/wp-json\/wp\/v2\/media\/77449"}],"wp:attachment":[{"href":"https:\/\/neueswochenblatt.pl\/de\/wp-json\/wp\/v2\/media?parent=77447"}],"wp:term":[{"taxonomy":"category","embeddable":true,"href":"https:\/\/neueswochenblatt.pl\/de\/wp-json\/wp\/v2\/categories?post=77447"},{"taxonomy":"post_tag","embeddable":true,"href":"https:\/\/neueswochenblatt.pl\/de\/wp-json\/wp\/v2\/tags?post=77447"},{"taxonomy":"redaktor","embeddable":true,"href":"https:\/\/neueswochenblatt.pl\/de\/wp-json\/wp\/v2\/redaktor?post=77447"}],"curies":[{"name":"wp","href":"https:\/\/api.w.org\/{rel}","templated":true}]}}