{"id":77442,"date":"2026-04-26T12:00:45","date_gmt":"2026-04-26T10:00:45","guid":{"rendered":"https:\/\/neueswochenblatt.pl\/?p=77442"},"modified":"2026-04-24T08:28:46","modified_gmt":"2026-04-24T06:28:46","slug":"schlesien-aktuell-das-magazin-am-26-04-2026","status":"publish","type":"post","link":"https:\/\/neueswochenblatt.pl\/de\/schlesien-aktuell-das-magazin-am-26-04-2026\/","title":{"rendered":"Schlesien Aktuell &#8211; das Magazin am 26.04.2026"},"content":{"rendered":"<p><strong>Am 17. Juni vor 35 Jahren wurde der &#8222;Deutsch-Polnische Vertrag \u00fcber gute Nachbarschaft und freundschaftliche Zusammenarbeit\u201c unterzeichnet und ein Grundstein f\u00fcr die Zusammenarbeit zwischen Deutschland und Polen gelegt.<\/strong><\/p>\n<p><!--more--><\/p>\n<p>Damit wurden auch neue Perspektiven f\u00fcr Deutsche in Polen er\u00f6ffnet. Dar\u00fcber und \u00fcber das Hier und Jetzt sprechen wir mit Lucjan Dzumla, dem Direktor des Hauses der deutsch-polnischen Zusammenarbeit in Oppeln und Gleiwitz.<\/p>\n<p>Wir stehen vor dem ersten Maiwochenende und damit vor der Qual der Wahl, was Veranstaltungen angeht. Damit Sie es leichter haben, gibt es Tipps und Anregungen von uns.<\/p>\n<p>Was sonst noch in unserer Region passiert, auch das h\u00f6ren Sie heute in der Sendung.<\/p>\n<div id=\"attachment_77440\" style=\"width: 970px\" class=\"wp-caption aligncenter\"><img loading=\"lazy\" decoding=\"async\" aria-describedby=\"caption-attachment-77440\" class=\"size-full wp-image-77440\" src=\"https:\/\/neueswochenblatt.pl\/wp-content\/uploads\/2026\/04\/Dzumla-Mind_Netz.jpg\" alt=\"\" width=\"960\" height=\"843\" srcset=\"https:\/\/neueswochenblatt.pl\/wp-content\/uploads\/2026\/04\/Dzumla-Mind_Netz.jpg 960w, https:\/\/neueswochenblatt.pl\/wp-content\/uploads\/2026\/04\/Dzumla-Mind_Netz-300x263.jpg 300w, https:\/\/neueswochenblatt.pl\/wp-content\/uploads\/2026\/04\/Dzumla-Mind_Netz-768x674.jpg 768w\" sizes=\"auto, (max-width: 960px) 100vw, 960px\" \/><p id=\"caption-attachment-77440\" class=\"wp-caption-text\">Sorgt f\u00fcr gutes Nachbarschaftsklima: Lucjan Dzumla von Haus der deutsch-polnischen Zusammenarbeit<br \/>Foto: Mind_Netz<\/p><\/div>\n<p>Wann und wo?<\/p>\n<p>Sonntag um 20:05 Uhr bei Radio Oppeln<\/p>\n<p>Wiederholungen: jeden Dienstag um 11 und 21 Uhr im Internetradio Mittendrin.pl auf dem Kanal<em><a href=\"https:\/\/mittendrin.pl\/radio-region.php\" target=\"_blank\" rel=\"noopener\">\u00a0<span style=\"color: #0000ff;\">Region<\/span>.<\/a><\/em><\/p>\n<p>Am Montag ab 11 Uhr auf Spotify:<span style=\"color: #0000ff;\">\u00a0<\/span><span style=\"color: #3366ff;\"><a style=\"color: #3366ff;\" href=\"https:\/\/open.spotify.com\/show\/5tctjUyJ78zgOX2h61QMV4\" target=\"_blank\" rel=\"noopener\"><em><span style=\"color: #0000ff;\">Schlesien Aktuell \u2013 das Magazin<\/span>\u00a0<\/em><\/a><\/span>und auf<em>\u00a0<span style=\"color: #0000ff;\"><a style=\"color: #0000ff;\" href=\"https:\/\/youtu.be\/OQRS0Ja9TyQ?si=0j9h2_OjZ6diRs2v&amp;t=4\" target=\"_blank\" rel=\"noopener\">You Tube <\/a><\/span><\/em><\/p>\n<p>&nbsp;<\/p>\n<p>Am Sonntag um 19:05 Uhr gibt es unser <strong>Wunschkonzert<\/strong>, die Musikschachtel bei\u00a0Radio Doxa<\/p>\n<p>Kostenlose Gr\u00fc\u00dfe und Musikw\u00fcnsche f\u00fcr das Wunschkonzert an: musikschachtel@gmail.com<br \/>\nper Telefon 77 454 65 56 oder per Post an die Redaktion des Wochenblattes mit dem Kennwort \u201eMusikschachtel\u201c (die W\u00fcnsche m\u00fcssen immer bis Mittwoch bei uns eintreffen).<\/p>\n<p>Wiederholung: am Montag um 19:05 Uhr im Internetradio Mittendrin.pl, auf dem Kanal<span style=\"color: #3366ff;\">\u00a0<em><a style=\"color: #3366ff;\" href=\"https:\/\/mittendrin.pl\/radio-region.php\" target=\"_blank\" rel=\"noopener\"><span style=\"color: #0000ff;\">Region<\/span>.<\/a><\/em><\/span><\/p>\n<p>&nbsp;<\/p>\n<p>Frauenfragen \u2013 jeden letzten Dienstag im Monat um 22:05 Uhr auf Radio Doxa.<\/p>\n<p>Wiederholung: Donnerstag um 11:00 und 21:00 Uhr im Internetradio Mittendrin.pl, auf dem Kanal\u00a0<a href=\"https:\/\/mittendrin.pl\/radio-region.php\"><span style=\"color: #3366ff;\"><span style=\"color: #0000ff;\">Region<\/span>.<\/span>\u00a0<\/a><\/p>\n<p>Jederzeit auf YouTube:<span style=\"color: #0000ff;\">\u00a0<em><a style=\"color: #0000ff;\" href=\"https:\/\/www.youtube.com\/@MediaVdG\" target=\"_blank\" rel=\"noopener\">Media VdG! <\/a><\/em><\/span>und auf Spotify:<span style=\"color: #0000ff;\"><a style=\"color: #0000ff;\" href=\"https:\/\/open.spotify.com\/show\/5hBVbid5HIyxPgPhxkhINv\" target=\"_blank\" rel=\"noopener\"><em> Frauenfragen\u00a0<\/em><\/a><\/span><\/p>\n","protected":false},"excerpt":{"rendered":"<p>Am 17. Juni vor 35 Jahren wurde der &#8222;Deutsch-Polnische Vertrag \u00fcber gute Nachbarschaft und freundschaftliche Zusammenarbeit\u201c unterzeichnet und ein Grundstein f\u00fcr die Zusammenarbeit zwischen Deutschland und Polen gelegt.<\/p>\n","protected":false},"author":12,"featured_media":77441,"comment_status":"closed","ping_status":"open","sticky":false,"template":"","format":"standard","meta":{"_acf_changed":false,"footnotes":""},"categories":[4233],"tags":[7242,6362,6403,5882,7287],"redaktor":[6076],"class_list":["post-77442","post","type-post","status-publish","format-standard","has-post-thumbnail","hentry","category-radio-de","tag-35-jahre-deutsch-polnischer-nachbarschaftsvertrag","tag-deutsch-polnischer-nachbarschaftsvertrag-de","tag-lucjan-dzumla-de","tag-schlesien-aktuell-de","tag-vertrag-ueber-gute-nachbarschaft-und-freundschaftliche-zusammenarbeit","redaktor-klaudia-kandzia-de"],"acf":[],"_links":{"self":[{"href":"https:\/\/neueswochenblatt.pl\/de\/wp-json\/wp\/v2\/posts\/77442","targetHints":{"allow":["GET"]}}],"collection":[{"href":"https:\/\/neueswochenblatt.pl\/de\/wp-json\/wp\/v2\/posts"}],"about":[{"href":"https:\/\/neueswochenblatt.pl\/de\/wp-json\/wp\/v2\/types\/post"}],"author":[{"embeddable":true,"href":"https:\/\/neueswochenblatt.pl\/de\/wp-json\/wp\/v2\/users\/12"}],"replies":[{"embeddable":true,"href":"https:\/\/neueswochenblatt.pl\/de\/wp-json\/wp\/v2\/comments?post=77442"}],"version-history":[{"count":2,"href":"https:\/\/neueswochenblatt.pl\/de\/wp-json\/wp\/v2\/posts\/77442\/revisions"}],"predecessor-version":[{"id":77445,"href":"https:\/\/neueswochenblatt.pl\/de\/wp-json\/wp\/v2\/posts\/77442\/revisions\/77445"}],"wp:featuredmedia":[{"embeddable":true,"href":"https:\/\/neueswochenblatt.pl\/de\/wp-json\/wp\/v2\/media\/77441"}],"wp:attachment":[{"href":"https:\/\/neueswochenblatt.pl\/de\/wp-json\/wp\/v2\/media?parent=77442"}],"wp:term":[{"taxonomy":"category","embeddable":true,"href":"https:\/\/neueswochenblatt.pl\/de\/wp-json\/wp\/v2\/categories?post=77442"},{"taxonomy":"post_tag","embeddable":true,"href":"https:\/\/neueswochenblatt.pl\/de\/wp-json\/wp\/v2\/tags?post=77442"},{"taxonomy":"redaktor","embeddable":true,"href":"https:\/\/neueswochenblatt.pl\/de\/wp-json\/wp\/v2\/redaktor?post=77442"}],"curies":[{"name":"wp","href":"https:\/\/api.w.org\/{rel}","templated":true}]}}