{"id":77372,"date":"2026-04-23T17:00:34","date_gmt":"2026-04-23T15:00:34","guid":{"rendered":"https:\/\/neueswochenblatt.pl\/?p=77372"},"modified":"2026-04-22T15:32:10","modified_gmt":"2026-04-22T13:32:10","slug":"was-war-diese-woche-wieder-los-in-den-dfk-ortsgruppen-und-was-steht-noch-an-woche-im-dfk","status":"publish","type":"post","link":"https:\/\/neueswochenblatt.pl\/de\/was-war-diese-woche-wieder-los-in-den-dfk-ortsgruppen-und-was-steht-noch-an-woche-im-dfk\/","title":{"rendered":"Woche im DFK"},"content":{"rendered":"<h1>Was war diese Woche wieder los in den DFK-Ortsgruppen? Und was steht noch an?<\/h1>\n<p><!--more--><\/p>\n<h3>Waldenburger in Bunzlau<\/h3>\n<p>Am 18. April lud die Deutsche Sozial-Kulturelle Gesellschaft in Waldenburg zum Bildungsprojekt \u201eBunzlau \u2013 deutsche Geschichte und kulturelles Erbe Niederschlesiens\u201c. Ziel der Studienreise war es, den Teilnehmern die historischen Verbindungen der Stadt Bunzlau mit der deutschen Kultur und Geschichte n\u00e4herzubringen. Im Mittelpunkt stand das Kennenlernen der bedeutendsten Orte, Pers\u00f6nlichkeiten und Traditionen, die die Stadt \u00fcber Jahrhunderte gepr\u00e4gt haben. Das Projekt wurde im Rahmen des Programms \u201eBegegnungsst\u00e4ttenarbeit\u201c organisiert.<\/p>\n<div id=\"attachment_77373\" style=\"width: 1210px\" class=\"wp-caption aligncenter\"><img loading=\"lazy\" decoding=\"async\" aria-describedby=\"caption-attachment-77373\" class=\"size-full wp-image-77373\" src=\"https:\/\/neueswochenblatt.pl\/wp-content\/uploads\/2026\/04\/DO-GRAFIKI-dfk-waldenburg.jpg\" alt=\"\" width=\"1200\" height=\"1600\" srcset=\"https:\/\/neueswochenblatt.pl\/wp-content\/uploads\/2026\/04\/DO-GRAFIKI-dfk-waldenburg.jpg 1200w, https:\/\/neueswochenblatt.pl\/wp-content\/uploads\/2026\/04\/DO-GRAFIKI-dfk-waldenburg-225x300.jpg 225w, https:\/\/neueswochenblatt.pl\/wp-content\/uploads\/2026\/04\/DO-GRAFIKI-dfk-waldenburg-768x1024.jpg 768w, https:\/\/neueswochenblatt.pl\/wp-content\/uploads\/2026\/04\/DO-GRAFIKI-dfk-waldenburg-1152x1536.jpg 1152w\" sizes=\"auto, (max-width: 1200px) 100vw, 1200px\" \/><p id=\"caption-attachment-77373\" class=\"wp-caption-text\">Waldenburger in Bunzlau.<br \/>Foto: DFK Waldenburg<\/p><\/div>\n<h3>Maibaumfest in Stollarzowitz<\/h3>\n<p>Die deutsche Minderheit \u201eBr\u00fcckenbauer\u201c, Ortsgruppen Stollarzowitz und Friedrichswille, l\u00e4dt am 30. April zum Maibaumfest ein. Los geht es um 17:00 Uhr in der ul. Powsta\u0144c\u00f3w 21 in Stollarzowitz. Besucher erwartet ein abwechslungsreiches Programm, das Tradition und Gemeinschaft verbindet. Der Nachmittag beginnt feierlich mit dem traditionellen Umzug und dem Aufstellen des Maibaums, musikalisch begleitet von der Blaskapelle Schwieben. Neben kulturellen Beitr\u00e4gen, wie dem Auftritt der Grundschule Nr. 21, bietet die mobile Ausstellung \u201eDie Deutschen in Polen\u201c interessante Einblicke in die Regionalgeschichte.<\/p>\n<p>W\u00e4hrend sich die j\u00fcngsten G\u00e4ste bei speziellen Kinderanimationen austoben k\u00f6nnen, ist f\u00fcr das leibliche Wohl mit gutem Essen und Getr\u00e4nken bestens gesorgt.<\/p>\n<p><img loading=\"lazy\" decoding=\"async\" class=\"aligncenter size-full wp-image-77377\" src=\"https:\/\/neueswochenblatt.pl\/wp-content\/uploads\/2026\/04\/maibaum-stollarzowitz.jpg\" alt=\"\" width=\"1448\" height=\"2048\" srcset=\"https:\/\/neueswochenblatt.pl\/wp-content\/uploads\/2026\/04\/maibaum-stollarzowitz.jpg 1448w, https:\/\/neueswochenblatt.pl\/wp-content\/uploads\/2026\/04\/maibaum-stollarzowitz-212x300.jpg 212w, https:\/\/neueswochenblatt.pl\/wp-content\/uploads\/2026\/04\/maibaum-stollarzowitz-724x1024.jpg 724w, https:\/\/neueswochenblatt.pl\/wp-content\/uploads\/2026\/04\/maibaum-stollarzowitz-768x1086.jpg 768w, https:\/\/neueswochenblatt.pl\/wp-content\/uploads\/2026\/04\/maibaum-stollarzowitz-1086x1536.jpg 1086w\" sizes=\"auto, (max-width: 1448px) 100vw, 1448px\" \/><\/p>\n<h3>Fr\u00fchling im DFK Gogolin<\/h3>\n<p>Im DFK Gogolin l\u00e4uft zurzeit der deutsche Samstagskurs. Letzten Samstag besch\u00e4ftigten sich die Teilnehmer mit dem Thema Fr\u00fchling. Die Kinder lernten neuen, fr\u00fchlingshaften Wortschatz kennen und haben passende Bastelideen umgesetzt. Es war ein toller Tag f\u00fcr alle!<\/p>\n<div id=\"attachment_77375\" style=\"width: 2058px\" class=\"wp-caption aligncenter\"><img loading=\"lazy\" decoding=\"async\" aria-describedby=\"caption-attachment-77375\" class=\"size-full wp-image-77375\" src=\"https:\/\/neueswochenblatt.pl\/wp-content\/uploads\/2026\/04\/dfk-gogolin.jpg\" alt=\"\" width=\"2048\" height=\"1536\" srcset=\"https:\/\/neueswochenblatt.pl\/wp-content\/uploads\/2026\/04\/dfk-gogolin.jpg 2048w, https:\/\/neueswochenblatt.pl\/wp-content\/uploads\/2026\/04\/dfk-gogolin-300x225.jpg 300w, https:\/\/neueswochenblatt.pl\/wp-content\/uploads\/2026\/04\/dfk-gogolin-1024x768.jpg 1024w, https:\/\/neueswochenblatt.pl\/wp-content\/uploads\/2026\/04\/dfk-gogolin-768x576.jpg 768w, https:\/\/neueswochenblatt.pl\/wp-content\/uploads\/2026\/04\/dfk-gogolin-1536x1152.jpg 1536w\" sizes=\"auto, (max-width: 2048px) 100vw, 2048px\" \/><p id=\"caption-attachment-77375\" class=\"wp-caption-text\">Foto: DFK Gogolin<\/p><\/div>\n<h3>Rezepte aus dem alten Notizbuch<\/h3>\n<p>Im DFK Otmuth Krappitz fand vor einiger Zeit ein besonderes Treffen unter dem Motto \u201eRezepte aus dem alten Notizbuch\u201c statt. Im Rahmen der Konsolidierung der Begegnungsst\u00e4tten kamen die Teilnehmerinnen und Teilnehmer zusammen, um Familienrezepte zu pr\u00e4sentieren und auszutauschen. Im Mittelpunkt standen traditionelle Gerichte, die seit Generationen in den Familien weitergegeben werden. Die Veranstaltung blieb nicht bei der Theorie: F\u00fcnf ausgew\u00e4hlte Rezepte wurden gemeinsam ausprobiert und frisch zubereitet. Die verkosteten Speisen stie\u00dfen auf gro\u00dfe Zustimmung und sorgten f\u00fcr eine angenehme und lebendige Atmosph\u00e4re. Besonders hervorzuheben war die breite Beteiligung. Neben den Einwohnerinnen und Einwohnern aus Krappitz nahmen auch G\u00e4ste aus umliegenden Ortschaften sowie aktive Seniorinnen und Senioren teil. Das Treffen zeigte deutlich, dass kulinarische Traditionen Menschen verbinden und den Austausch zwischen den Generationen f\u00f6rdern.<\/p>\n<h3>Gl\u00e4serne Geschichten in Proskau<\/h3>\n<p>Im DFK-Saal in Proskau fand am Sonntag, den 19. April, ein besonderer Themenabend unter dem Titel \u201eGl\u00e4serne Geschichten\u201c statt. Die Veranstaltung widmete sich der historischen Glasproduktion in Schlesien und bot den Teilnehmenden einen vertieften Einblick in dieses traditionsreiche Handwerk.<\/p>\n<p>Die Referentin R\u00f3\u017ca Zgorzelska pr\u00e4sentierte einen fachkundigen und zugleich anschaulichen Vortrag, der die Entwicklung der regionalen Glasindustrie sowie ihre kulturelle Bedeutung beleuchtete. Zahlreiche G\u00e4ste nutzten die Gelegenheit, mehr \u00fcber die handwerklichen Techniken und die historische Einbettung der Glasherstellung in Schlesien zu erfahren.<\/p>\n<p>Ein besonderes Highlight des Abends war die Pr\u00e4sentation der privaten Sammlung der Referentin. Die Besucherinnen und Besucher konnten kunstvoll gefertigte Glasobjekte aus n\u00e4chster N\u00e4he betrachten, die die Vielfalt und Qualit\u00e4t der regionalen Handwerkskunst eindrucksvoll veranschaulichten.<\/p>\n<p>Quelle: R\u00f3\u017ca Zgorzelska<\/p>\n<p style=\"text-align: right;\"><strong>Anna Durecka<\/strong><\/p>\n","protected":false},"excerpt":{"rendered":"<p>Was war diese Woche wieder los in den DFK-Ortsgruppen? Und was steht noch an?<\/p>\n","protected":false},"author":261,"featured_media":77379,"comment_status":"closed","ping_status":"open","sticky":false,"template":"","format":"standard","meta":{"_acf_changed":false,"footnotes":""},"categories":[5625],"tags":[6286,7526,6287,7528,7527,5923],"redaktor":[5629],"class_list":["post-77372","post","type-post","status-publish","format-standard","has-post-thumbnail","hentry","category-kultur-de","tag-dfk-gogolin-de","tag-dfk-otmuth-krappitz","tag-dfk-stollarzowitz-de","tag-dfk-waldenburg-de","tag-waldenburger-in-bunzlau","tag-woche-im-dfk-de","redaktor-anna-durecka-de"],"acf":[],"_links":{"self":[{"href":"https:\/\/neueswochenblatt.pl\/de\/wp-json\/wp\/v2\/posts\/77372","targetHints":{"allow":["GET"]}}],"collection":[{"href":"https:\/\/neueswochenblatt.pl\/de\/wp-json\/wp\/v2\/posts"}],"about":[{"href":"https:\/\/neueswochenblatt.pl\/de\/wp-json\/wp\/v2\/types\/post"}],"author":[{"embeddable":true,"href":"https:\/\/neueswochenblatt.pl\/de\/wp-json\/wp\/v2\/users\/261"}],"replies":[{"embeddable":true,"href":"https:\/\/neueswochenblatt.pl\/de\/wp-json\/wp\/v2\/comments?post=77372"}],"version-history":[{"count":2,"href":"https:\/\/neueswochenblatt.pl\/de\/wp-json\/wp\/v2\/posts\/77372\/revisions"}],"predecessor-version":[{"id":77385,"href":"https:\/\/neueswochenblatt.pl\/de\/wp-json\/wp\/v2\/posts\/77372\/revisions\/77385"}],"wp:featuredmedia":[{"embeddable":true,"href":"https:\/\/neueswochenblatt.pl\/de\/wp-json\/wp\/v2\/media\/77379"}],"wp:attachment":[{"href":"https:\/\/neueswochenblatt.pl\/de\/wp-json\/wp\/v2\/media?parent=77372"}],"wp:term":[{"taxonomy":"category","embeddable":true,"href":"https:\/\/neueswochenblatt.pl\/de\/wp-json\/wp\/v2\/categories?post=77372"},{"taxonomy":"post_tag","embeddable":true,"href":"https:\/\/neueswochenblatt.pl\/de\/wp-json\/wp\/v2\/tags?post=77372"},{"taxonomy":"redaktor","embeddable":true,"href":"https:\/\/neueswochenblatt.pl\/de\/wp-json\/wp\/v2\/redaktor?post=77372"}],"curies":[{"name":"wp","href":"https:\/\/api.w.org\/{rel}","templated":true}]}}