{"id":77355,"date":"2026-04-22T17:00:04","date_gmt":"2026-04-22T15:00:04","guid":{"rendered":"https:\/\/neueswochenblatt.pl\/?p=77355"},"modified":"2026-04-22T14:57:51","modified_gmt":"2026-04-22T12:57:51","slug":"neue-angebote-von-lernraum-pl","status":"publish","type":"post","link":"https:\/\/neueswochenblatt.pl\/de\/neue-angebote-von-lernraum-pl\/","title":{"rendered":"Neue Angebote von Lernraum.pl"},"content":{"rendered":"<h1>Von Regionalgeschichte bis hin zu Psychologie und moderner Bildung<\/h1>\n<p><strong>Das Projekt Lernraum.pl, bekannt f\u00fcr seine neuen Perspektiven beim Deutschlernen, hat f\u00fcr die kommenden Monate eine Reihe von Fachkursen vorbereitet. Das Angebot umfasst sowohl Online-Kurse als auch Pr\u00e4senzveranstaltungen, die sich an Personen richten, die ihre Leidenschaften und beruflichen Kompetenzen in deutscher Sprache weiterentwickeln m\u00f6chten.<\/strong><\/p>\n<p><!--more--><\/p>\n<p>Nachfolgend finden Sie die Details zu den anstehenden Kursen sowie die jeweiligen Anmeldefristen.<\/p>\n<h2>Investition in das Wohlbefinden: Mentale Widerstandskraft (Online)<\/h2>\n<p><strong>Kurs: \u201eStark im Leben \u2013 Training der mentalen Widerstandskraft f\u00fcr mehr Leichtigkeit\u201c<\/strong><\/p>\n<p>F\u00fcr Menschen, die sich vom Alltag \u00fcberfordert f\u00fchlen, bietet Lernraum.pl ein Resilienz-Training an. Martyna Halek, Koordinatorin des Projekts, beschreibt die Initiative wie folgt:<\/p>\n<p>&#8222;F\u00fchlen Sie sich manchmal \u00fcberfordert vom Alltag und w\u00fcnschen mehr innere Ruhe und St\u00e4rke? Dann laden wir Sie ganz herzlich ein, sich Zeit f\u00fcr sich selbst zu nehmen und etwas wirklich Wertvolles zu tun. Kommen Sie zu unserem inspirierenden Online-Kurs Stark im Leben \u2013 Training der mentalen Widerstandskraft f\u00fcr mehr Leichtigkeit. In einer angenehmen und unterst\u00fctzenden Atmosph\u00e4re entdecken Sie, wie Sie Ihre innere St\u00e4rke aufbauen, gelassener mit Herausforderungen umgehen und mehr Leichtigkeit in Ihr Leben bringen k\u00f6nnen. Dieser Kurs ist nicht nur eine Weiterbildung, sondern eine Investition in Ihr Wohlbefinden.&#8220;<\/p>\n<p>Unter der Leitung von Lena Dihstelhoff arbeiten die Teilnehmer an ihrer inneren St\u00e4rke und Gelassenheit gegen\u00fcber Herausforderungen.<\/p>\n<p>Anmeldeschluss:\u00a0bis 27.04.2026<br \/>\nKursleitung:\u00a0Lena Dihstelhoff<br \/>\nErstes Treffen:\u00a005.05.2026 (dienstags, 17:30 \u2013 20:30 Uhr)<br \/>\nFormat:\u00a0Online<br \/>\nWeitere Infos und Anmeldung: <a href=\"https:\/\/www.lernraum.pl\/produkte\/fachkurs-stark-durchs-leben-resilienztraining-fur-mehr-leichtigkeit\/\" target=\"_blank\" rel=\"noopener\">KLICK<\/a><\/p>\n<p><img loading=\"lazy\" decoding=\"async\" class=\"aligncenter size-full wp-image-77356\" src=\"https:\/\/neueswochenblatt.pl\/wp-content\/uploads\/2026\/04\/Sommerdeutschkurse-im60-1.jpg\" alt=\"\" width=\"1640\" height=\"924\" srcset=\"https:\/\/neueswochenblatt.pl\/wp-content\/uploads\/2026\/04\/Sommerdeutschkurse-im60-1.jpg 1640w, https:\/\/neueswochenblatt.pl\/wp-content\/uploads\/2026\/04\/Sommerdeutschkurse-im60-1-300x169.jpg 300w, https:\/\/neueswochenblatt.pl\/wp-content\/uploads\/2026\/04\/Sommerdeutschkurse-im60-1-1024x577.jpg 1024w, https:\/\/neueswochenblatt.pl\/wp-content\/uploads\/2026\/04\/Sommerdeutschkurse-im60-1-768x433.jpg 768w, https:\/\/neueswochenblatt.pl\/wp-content\/uploads\/2026\/04\/Sommerdeutschkurse-im60-1-1536x865.jpg 1536w\" sizes=\"auto, (max-width: 1640px) 100vw, 1640px\" \/><\/p>\n<h2>F\u00fcr Bildungsinteressierte: Neurodidaktik in der Praxis (Online)<\/h2>\n<p><strong>Kurs: \u201eWenn Lernen im Kopf funktioniert \u2013 Neurodidaktik in der Praxis\u201c<\/strong><\/p>\n<p>Dieser Kurs richtet sich an Lehrer, Trainer und im Bildungsbereich t\u00e4tige Personen, die ihren Unterricht effektiver und ansprechender gestalten m\u00f6chten. Er basiert auf der Erkenntnis, wie das menschliche Gehirn tats\u00e4chlich lernt.<\/p>\n<p>Anmeldeschluss:\u00a0bis 07.05.2026<br \/>\nKursleitung:\u00a0Katarzyna Sitnik<br \/>\nErstes Treffen:\u00a007.05.2026 (donnerstags, 18:00 \u2013 19:00 Uhr)<br \/>\nFormat:\u00a0Online<br \/>\nWeitere Infos und Anmeldung: <a href=\"https:\/\/www.lernraum.pl\/produkte\/fachkurs-wenn-lernen-im-kopf-funktioniert-neurodidaktik-in-der-praxis\/\" target=\"_blank\" rel=\"noopener\">KLICK<\/a><\/p>\n<p><img loading=\"lazy\" decoding=\"async\" class=\"aligncenter size-full wp-image-77358\" src=\"https:\/\/neueswochenblatt.pl\/wp-content\/uploads\/2026\/04\/675885259_1370190995143564_6561776311759095851_n.jpg\" alt=\"\" width=\"1640\" height=\"924\" srcset=\"https:\/\/neueswochenblatt.pl\/wp-content\/uploads\/2026\/04\/675885259_1370190995143564_6561776311759095851_n.jpg 1640w, https:\/\/neueswochenblatt.pl\/wp-content\/uploads\/2026\/04\/675885259_1370190995143564_6561776311759095851_n-300x169.jpg 300w, https:\/\/neueswochenblatt.pl\/wp-content\/uploads\/2026\/04\/675885259_1370190995143564_6561776311759095851_n-1024x577.jpg 1024w, https:\/\/neueswochenblatt.pl\/wp-content\/uploads\/2026\/04\/675885259_1370190995143564_6561776311759095851_n-768x433.jpg 768w, https:\/\/neueswochenblatt.pl\/wp-content\/uploads\/2026\/04\/675885259_1370190995143564_6561776311759095851_n-1536x865.jpg 1536w\" sizes=\"auto, (max-width: 1640px) 100vw, 1640px\" \/><\/p>\n<h2>Schlesien ohne Geheimnisse: Regionalgeschichte (Pr\u00e4senz)<\/h2>\n<p><strong>Kurs: \u201eSchlesien ohne Geheimnisse: Die Geschichte einer Region, die Europa gepr\u00e4gt hat\u201c<\/strong><\/p>\n<p>Die Organisatoren laden zu einem Pr\u00e4senzkurs ein, der der reichen und komplexen Geschichte Schlesiens gewidmet ist. Dies ist eine hervorragende Gelegenheit, das Wissen \u00fcber die Region auf Sprachniveau B2\/C1 zu vertiefen.<\/p>\n<p>Anmeldeschluss:\u00a0bis 23.04.2026<br \/>\nKursleitung:\u00a0Waldemar Gielzok<br \/>\nErstes Treffen:\u00a024.04.2026 (freitags, 18:00 \u2013 20:00 Uhr)<br \/>\nOrt:\u00a0GOK Dobrze\u0144 Wielki (Gro\u00df D\u00f6bern), ul. Namys\u0142owska 20<br \/>\nWeitere Infos und Anmeldung: <a href=\"https:\/\/www.lernraum.pl\/produkte\/fachkurs-schlesien-ohne-geheimnisse-die-geschichte-einer-region-die-europa-gepragt-hat\/\" target=\"_blank\" rel=\"noopener\">KLICK<\/a><\/p>\n<p><img loading=\"lazy\" decoding=\"async\" class=\"aligncenter size-full wp-image-77360\" src=\"https:\/\/neueswochenblatt.pl\/wp-content\/uploads\/2026\/04\/Sommerdeutschkurse-im70.jpg\" alt=\"\" width=\"1640\" height=\"924\" srcset=\"https:\/\/neueswochenblatt.pl\/wp-content\/uploads\/2026\/04\/Sommerdeutschkurse-im70.jpg 1640w, https:\/\/neueswochenblatt.pl\/wp-content\/uploads\/2026\/04\/Sommerdeutschkurse-im70-300x169.jpg 300w, https:\/\/neueswochenblatt.pl\/wp-content\/uploads\/2026\/04\/Sommerdeutschkurse-im70-1024x577.jpg 1024w, https:\/\/neueswochenblatt.pl\/wp-content\/uploads\/2026\/04\/Sommerdeutschkurse-im70-768x433.jpg 768w, https:\/\/neueswochenblatt.pl\/wp-content\/uploads\/2026\/04\/Sommerdeutschkurse-im70-1536x865.jpg 1536w\" sizes=\"auto, (max-width: 1640px) 100vw, 1640px\" \/><\/p>\n<h2>Entdecken Sie Ihre Vorfahren: Ahnenforschung ohne Stress (Pr\u00e4senz)<\/h2>\n<p><strong>Kurs: \u201eAhnenforschung ohne Stress \u2013 suchen, festhalten, entdecken\u201c<\/strong><\/p>\n<p>Ein praktischer Leitfaden f\u00fcr alle, die das Abenteuer der Familienforschung beginnen m\u00f6chten. Der Kurs zeigt Schritt f\u00fcr Schritt, wie man Quellen nutzt und gesammelte Fakten in eine faszinierende Familiengeschichte verwandelt.<\/p>\n<p>Anmeldeschluss:\u00a0bis 11.05.2026<br \/>\nKursleitung:\u00a0Ma\u0142gorzata Blach \u2013 Margos<br \/>\nTermine:\u00a012.05, 14.05, 18.05, 21.05, 25.05, 28.05.2026 (jeweils 17:30 \u2013 19:00 Uhr)<br \/>\nOrt:\u00a0Haus der Deutsch-Polnischen Zusammenarbeit, ul. 1 Maja 13\/2, Opole (Oppeln)<br \/>\nWeitere Infos und Anmeldung: <a href=\"https:\/\/www.lernraum.pl\/produkte\/fachkurs-ahnenforschung-ohne-stress-suchen-festhalten-entdecken\/\" target=\"_blank\" rel=\"noopener\">KLICK<\/a><\/p>\n<p><img loading=\"lazy\" decoding=\"async\" class=\"aligncenter size-full wp-image-77364\" src=\"https:\/\/neueswochenblatt.pl\/wp-content\/uploads\/2026\/04\/Sommerdeutschkurse-im69.jpg\" alt=\"\" width=\"1640\" height=\"924\" srcset=\"https:\/\/neueswochenblatt.pl\/wp-content\/uploads\/2026\/04\/Sommerdeutschkurse-im69.jpg 1640w, https:\/\/neueswochenblatt.pl\/wp-content\/uploads\/2026\/04\/Sommerdeutschkurse-im69-300x169.jpg 300w, https:\/\/neueswochenblatt.pl\/wp-content\/uploads\/2026\/04\/Sommerdeutschkurse-im69-1024x577.jpg 1024w, https:\/\/neueswochenblatt.pl\/wp-content\/uploads\/2026\/04\/Sommerdeutschkurse-im69-768x433.jpg 768w, https:\/\/neueswochenblatt.pl\/wp-content\/uploads\/2026\/04\/Sommerdeutschkurse-im69-1536x865.jpg 1536w\" sizes=\"auto, (max-width: 1640px) 100vw, 1640px\" \/><\/p>\n<h2>Informationen zu Kosten und Teilnahme<\/h2>\n<p>Das Projekt Lernraum.pl bietet Sonderkonditionen f\u00fcr Mitglieder der deutschen Minderheit an. Hier sind die technischen Details zu den Kursgeb\u00fchren (jeder Kurs umfasst 12 Unterrichtsstunden):<\/p>\n<p>Kosten f\u00fcr DFK-Mitglieder:\u00a0200,00 PLN\u00a0f\u00fcr den gesamten Kurs. Um diesen Preis zu erhalten, geben Sie bei der Anmeldung im Feld \u201eGutscheincode\u201c (Kod kuponu) Folgendes ein:\u00a0dfk100\u00a0und senden Sie einen Nachweis Ihrer Mitgliedschaft an:\u00a0martyna.halek@lernraum.pl.<br \/>\nKosten f\u00fcr andere Personen: 300,00 PLN f\u00fcr den gesamten Kurs.<\/p>\n<h2>Kontakt zum Organisator<\/h2>\n<p>Fragen zu den Kursen k\u00f6nnen direkt an das B\u00fcro von Lernraum.pl gerichtet werden:<\/p>\n<p>E-Mail:\u00a0martyna.halek@lernraum.pl<br \/>\nTelefon:\u00a0+48 501 061 666<br \/>\nProjektwebseite:\u00a0<a href=\"http:\/\/www.lernraum.pl\" target=\"_blank\" rel=\"noopener\">www.lernraum.pl <\/a><\/p>\n<p>Hinweis: Die Kurse finden nur statt, wenn die erforderliche Mindestteilnehmerzahl erreicht wird.<\/p>\n<p style=\"text-align: right;\"><strong>Manuela Leibig<\/strong><\/p>\n","protected":false},"excerpt":{"rendered":"<p>Von Regionalgeschichte bis hin zu Psychologie und moderner Bildung Das Projekt Lernraum.pl, bekannt f\u00fcr seine neuen Perspektiven beim Deutschlernen, hat f\u00fcr die kommenden Monate eine Reihe von Fachkursen vorbereitet. Das Angebot umfasst sowohl Online-Kurse als auch Pr\u00e4senzveranstaltungen, die sich an Personen richten, die ihre Leidenschaften und beruflichen Kompetenzen in deutscher Sprache weiterentwickeln m\u00f6chten.<\/p>\n","protected":false},"author":261,"featured_media":77360,"comment_status":"closed","ping_status":"open","sticky":false,"template":"","format":"standard","meta":{"_acf_changed":false,"footnotes":""},"categories":[5625],"tags":[7515,5924,7510,7512,6284,7511,7516,7513,7514,7294],"redaktor":[6054],"class_list":["post-77355","post","type-post","status-publish","format-standard","has-post-thumbnail","hentry","category-kultur-de","tag-deutsche-sprache-de","tag-dfk-de","tag-katarzyna-sitnik","tag-lena-dihstelhoff","tag-lernraum-pl-de","tag-malgorzata-blach-margos","tag-martyna-halek-de","tag-online","tag-praesenz","tag-waldemar-gielzok-de","redaktor-manuela-leibig-de"],"acf":[],"_links":{"self":[{"href":"https:\/\/neueswochenblatt.pl\/de\/wp-json\/wp\/v2\/posts\/77355","targetHints":{"allow":["GET"]}}],"collection":[{"href":"https:\/\/neueswochenblatt.pl\/de\/wp-json\/wp\/v2\/posts"}],"about":[{"href":"https:\/\/neueswochenblatt.pl\/de\/wp-json\/wp\/v2\/types\/post"}],"author":[{"embeddable":true,"href":"https:\/\/neueswochenblatt.pl\/de\/wp-json\/wp\/v2\/users\/261"}],"replies":[{"embeddable":true,"href":"https:\/\/neueswochenblatt.pl\/de\/wp-json\/wp\/v2\/comments?post=77355"}],"version-history":[{"count":2,"href":"https:\/\/neueswochenblatt.pl\/de\/wp-json\/wp\/v2\/posts\/77355\/revisions"}],"predecessor-version":[{"id":77369,"href":"https:\/\/neueswochenblatt.pl\/de\/wp-json\/wp\/v2\/posts\/77355\/revisions\/77369"}],"wp:featuredmedia":[{"embeddable":true,"href":"https:\/\/neueswochenblatt.pl\/de\/wp-json\/wp\/v2\/media\/77360"}],"wp:attachment":[{"href":"https:\/\/neueswochenblatt.pl\/de\/wp-json\/wp\/v2\/media?parent=77355"}],"wp:term":[{"taxonomy":"category","embeddable":true,"href":"https:\/\/neueswochenblatt.pl\/de\/wp-json\/wp\/v2\/categories?post=77355"},{"taxonomy":"post_tag","embeddable":true,"href":"https:\/\/neueswochenblatt.pl\/de\/wp-json\/wp\/v2\/tags?post=77355"},{"taxonomy":"redaktor","embeddable":true,"href":"https:\/\/neueswochenblatt.pl\/de\/wp-json\/wp\/v2\/redaktor?post=77355"}],"curies":[{"name":"wp","href":"https:\/\/api.w.org\/{rel}","templated":true}]}}