{"id":77343,"date":"2026-04-23T12:00:40","date_gmt":"2026-04-23T10:00:40","guid":{"rendered":"https:\/\/neueswochenblatt.pl\/?p=77343"},"modified":"2026-04-22T14:02:51","modified_gmt":"2026-04-22T12:02:51","slug":"jev-organisiert-osterseminar-in-frankreich-osterseminar-2026-und-die-kraft-junger-minderheiten","status":"publish","type":"post","link":"https:\/\/neueswochenblatt.pl\/de\/jev-organisiert-osterseminar-in-frankreich-osterseminar-2026-und-die-kraft-junger-minderheiten\/","title":{"rendered":"Osterseminar 2026 und die Kraft junger Minderheiten"},"content":{"rendered":"<h1>JEV organisiert Osterseminar in Frankreich<\/h1>\n<p><strong>Das Osterseminar ist ein einzigartiges Ereignis, bei dem junge Menschen aus nationalen, ethnischen und sprachlichen Minderheiten aus ganz Europa die Kraft ihrer Stimme entdecken. In diesem Jahr, vom 12. bis 18. April 2026, wurde die bretonische Stadt Morlaix (Montroulez) zur B\u00fchne f\u00fcr die n\u00e4chste Ausgabe des Seminars, organisiert von der Youth of European Nationalities (JEV\/YEN) \u2013 der gr\u00f6\u00dften europ\u00e4ischen Dachorganisation f\u00fcr Minderheitenjugend.<\/strong><\/p>\n<p><!--more--><\/p>\n<p>Die Mission von JEV ist klar: eine Gesellschaft aufzubauen, die auf Respekt, Offenheit und Toleranz basiert und aktiv Diskriminierung bek\u00e4mpft. Es ist ein Raum f\u00fcr den Austausch von Erfahrungen, die gemeinsame Entwicklung von Strategien und die Gestaltung der Zukunft. Auch in diesem Jahr waren diese Aspekte ein wichtiger Bestandteil des Seminars.<\/p>\n<p>Das diesj\u00e4hrige Treffen unter dem Motto \u201eMisch mit! Minderheitenjugend gestaltet demokratische Teilhabe!\u201c konzentrierte sich auf Methoden der non-formalen Bildung. Die Teilnehmer:innen analysierten ihre politischen Rollen und lernten die Mechanismen der Minderheitenrechte sowie demokratischer Strukturen kennen. Ein Schl\u00fcsselelement war das Kommunikationstraining \u2013 das Erlernen von Storytelling und Pitching \u2013 Techniken, mit denen junge Menschen ihre Anliegen klar und \u00fcberzeugend pr\u00e4sentieren k\u00f6nnen. Ziel war es zu zeigen, wie lokale Organisationen europ\u00e4ische Ver\u00e4nderungen wirklich beeinflussen k\u00f6nnen.<\/p>\n<div id=\"attachment_77348\" style=\"width: 864px\" class=\"wp-caption aligncenter\"><img loading=\"lazy\" decoding=\"async\" aria-describedby=\"caption-attachment-77348\" class=\"size-full wp-image-77348\" src=\"https:\/\/neueswochenblatt.pl\/wp-content\/uploads\/2026\/04\/Kopia-\u2013-Vorlage-Beitragsbild-SD-854x480-2.png\" alt=\"\" width=\"854\" height=\"480\" srcset=\"https:\/\/neueswochenblatt.pl\/wp-content\/uploads\/2026\/04\/Kopia-\u2013-Vorlage-Beitragsbild-SD-854x480-2.png 854w, https:\/\/neueswochenblatt.pl\/wp-content\/uploads\/2026\/04\/Kopia-\u2013-Vorlage-Beitragsbild-SD-854x480-2-300x169.png 300w, https:\/\/neueswochenblatt.pl\/wp-content\/uploads\/2026\/04\/Kopia-\u2013-Vorlage-Beitragsbild-SD-854x480-2-768x432.png 768w\" sizes=\"auto, (max-width: 854px) 100vw, 854px\" \/><p id=\"caption-attachment-77348\" class=\"wp-caption-text\">Ein Schl\u00fcsselelement war das Kommunikationstraining \u2013 das Erlernen von Storytelling und Pitching.<br \/>Foto: JEV<\/p><\/div>\n<p>Co-Organisator war der Verein Kenstroll Breizh, der die bretonische Jugend vertritt. Dank seiner Mitwirkung wurde das Programm um einen starken kulturellen Akzent bereichert, der den Teilnehmer:innen die Geschichte und Sprache der Bretagne n\u00e4herbrachte. Morlaix wurde zu einem Ort, an dem Theorie auf Praxis traf und gemeinsame Ausfl\u00fcge zu dauerhaften Freundschaften \u00fcber Grenzen hinweg f\u00fchrten.<\/p>\n<blockquote>\n<p style=\"text-align: center;\"><span style=\"color: #ffcc00;\"><strong>Das diesj\u00e4hrige Treffen unter dem Motto \u201eMisch mit! Minderheitenjugend gestaltet demokratische Teilhabe!\u201c konzentrierte sich auf Methoden der non-formalen Bildung<\/strong><\/span><\/p>\n<\/blockquote>\n<p>Das Osterseminar 2026 wurde vom deutschen Bundesministerium des Innern (BMI) finanziert, was zusammen mit einem Sozialfonds die Bezuschussung von Reise- und Unterkunftskosten erm\u00f6glichte. Alle Aktivit\u00e4ten fanden in englischer Sprache statt und brachten \u00fcber drei\u00dfig junge Menschen aus ganz Europa zusammen.<\/p>\n<p>Die Woche in der Bretagne hat gezeigt, dass die Minderheitenjugend aktiv an politischen Prozessen teilnehmen m\u00f6chte. Die St\u00e4rkung von Kompetenzen und der Aufbau von Kontakten gibt ihnen das Selbstvertrauen, die demokratische Zukunft Europas mitzugestalten. Das war kein Ende \u2013 das war der Anfang von etwas Gro\u00dfem.<\/p>\n<p style=\"text-align: right;\"><strong>Franciszka Dzumla<\/strong><\/p>\n","protected":false},"excerpt":{"rendered":"<p>JEV organisiert Osterseminar in Frankreich Das Osterseminar ist ein einzigartiges Ereignis, bei dem junge Menschen aus nationalen, ethnischen und sprachlichen Minderheiten aus ganz Europa die Kraft ihrer Stimme entdecken. In diesem Jahr, vom 12. bis 18. April 2026, wurde die bretonische Stadt Morlaix (Montroulez) zur B\u00fchne f\u00fcr die n\u00e4chste Ausgabe des Seminars, organisiert von der [&hellip;]<\/p>\n","protected":false},"author":261,"featured_media":77344,"comment_status":"closed","ping_status":"open","sticky":false,"template":"","format":"standard","meta":{"_acf_changed":false,"footnotes":""},"categories":[5625],"tags":[7498,7495,7496,7509,7497,7499],"redaktor":[7265],"class_list":["post-77343","post","type-post","status-publish","format-standard","has-post-thumbnail","hentry","category-kultur-de","tag-bretagne","tag-jev","tag-kenstroll-breizh","tag-minderheiten-in-europa","tag-morlaix","tag-osterseminar-de","redaktor-franciszka-dzumla"],"acf":[],"_links":{"self":[{"href":"https:\/\/neueswochenblatt.pl\/de\/wp-json\/wp\/v2\/posts\/77343","targetHints":{"allow":["GET"]}}],"collection":[{"href":"https:\/\/neueswochenblatt.pl\/de\/wp-json\/wp\/v2\/posts"}],"about":[{"href":"https:\/\/neueswochenblatt.pl\/de\/wp-json\/wp\/v2\/types\/post"}],"author":[{"embeddable":true,"href":"https:\/\/neueswochenblatt.pl\/de\/wp-json\/wp\/v2\/users\/261"}],"replies":[{"embeddable":true,"href":"https:\/\/neueswochenblatt.pl\/de\/wp-json\/wp\/v2\/comments?post=77343"}],"version-history":[{"count":1,"href":"https:\/\/neueswochenblatt.pl\/de\/wp-json\/wp\/v2\/posts\/77343\/revisions"}],"predecessor-version":[{"id":77352,"href":"https:\/\/neueswochenblatt.pl\/de\/wp-json\/wp\/v2\/posts\/77343\/revisions\/77352"}],"wp:featuredmedia":[{"embeddable":true,"href":"https:\/\/neueswochenblatt.pl\/de\/wp-json\/wp\/v2\/media\/77344"}],"wp:attachment":[{"href":"https:\/\/neueswochenblatt.pl\/de\/wp-json\/wp\/v2\/media?parent=77343"}],"wp:term":[{"taxonomy":"category","embeddable":true,"href":"https:\/\/neueswochenblatt.pl\/de\/wp-json\/wp\/v2\/categories?post=77343"},{"taxonomy":"post_tag","embeddable":true,"href":"https:\/\/neueswochenblatt.pl\/de\/wp-json\/wp\/v2\/tags?post=77343"},{"taxonomy":"redaktor","embeddable":true,"href":"https:\/\/neueswochenblatt.pl\/de\/wp-json\/wp\/v2\/redaktor?post=77343"}],"curies":[{"name":"wp","href":"https:\/\/api.w.org\/{rel}","templated":true}]}}