{"id":77273,"date":"2026-04-23T05:00:29","date_gmt":"2026-04-23T03:00:29","guid":{"rendered":"https:\/\/neueswochenblatt.pl\/?p=77273"},"modified":"2026-04-22T22:10:30","modified_gmt":"2026-04-22T20:10:30","slug":"er-folgte-dem-rat-von-goethe-patrik-valouch-der-neue-kulturmanager-des-ifa-in-allenstein","status":"publish","type":"post","link":"https:\/\/neueswochenblatt.pl\/de\/er-folgte-dem-rat-von-goethe-patrik-valouch-der-neue-kulturmanager-des-ifa-in-allenstein\/","title":{"rendered":"Patrik Valouch \u2013 der neue Kulturmanager des ifa in Allenstein"},"content":{"rendered":"<h1>Er folgte dem Rat von Goethe<\/h1>\n<p><strong>\u201eWer den Dichter will verstehen, muss in Dichters Lande gehen\u201c \u2013 sagte Goethe einmal. Patrik Valouch (31), junger Literaturwissenschaftler von der Universit\u00e4t Salzburg, folgte dem Rat des deutschen Klassikers und wurde neuer Kulturmanager des Instituts f\u00fcr Auslandsbeziehungen in Stuttgart (ifa). Er folgt auf dieser Stelle Chantal Stannik, die bereits ihre Mission bei uns beendet hat.<\/strong><\/p>\n<p><!--more--><\/p>\n<p>Chantal Stannik beendete mit Ende 2025 ihre Funktion als Kulturmanagerin des ifa. Sie war bei uns seit Oktober 2023. In ihrer Arbeit konzentrierte sie sich auf die Jugend und bem\u00fchte sich, ihre gesellschaftliche Aktivit\u00e4t sowie ihr Interesse an der Region, ihrer Kultur und der deutschen Sprache zu wecken. Wir danken dir, Chantal, f\u00fcr deine Arbeit und die gemeinsame Zeit.<\/p>\n<h3>Jetzt \u00fcbernahm Patrik Valouch die Stelle. Beworben hatten sich daf\u00fcr sieben Personen. Wie lange wird Patrik bei uns sein?<\/h3>\n<p>Auf jeden Fall bis Ende August dieses Jahres. Danach habe ich nach den Prozeduren beim ifa die M\u00f6glichkeit, meinen Aufenthalt um ein Jahr zu verl\u00e4ngern oder die Stelle zu r\u00e4umen. Ich denke, dass es mir bei euch gefallen wird und ich mindestens noch ein Jahr bleiben werde.<\/p>\n<h3>Wie kam es dazu, dass du dich entschlossen hast, als Kulturmanager des ifa in Ostpreu\u00dfen zu arbeiten?<\/h3>\n<p>Ich habe keine Verbindungen zu eurer Region. Ich habe hier keine Familie oder Bekannten und bin erst gegen Ende August letzten Jahres hier gewesen. Obwohl ich damals zum ersten Mal hierhergekommen bin, war das f\u00fcr mich kein vollkommen unbekanntes Land. Ich interessiere mich f\u00fcr Literatur und wusste daher schon immer, dass Ostpreu\u00dfen viele hervorragende deutsche Schriftsteller hervorgebracht hat, wie Siegfried Lenz, Hermann Sudermann, Arno Holz, Hans Hellmut Kirst, Richard Anders, der aus Ortelsburg stammte und einer der wichtigsten Sch\u00f6pfer des deutschen Surrealismus war, oder Wolfgang Koeppen, der auch in Ortelsburg aufwuchs und lernte, obwohl er aus Greifswald stammte. Dank ihnen und ihren Werken kannte ich die Namen einiger Ortschaften, konnte sie jedoch nicht mit Bildern verbinden. Erst im letzten Jahr w\u00e4hrend meines Besuchs hier lernte ich Allenstein, Osterode oder Heilsberg ein wenig kennen, und diese Namen h\u00f6rten auf, mir vollkommen fremd zu sein. Gleichzeitig gefiel mir die hiesige Landschaft sehr, und in meinem Kopf entstand die Idee, dass ich hier arbeiten k\u00f6nnte. Danach erfuhr ich von meiner Vorg\u00e4ngerin Chantal, dass ihre Stelle frei wird, und als die Ausschreibung erschien, beschloss ich, es zu versuchen. Offiziell bin ich seit M\u00e4rz im Amt, aber es nahm den ganzen Monat in Anspruch, meine beruflichen Angelegenheiten an meiner vorherigen Arbeitsstelle zu regeln, also bin ich erst seit Anfang April hier auf dem Posten.<\/p>\n<div id=\"attachment_77275\" style=\"width: 2570px\" class=\"wp-caption aligncenter\"><img loading=\"lazy\" decoding=\"async\" aria-describedby=\"caption-attachment-77275\" class=\"size-full wp-image-77275\" src=\"https:\/\/neueswochenblatt.pl\/wp-content\/uploads\/2026\/04\/Patrik-Valouch-2-scaled.jpg\" alt=\"\" width=\"2560\" height=\"1920\" srcset=\"https:\/\/neueswochenblatt.pl\/wp-content\/uploads\/2026\/04\/Patrik-Valouch-2-scaled.jpg 2560w, https:\/\/neueswochenblatt.pl\/wp-content\/uploads\/2026\/04\/Patrik-Valouch-2-300x225.jpg 300w, https:\/\/neueswochenblatt.pl\/wp-content\/uploads\/2026\/04\/Patrik-Valouch-2-1024x768.jpg 1024w, https:\/\/neueswochenblatt.pl\/wp-content\/uploads\/2026\/04\/Patrik-Valouch-2-768x576.jpg 768w, https:\/\/neueswochenblatt.pl\/wp-content\/uploads\/2026\/04\/Patrik-Valouch-2-1536x1152.jpg 1536w, https:\/\/neueswochenblatt.pl\/wp-content\/uploads\/2026\/04\/Patrik-Valouch-2-2048x1536.jpg 2048w\" sizes=\"auto, (max-width: 2560px) 100vw, 2560px\" \/><p id=\"caption-attachment-77275\" class=\"wp-caption-text\">Patrik Valouch.<br \/>Foto: Lech Krysza\u0142owicz<\/p><\/div>\n<h3>Welche Aufgaben hat dir das ifa gestellt?<\/h3>\n<p>Die deutsche Minderheit zu unterst\u00fctzen und zu repr\u00e4sentieren, sie untereinander sowie mit der polnischen Mehrheit und anderen hier lebenden nationalen Minderheiten zu integrieren. Ich soll der Jugend bei ihren Aktivit\u00e4ten und Projekten helfen, ihr Interesse an der Region, ihrer Kultur und der deutschen Sprache zu steigern, aber auch ihre Medienkompetenz zu verbessern, damit sie im Netz erkennen kann, was falsch und was wahr ist, und wei\u00df, wie sie sich gegen verschiedene ung\u00fcnstige Erscheinungen im Netz verteidigen kann.<\/p>\n<blockquote>\n<p style=\"text-align: center;\"><span style=\"color: #ffcc00;\"><strong>\u201eIch soll der Jugend in ihren Aktivit\u00e4ten und Projekten helfen, ihr Interesse an der Region, ihrer Kultur und der deutschen Sprache zu steigern, aber auch ihre Medienkompetenz zu verbessern.\u201d<\/strong><\/span><\/p>\n<\/blockquote>\n<p>Das ist im Leben immer n\u00fctzlich. Neben der Medienkompetenz soll auch ein Bewusstsein f\u00fcr die demokratischen Werte des europ\u00e4ischen Zusammenhalts vermittelt werden, das Jugendliche dazu animiert, aktive Verantwortung f\u00fcr sich selbst und ihre Interessen zu \u00fcbernehmen und von ihrem Mitsprache- und Mitgestaltungsrecht Gebrauch zu machen. Allgemein gesprochen werde ich die Aufgaben weiterf\u00fchren, die meine Vorg\u00e4ngerin erf\u00fcllt hat.<\/p>\n<h3>Wie kann man mit dir Kontakt aufnehmen?<\/h3>\n<p>Mein Arbeitsplatz ist im B\u00fcro des Verbands der deutschen Gesellschaften in Ermland und Masuren in Allenstein, in der ul. Kopernika 13\/4. Am einfachsten schreibt man mir an meine E-Mail-Adresse: valouch@ifa.de<\/p>\n<h3>Sprechen wir jetzt \u00fcber dich. Woher kommst du, welche Schule hast du abgeschlossen, was bist du von Beruf?<\/h3>\n<p>Ich stamme aus einer tschechischen Familie, die nach \u00d6sterreich ausgewandert ist. Meine Muttersprache ist Tschechisch. Meine gesamte Ausbildung absolvierte ich in \u00d6sterreich, wo ich in Salzburg die Universit\u00e4t abgeschlossen habe. Ich bin Absolvent der Slawistik mit Spezialisierung in Literaturwissenschaft. Meine vorherige T\u00e4tigkeit war ein Seminar f\u00fcr Studierende der Germanistik an der Universit\u00e4t in Salzburg und in M\u00fcnster. Dieses habe ich zwei Jahre geleitet. Da ich Literaturwissenschaft studiert habe, wusste ich, wie viele deutsche Schriftsteller aus Ostpreu\u00dfen stammen. Das war f\u00fcr mich faszinierend: dass diese Provinz am Rande Deutschlands so viele talentierte Menschen hervorgebracht hat.<\/p>\n<h3>Welche Sprachen sprichst du?<\/h3>\n<p>Nat\u00fcrlich Tschechisch und Deutsch sowie au\u00dferdem Englisch, Polnisch und Russisch. Polnisch lerne ich erst seit zwei Jahren, denn obwohl ich zuvor dank des Erasmus-Programms zwei Semester an der Jagiellonen-Universit\u00e4t in Krakau studiert habe, habe ich es damals nicht gelernt. Daf\u00fcr habe ich Russisch mit einem Stipendium in Moskau an der dortigen Universit\u00e4t gelernt. Sie befindet sich in einem Geb\u00e4ude, das genauso aussieht wie der Kulturpalast in Warschau.<\/p>\n<h3>Was machst du gerne in deiner Freizeit?<\/h3>\n<p>Literatur lesen, Filme anschauen, spazieren gehen, Fahrrad fahren, schwimmen. Allgemein liebe ich Bewegung. Seit kurzem bin ich auch Mitglied des Chors der Allensteiner Gesellschaft Deutscher Minderheit.<\/p>\n<p style=\"text-align: right;\"><strong>Lech Krysza\u0142owicz<\/strong><\/p>\n","protected":false},"excerpt":{"rendered":"<p>Er folgte dem Rat von Goethe \u201eWer den Dichter will verstehen, muss in Dichters Lande gehen\u201c \u2013 sagte Goethe einmal. Patrik Valouch (31), junger Literaturwissenschaftler von der Universit\u00e4t Salzburg, folgte dem Rat des deutschen Klassikers und wurde neuer Kulturmanager des Instituts f\u00fcr Auslandsbeziehungen in Stuttgart (ifa). Er folgt auf dieser Stelle Chantal Stannik, die bereits [&hellip;]<\/p>\n","protected":false},"author":261,"featured_media":77277,"comment_status":"closed","ping_status":"open","sticky":false,"template":"","format":"standard","meta":{"_acf_changed":false,"footnotes":""},"categories":[5625],"tags":[6343,6368,5900,7475,7473,7476,7474],"redaktor":[6094],"class_list":["post-77273","post","type-post","status-publish","format-standard","has-post-thumbnail","hentry","category-kultur-de","tag-allenstein-de","tag-deutsche-minderheit-in-polen-de","tag-ifa-de","tag-instituts-fuer-auslandsbeziehungen-in-stuttgart","tag-kulturmanager","tag-ostpreussen-de","tag-patrik-valouch","redaktor-lech-kryszalowicz-de"],"acf":[],"_links":{"self":[{"href":"https:\/\/neueswochenblatt.pl\/de\/wp-json\/wp\/v2\/posts\/77273","targetHints":{"allow":["GET"]}}],"collection":[{"href":"https:\/\/neueswochenblatt.pl\/de\/wp-json\/wp\/v2\/posts"}],"about":[{"href":"https:\/\/neueswochenblatt.pl\/de\/wp-json\/wp\/v2\/types\/post"}],"author":[{"embeddable":true,"href":"https:\/\/neueswochenblatt.pl\/de\/wp-json\/wp\/v2\/users\/261"}],"replies":[{"embeddable":true,"href":"https:\/\/neueswochenblatt.pl\/de\/wp-json\/wp\/v2\/comments?post=77273"}],"version-history":[{"count":8,"href":"https:\/\/neueswochenblatt.pl\/de\/wp-json\/wp\/v2\/posts\/77273\/revisions"}],"predecessor-version":[{"id":77409,"href":"https:\/\/neueswochenblatt.pl\/de\/wp-json\/wp\/v2\/posts\/77273\/revisions\/77409"}],"wp:featuredmedia":[{"embeddable":true,"href":"https:\/\/neueswochenblatt.pl\/de\/wp-json\/wp\/v2\/media\/77277"}],"wp:attachment":[{"href":"https:\/\/neueswochenblatt.pl\/de\/wp-json\/wp\/v2\/media?parent=77273"}],"wp:term":[{"taxonomy":"category","embeddable":true,"href":"https:\/\/neueswochenblatt.pl\/de\/wp-json\/wp\/v2\/categories?post=77273"},{"taxonomy":"post_tag","embeddable":true,"href":"https:\/\/neueswochenblatt.pl\/de\/wp-json\/wp\/v2\/tags?post=77273"},{"taxonomy":"redaktor","embeddable":true,"href":"https:\/\/neueswochenblatt.pl\/de\/wp-json\/wp\/v2\/redaktor?post=77273"}],"curies":[{"name":"wp","href":"https:\/\/api.w.org\/{rel}","templated":true}]}}