{"id":75949,"date":"2026-04-05T16:00:47","date_gmt":"2026-04-05T14:00:47","guid":{"rendered":"https:\/\/neueswochenblatt.pl\/?p=75949"},"modified":"2026-04-01T14:39:12","modified_gmt":"2026-04-01T12:39:12","slug":"frauenfragen-31-03-2026-zusammen-statt-allein-heldinnen-im-dorf","status":"publish","type":"post","link":"https:\/\/neueswochenblatt.pl\/de\/frauenfragen-31-03-2026-zusammen-statt-allein-heldinnen-im-dorf\/","title":{"rendered":"Frauenfragen 31.03.2026 &#8211; Zusammen statt allein &#8211; Heldinnen im Dorf"},"content":{"rendered":"<p><strong>Wir sprechen mit Frauen, die Gemeinschaft neu beleben und Generationen miteinander verbinden.<\/strong><\/p>\n<p><!--more--><\/p>\n<p>Sabina Szcz\u0119sny aus Chronstau hat schon als Kind erlebt, wie ihre Mutter anderen hilft und sich in der deutschen Minderheit engagiert \u2013 heute f\u00fchrt Sabina ihre eigene Stiftung, studiert parallel und misst Erfolg daran, ob das eigene Handeln wirklich Sinn stiftet.<\/p>\n<p>Und Dorota Wrzeciono, 70 Jahre alt, ist in der deutschen Minderheit in Nakel aktiv und leitet den dortigen Seniorenklub. Dort l\u00e4sst sie Traditionen wie das Federnschlei\u00dfen wieder aufleben und bringt Jung und Alt zusammen.<\/p>\n<p>Zwei Frauen, zwei Wege \u2013 eine gemeinsame Mission: Menschen verbinden und etwas Bleibendes schaffen.<\/p>\n<p><iframe title=\"Spotify Embed: Zusammen statt allein \u2013 Heldinnen im Dorf \/ Razem, nie samotnie \u2013 bohaterki wsi\" style=\"border-radius: 12px\" width=\"100%\" height=\"152\" frameborder=\"0\" allowfullscreen allow=\"autoplay; clipboard-write; encrypted-media; fullscreen; picture-in-picture\" loading=\"lazy\" src=\"https:\/\/open.spotify.com\/embed\/episode\/0AhRJmzvAKdv700XoPOzrH?utm_source=oembed\"><\/iframe><\/p>\n<p>&nbsp;<\/p>\n<p>&#x1f4fb;\u00a0Wann &amp; Wo?<br \/>\n&#x1f399;\u00a0Frauenfragen \u2013 Babskie sprawy<br \/>\n&#x1f4c5; Jeden letzten Dienstag im Monat<br \/>\n&#x1f559; 22:05 Uhr auf\u00a0<a href=\"https:\/\/doxa.fm\/\"><span style=\"color: #3366ff;\"><strong>Radio Doxa<\/strong><\/span><\/a><br \/>\n&#x25b6;&#xfe0f; Direkt danach auf YouTube (<strong><span style=\"color: #3366ff;\"><a style=\"color: #3366ff;\" href=\"https:\/\/www.youtube.com\/watch?v=97v0OdP3CWI&amp;t=1s\" target=\"_blank\" rel=\"noopener\">MediaVdG<\/a>\u00a0&amp;<a style=\"color: #3366ff;\" href=\"https:\/\/www.youtube.com\/@RadioDOXAFM\/featured\" target=\"_blank\" rel=\"noopener\">\u00a0Radio Doxa<\/a><\/span><\/strong><span style=\"color: #3366ff;\"><span style=\"color: #000000;\">) <\/span><\/span><span style=\"color: #3366ff;\"><span style=\"color: #000000;\">und\u00a0<\/span><\/span><strong><span style=\"color: #3366ff;\"><a style=\"color: #3366ff;\" href=\"https:\/\/open.spotify.com\/episode\/4V7adt4Dy4p8tZikJ1ZEbP\" target=\"_blank\" rel=\"noopener\">Spotify<\/a><\/span><\/strong><\/p>\n<p><iframe loading=\"lazy\" title=\"Frauenfragen \u2013 babskie sprawy: Zusammen statt allein \u2013 Heldinnen im Dorf\" width=\"500\" height=\"281\" src=\"https:\/\/www.youtube.com\/embed\/fECBNuS7iYE?feature=oembed\" frameborder=\"0\" allow=\"accelerometer; autoplay; clipboard-write; encrypted-media; gyroscope; picture-in-picture; web-share\" referrerpolicy=\"strict-origin-when-cross-origin\" allowfullscreen><\/iframe><\/p>\n<p>Im Jahr 2025 werden unsere Radiosendungen durch eine Serie von Podcasts \u201eFrauenfragen \u2013 Babskie sprawy\u201c bereichert, die nicht nur an deutschsprachige Frauen im Oberschlesien gerichtet ist, sondern auch f\u00fcr ein breites Publikum zug\u00e4nglich sein wird. Das Programm behandelt verschiedene Themen, die f\u00fcr Frauen von Interesse sind, und bietet eine Plattform f\u00fcr den Erfahrungsaustausch.<\/p>\n<p>Jede Sendung besteht aus Informationen, Interviews und Gespr\u00e4chen und behandelt Themen wie z. B. Freiwilligenarbeit und gesellschaftliches Engagement, Hobbys und Freizeit, Gesundheit, Familie, Partnerschaft, Beziehungen und Traditionen.<\/p>\n<p>Die neue Folge k\u00f6nnt Ihr jeden letzten Dienstag im Monat um 22:05 Uhr auf dem Sender von Radio Doxa, dem YouTube-Kanal von Radio Doxa, dem YouTube-Kanal von\u00a0Media VdG\u00a0sowie auf\u00a0Spotify\u00a0h\u00f6ren!<\/p>\n","protected":false},"excerpt":{"rendered":"<p>Wir sprechen mit Frauen, die Gemeinschaft neu beleben und Generationen miteinander verbinden.<\/p>\n","protected":false},"author":261,"featured_media":75950,"comment_status":"open","ping_status":"open","sticky":false,"template":"","format":"standard","meta":{"_acf_changed":false,"footnotes":""},"categories":[4233],"tags":[6485,5880],"redaktor":[],"class_list":["post-75949","post","type-post","status-publish","format-standard","has-post-thumbnail","hentry","category-radio-de","tag-frauenfragen-de","tag-radio-de"],"acf":[],"_links":{"self":[{"href":"https:\/\/neueswochenblatt.pl\/de\/wp-json\/wp\/v2\/posts\/75949","targetHints":{"allow":["GET"]}}],"collection":[{"href":"https:\/\/neueswochenblatt.pl\/de\/wp-json\/wp\/v2\/posts"}],"about":[{"href":"https:\/\/neueswochenblatt.pl\/de\/wp-json\/wp\/v2\/types\/post"}],"author":[{"embeddable":true,"href":"https:\/\/neueswochenblatt.pl\/de\/wp-json\/wp\/v2\/users\/261"}],"replies":[{"embeddable":true,"href":"https:\/\/neueswochenblatt.pl\/de\/wp-json\/wp\/v2\/comments?post=75949"}],"version-history":[{"count":6,"href":"https:\/\/neueswochenblatt.pl\/de\/wp-json\/wp\/v2\/posts\/75949\/revisions"}],"predecessor-version":[{"id":75958,"href":"https:\/\/neueswochenblatt.pl\/de\/wp-json\/wp\/v2\/posts\/75949\/revisions\/75958"}],"wp:featuredmedia":[{"embeddable":true,"href":"https:\/\/neueswochenblatt.pl\/de\/wp-json\/wp\/v2\/media\/75950"}],"wp:attachment":[{"href":"https:\/\/neueswochenblatt.pl\/de\/wp-json\/wp\/v2\/media?parent=75949"}],"wp:term":[{"taxonomy":"category","embeddable":true,"href":"https:\/\/neueswochenblatt.pl\/de\/wp-json\/wp\/v2\/categories?post=75949"},{"taxonomy":"post_tag","embeddable":true,"href":"https:\/\/neueswochenblatt.pl\/de\/wp-json\/wp\/v2\/tags?post=75949"},{"taxonomy":"redaktor","embeddable":true,"href":"https:\/\/neueswochenblatt.pl\/de\/wp-json\/wp\/v2\/redaktor?post=75949"}],"curies":[{"name":"wp","href":"https:\/\/api.w.org\/{rel}","templated":true}]}}