{"id":74426,"date":"2026-03-17T05:00:23","date_gmt":"2026-03-17T04:00:23","guid":{"rendered":"https:\/\/neueswochenblatt.pl\/?p=74426"},"modified":"2026-03-17T08:55:24","modified_gmt":"2026-03-17T07:55:24","slug":"vaterland-7","status":"publish","type":"post","link":"https:\/\/neueswochenblatt.pl\/de\/vaterland-7\/","title":{"rendered":"Vaterland"},"content":{"rendered":"<p><strong>Unser Format \u201eVaterland\u201c fasst alle wichtigen Neuigkeiten aus der Bundesrepublik Deutschland f\u00fcr Sie zusammen. Politik, Wirtschaft, Gesellschaft und Kultur in der Bundesrepublik auf einen Blick.<\/strong><strong>\u00a0<\/strong><!--more--><\/p>\n<h3><strong>Altersgrenze bei sozialen Medien?<\/strong><\/h3>\n<p>Mehrere L\u00e4nder diskutieren mittlerweile \u00fcber eine Altersmindestgrenze f\u00fcr soziale Medien. Nun werden auch in Deutschland die Stimmen dazu laut, darunter auch die des Bundespr\u00e4sidenten. Frank-Walter Steinmeier pl\u00e4diert unmissverst\u00e4ndlich f\u00fcr eine klare Reglementierung: Der Zugang zu digitalen Plattformen soll f\u00fcr Jugendliche erst ab 14 Jahren gestattet sein. Damit positioniert sich das Staatsoberhaupt deutlich gegen die bisherige Zur\u00fcckhaltung in der Netzpolitik. Steinmeier sieht in der aktuellen Z\u00fcgellosigkeit des Internets eine ernsthafte Bedrohung f\u00fcr den gesellschaftlichen Zusammenhalt und das demokratische Gef\u00fcge. Die ungefilterte Konfrontation mit Gewalt, pornografischen Inhalten und manipulativer Desinformation belaste die Entwicklung junger Menschen massiv. W\u00e4hrend viele Experten traditionell auf die F\u00f6rderung von Medienkompetenz setzen, reicht dieser Ansatz dem Bundespr\u00e4sidenten nicht mehr aus. Er betont, dass man Erziehungsberechtigte und Lehrkr\u00e4fte bei dieser gewaltigen Herausforderung nicht im Stich lassen d\u00fcrfe. Die politische Dynamik nimmt hierzulande sp\u00fcrbar zu, befeuert durch internationale Vorbilder wie Australien, wo bereits strikte Sperren f\u00fcr unter 16-J\u00e4hrige gelten.<br \/>\nQuelle: bild.de.<\/p>\n<div id=\"attachment_74405\" style=\"width: 2570px\" class=\"wp-caption aligncenter\"><img loading=\"lazy\" decoding=\"async\" aria-describedby=\"caption-attachment-74405\" class=\"size-full wp-image-74405\" src=\"https:\/\/neueswochenblatt.pl\/wp-content\/uploads\/2026\/03\/Foto1-12lb-Vaterland-scaled.jpg\" alt=\"\" width=\"2560\" height=\"1707\" srcset=\"https:\/\/neueswochenblatt.pl\/wp-content\/uploads\/2026\/03\/Foto1-12lb-Vaterland-scaled.jpg 2560w, https:\/\/neueswochenblatt.pl\/wp-content\/uploads\/2026\/03\/Foto1-12lb-Vaterland-300x200.jpg 300w, https:\/\/neueswochenblatt.pl\/wp-content\/uploads\/2026\/03\/Foto1-12lb-Vaterland-1024x683.jpg 1024w, https:\/\/neueswochenblatt.pl\/wp-content\/uploads\/2026\/03\/Foto1-12lb-Vaterland-768x512.jpg 768w, https:\/\/neueswochenblatt.pl\/wp-content\/uploads\/2026\/03\/Foto1-12lb-Vaterland-1536x1024.jpg 1536w, https:\/\/neueswochenblatt.pl\/wp-content\/uploads\/2026\/03\/Foto1-12lb-Vaterland-2048x1365.jpg 2048w\" sizes=\"auto, (max-width: 2560px) 100vw, 2560px\" \/><p id=\"caption-attachment-74405\" class=\"wp-caption-text\">Frank-Walter Steinmeier. Bundespr\u00e4sident der Bundesrepublik Deutschland.<br \/>Foto: president.gov.ua \/ Wikimedia Commons.<\/p><\/div>\n<h3><strong>Ministerin f\u00fcr neue Regeln bei Benzinpreisen<\/strong><\/h3>\n<p>Der Krieg im Iran treibt die Benzinpreise auch in Deutschland in die H\u00f6he. F\u00fcr einige Politiker ist das zugleich eine Gelegenheit, die Situation als Zukunftslektion zu nutzen. Angesichts der angespannten Versorgungslage hat Wirtschaftsministerin Katherina Reiche drastische Ma\u00dfnahmen angek\u00fcndigt: Deutschland wird Teile seiner strategischen \u00d6lreserven freigeben, um den Markt zu stabilisieren. Diese Entscheidung folgt einem Appell der Internationalen Energieagentur, da die weltweiten Best\u00e4nde durch den Konflikt unter Druck geraten sind. Aktuell lagern in der Bundesrepublik rund 24 Millionen Tonnen Roh\u00f6l und Kraftstoffe, was die Versorgung f\u00fcr etwa 117 Tage sichern k\u00f6nnte \u2013 deutlich mehr als gesetzlich vorgeschrieben. Zus\u00e4tzlich plant das Ministerium eine st\u00e4rkere Regulierung der Zapfs\u00e4ulen nach \u00f6sterreichischem Vorbild. Demnach sollen Tankstellen ihre Preise k\u00fcnftig nur noch ein einziges Mal pro Tag anheben d\u00fcrfen, um die Volatilit\u00e4t f\u00fcr Verbraucher zu begrenzen. W\u00e4hrend der Wirtschaftsrat der CDU die Freigabe der Reserven als sinnvolles Marktinstrument unterst\u00fctzt, dient die Krise gleichzeitig als Mahnung f\u00fcr die Notwendigkeit einer krisenfesteren Energiestruktur.<br \/>\nQuelle: tagesschau.de.<\/p>\n<h3><strong>G\u00fcnther spricht das Rentenalter an<\/strong><\/h3>\n<p>Die Stimmen zum Thema Rentenalter werden in Deutschland immer lauter. Nun hat sich auch Schleswig-Holsteins Ministerpr\u00e4sident Daniel G\u00fcnther f\u00fcr ein l\u00e4ngeres Arbeiten ausgesprochen. Der CDU-Politiker fordert einen grundlegenden \u201eMentalit\u00e4tswandel\u201c in der Gesellschaft, um den hiesigen Wohlstand langfristig abzusichern. In einem Gespr\u00e4ch betonte er, dass der Trend zum fr\u00fchen Ruhestand zwar individuell nachvollziehbar, aber kollektiv problematisch sei. Wer seinen Betrieb bereits mit Ende 40 verkaufe, um den Lebensabend zu genie\u00dfen, sto\u00dfe derzeit auf zu viel Akzeptanz. Vielmehr brauche es laut G\u00fcnther eine h\u00f6here Wertsch\u00e4tzung f\u00fcr Menschen, die bereit und in der Lage sind, bis zum 70. Lebensjahr im Berufsleben zu verbleiben. Kritikern, die auf k\u00f6rperlich fordernde Berufe wie Dachdecker verweisen, entgegnet er, dass solche Einzelf\u00e4lle die Debatte nicht blockieren d\u00fcrfen. Angesichts einer h\u00e4rter werdenden globalen Lage und wachsender Bedrohungen sei Deutschland auf eine gesteigerte Leistungsbereitschaft angewiesen. Die R\u00fcckkehr zu alten Gewohnheiten h\u00e4lt G\u00fcnther f\u00fcr unrealistisch; man m\u00fcsse den B\u00fcrgern ehrlich vermitteln, dass mehr Einsatz f\u00fcr den Erhalt der wirtschaftlichen St\u00e4rke und des sozialen Zusammenhalts unerl\u00e4sslich ist.<br \/>\nQuelle: welt.de.<\/p>\n<div id=\"attachment_74414\" style=\"width: 2570px\" class=\"wp-caption aligncenter\"><img loading=\"lazy\" decoding=\"async\" aria-describedby=\"caption-attachment-74414\" class=\"size-full wp-image-74414\" src=\"https:\/\/neueswochenblatt.pl\/wp-content\/uploads\/2026\/03\/vlad-sargu-ItphH2lGzuI-unsplash-scaled.jpg\" alt=\"\" width=\"2560\" height=\"1707\" srcset=\"https:\/\/neueswochenblatt.pl\/wp-content\/uploads\/2026\/03\/vlad-sargu-ItphH2lGzuI-unsplash-scaled.jpg 2560w, https:\/\/neueswochenblatt.pl\/wp-content\/uploads\/2026\/03\/vlad-sargu-ItphH2lGzuI-unsplash-300x200.jpg 300w, https:\/\/neueswochenblatt.pl\/wp-content\/uploads\/2026\/03\/vlad-sargu-ItphH2lGzuI-unsplash-1024x683.jpg 1024w, https:\/\/neueswochenblatt.pl\/wp-content\/uploads\/2026\/03\/vlad-sargu-ItphH2lGzuI-unsplash-768x512.jpg 768w, https:\/\/neueswochenblatt.pl\/wp-content\/uploads\/2026\/03\/vlad-sargu-ItphH2lGzuI-unsplash-1536x1024.jpg 1536w, https:\/\/neueswochenblatt.pl\/wp-content\/uploads\/2026\/03\/vlad-sargu-ItphH2lGzuI-unsplash-2048x1365.jpg 2048w\" sizes=\"auto, (max-width: 2560px) 100vw, 2560px\" \/><p id=\"caption-attachment-74414\" class=\"wp-caption-text\">Foto: unsplash\/Vlad Sargu.<\/p><\/div>\n<h3><strong>S\u00f6der will Spritfahrzeuge behalten<\/strong><\/h3>\n<p>Der bayerische Ministerpr\u00e4sident Markus S\u00f6der ist offenbar kein Fan eines Ausstiegs aus den Fahrzeugen mit Verbrennungsmotor. Angesichts der prek\u00e4ren Lage bei Branchenriesen, wo Werksschlie\u00dfungen und der Verlust zehntausender Arbeitspl\u00e4tze drohen, fordert der CSU-Chef eine radikale Kehrtwende in der Verkehrspolitik. Beim Koalitionsgipfel im Kanzleramt wollte S\u00f6der das Thema zur Priorit\u00e4t machen und das geplante Ende f\u00fcr Verbrennungsmotoren komplett vom Tisch wischen. Die bayerische Landesregierung warnt davor, das industrielle Herzst\u00fcck Deutschlands durch \u00fcberm\u00e4\u00dfige Regulierung zu gef\u00e4hrden, w\u00e4hrend die Infrastruktur f\u00fcr Elektromobilit\u00e4t noch l\u00fcckenhaft bleibt. Innerhalb der Union wird das strikte Verbot als politisches Risiko eingestuft, das vor allem radikalen Kr\u00e4ften in die H\u00e4nde spiele. Man pl\u00e4diert stattdessen f\u00fcr echte Technologieoffenheit, die auch E-Fuels eine faire Chance gibt. Ohne eine solche Korrektur fehle den Herstellern die Planungssicherheit f\u00fcr k\u00fcnftige Investitionen. Neben der Rettung der Automobilindustrie standen bei dem Treffen mit der SPD-Spitze zwar auch die Schuldenbremse und das Wahlrecht auf der Agenda, doch f\u00fcr S\u00f6der geht es prim\u00e4r um das wirtschaftliche \u00dcberleben des Standorts Deutschland.<br \/>\nQuelle: mobiflip.de.<\/p>\n<div id=\"attachment_74417\" style=\"width: 1930px\" class=\"wp-caption aligncenter\"><img loading=\"lazy\" decoding=\"async\" aria-describedby=\"caption-attachment-74417\" class=\"size-full wp-image-74417\" src=\"https:\/\/neueswochenblatt.pl\/wp-content\/uploads\/2026\/03\/Foto2-12lb-Vaterland.jpg\" alt=\"\" width=\"1920\" height=\"1747\" srcset=\"https:\/\/neueswochenblatt.pl\/wp-content\/uploads\/2026\/03\/Foto2-12lb-Vaterland.jpg 1920w, https:\/\/neueswochenblatt.pl\/wp-content\/uploads\/2026\/03\/Foto2-12lb-Vaterland-300x273.jpg 300w, https:\/\/neueswochenblatt.pl\/wp-content\/uploads\/2026\/03\/Foto2-12lb-Vaterland-1024x932.jpg 1024w, https:\/\/neueswochenblatt.pl\/wp-content\/uploads\/2026\/03\/Foto2-12lb-Vaterland-768x699.jpg 768w, https:\/\/neueswochenblatt.pl\/wp-content\/uploads\/2026\/03\/Foto2-12lb-Vaterland-1536x1398.jpg 1536w\" sizes=\"auto, (max-width: 1920px) 100vw, 1920px\" \/><p id=\"caption-attachment-74417\" class=\"wp-caption-text\">Markus S\u00f6der. Ministerpr\u00e4sident Bayern.<br \/>Foto: Sandro Halank \/ Wikimedia Commons.<\/p><\/div>\n<h3><strong>Deutsche Muslime mit radikaler Tendenz<\/strong><\/h3>\n<p>Eine beunruhigende Studie wurde unl\u00e4ngst vom Bundeskriminalamt ver\u00f6ffentlicht. Demnach k\u00f6nnte sogar jeder zweite junge Muslim in Deutschland radikale Tendenzen haben. Die Analyse legt offen, dass beinahe 45 Prozent der muslimischen Bev\u00f6lkerung unter 40 Jahren eine Affinit\u00e4t zu islamistischen Ideologien aufweisen. Dabei unterscheiden die Experten zwischen einer bereits gefestigten, manifesten Radikalisierung und einer latenten Einstellung, die zwar noch nicht offen ausgelebt wird, aber dennoch ein erhebliches Gef\u00e4hrdungspotenzial birgt. Die \u00fcber 500 Seiten starke Untersuchung, die unter anderem vom Innen- und Familienministerium unterst\u00fctzt wird, zeichnet ein d\u00fcsteres Bild der gegenw\u00e4rtigen Lage. Besonders alarmierend ist die Erkenntnis, dass die Ablehnung westlicher Werte und die Bevorzugung der Scharia gegen\u00fcber dem Grundgesetz bei vielen Befragten zunehmen. Laut Experten wie Prof. Susanne Schr\u00f6ter bedeutet diese Einstellung oft auch eine N\u00e4he zu salafistischen Str\u00f6mungen und die Verbreitung antisemitischer Ressentiments. Ein Wendepunkt f\u00fcr diese Entwicklung war offenbar der Terrorangriff der Hamas im Oktober 2023, der als Katalysator f\u00fcr die zunehmende Radikalisierung innerhalb dieser Alterskohorte fungierte.<br \/>\nQuelle: bild.de.<\/p>\n<div id=\"attachment_74421\" style=\"width: 2570px\" class=\"wp-caption aligncenter\"><img loading=\"lazy\" decoding=\"async\" aria-describedby=\"caption-attachment-74421\" class=\"size-full wp-image-74421\" src=\"https:\/\/neueswochenblatt.pl\/wp-content\/uploads\/2026\/03\/Muslim_Community_Center_Visit_53270951927-scaled.jpg\" alt=\"\" width=\"2560\" height=\"1703\" \/><p id=\"caption-attachment-74421\" class=\"wp-caption-text\">Foto: Wikipedia.<\/p><\/div>\n<h3><strong>Bundesrepublik kommt in der R\u00fcstungsbranche voran<\/strong><\/h3>\n<p>Deutschland hat einen Erfolg in der R\u00fcstungsbranche verzeichnet. Unl\u00e4ngst \u00fcberholte die Bundesrepublik China im Bereich des Waffenexports. Laut dem j\u00fcngsten Bericht f\u00fcr den Zeitraum 2021 bis 2025 belegt Deutschland nun weltweit den vierten Platz unter den gr\u00f6\u00dften R\u00fcstungslieferanten. Ein wesentlicher Treiber dieser Entwicklung ist die milit\u00e4rische Unterst\u00fctzung f\u00fcr die Ukraine, in die fast 25 Prozent der deutschen Ausfuhren flossen. Doch auch in andere europ\u00e4ische Staaten sowie nach \u00c4gypten und Israel stiegen die Lieferungen deutlich an. W\u00e4hrend die globalen R\u00fcstungstransfers insgesamt zunahmen, verdreifachten europ\u00e4ische L\u00e4nder ihre Importe massiv. Urs\u00e4chlich hierf\u00fcr ist vor allem die Bedrohung durch Russland, die Europa zu einer umfassenden Aufr\u00fcstung zwingt. Trotz einer gesteigerten Eigenproduktion verlassen sich viele EU-Staaten weiterhin auf US-Technik, insbesondere bei Luftabwehrsystemen und Kampfflugzeugen. Die USA bleiben mit einem globalen Anteil von 42 Prozent der dominierende Akteur, w\u00e4hrend Russland drastische Einbu\u00dfen bei seinen Exporten hinnehmen musste. Angesichts anhaltender Konflikte im Nahen Osten und in Osteuropa rechnen Experten damit, dass die Nachfrage nach Wehrtechnik auch in Zukunft auf einem hohen Niveau bleiben wird.<br \/>\nQuelle: faz.de.<\/p>\n","protected":false},"excerpt":{"rendered":"<p>Unser Format \u201eVaterland\u201c fasst alle wichtigen Neuigkeiten aus der Bundesrepublik Deutschland f\u00fcr Sie zusammen. Politik, Wirtschaft, Gesellschaft und Kultur in der Bundesrepublik auf einen Blick.\u00a0<\/p>\n","protected":false},"author":261,"featured_media":74422,"comment_status":"open","ping_status":"open","sticky":false,"template":"","format":"standard","meta":{"_acf_changed":false,"footnotes":""},"categories":[4232],"tags":[6748,6271,6747,6746],"redaktor":[6080],"class_list":["post-74426","post","type-post","status-publish","format-standard","has-post-thumbnail","hentry","category-politik-de","tag-bundesrepublik-deutschland-de","tag-deutschland-de","tag-frank-walter-steinmeier-de","tag-vaterland-de","redaktor-lukasz-bily-de"],"acf":[],"_links":{"self":[{"href":"https:\/\/neueswochenblatt.pl\/de\/wp-json\/wp\/v2\/posts\/74426","targetHints":{"allow":["GET"]}}],"collection":[{"href":"https:\/\/neueswochenblatt.pl\/de\/wp-json\/wp\/v2\/posts"}],"about":[{"href":"https:\/\/neueswochenblatt.pl\/de\/wp-json\/wp\/v2\/types\/post"}],"author":[{"embeddable":true,"href":"https:\/\/neueswochenblatt.pl\/de\/wp-json\/wp\/v2\/users\/261"}],"replies":[{"embeddable":true,"href":"https:\/\/neueswochenblatt.pl\/de\/wp-json\/wp\/v2\/comments?post=74426"}],"version-history":[{"count":10,"href":"https:\/\/neueswochenblatt.pl\/de\/wp-json\/wp\/v2\/posts\/74426\/revisions"}],"predecessor-version":[{"id":74460,"href":"https:\/\/neueswochenblatt.pl\/de\/wp-json\/wp\/v2\/posts\/74426\/revisions\/74460"}],"wp:featuredmedia":[{"embeddable":true,"href":"https:\/\/neueswochenblatt.pl\/de\/wp-json\/wp\/v2\/media\/74422"}],"wp:attachment":[{"href":"https:\/\/neueswochenblatt.pl\/de\/wp-json\/wp\/v2\/media?parent=74426"}],"wp:term":[{"taxonomy":"category","embeddable":true,"href":"https:\/\/neueswochenblatt.pl\/de\/wp-json\/wp\/v2\/categories?post=74426"},{"taxonomy":"post_tag","embeddable":true,"href":"https:\/\/neueswochenblatt.pl\/de\/wp-json\/wp\/v2\/tags?post=74426"},{"taxonomy":"redaktor","embeddable":true,"href":"https:\/\/neueswochenblatt.pl\/de\/wp-json\/wp\/v2\/redaktor?post=74426"}],"curies":[{"name":"wp","href":"https:\/\/api.w.org\/{rel}","templated":true}]}}