{"id":74334,"date":"2026-03-16T05:00:47","date_gmt":"2026-03-16T04:00:47","guid":{"rendered":"https:\/\/neueswochenblatt.pl\/?p=74334"},"modified":"2026-03-14T12:40:15","modified_gmt":"2026-03-14T11:40:15","slug":"bjdm-sammelt-hygieneartikel-fuer-kinderheime","status":"publish","type":"post","link":"https:\/\/neueswochenblatt.pl\/de\/bjdm-sammelt-hygieneartikel-fuer-kinderheime\/","title":{"rendered":"BJDM sammelt Hygieneartikel f\u00fcr Kinderheime"},"content":{"rendered":"<p><strong>Mit der Veranstaltung \u201eGro\u00dfes Schlittern 2026\u201c und einer laufenden Sachspendenaktion unterst\u00fctzt der Bund der Jugend der deutschen Minderheit Kinder- und Jugendheime in Oppeln und der Region. Neben Geldspenden sammelt der BJDM noch bis Ende M\u00e4rz dringend ben\u00f6tigte Hygieneartikel.<\/strong><\/p>\n<p><!--more--><\/p>\n<p>Der Bund der Jugend der deutschen Minderheit (BJDM) hat im Rahmen seiner Veranstaltung \u201eGro\u00dfes Schlittern 2026 \u2013 Schlittere mutig, Hilfe ist nie genug!\u201c auch in diesem Jahr wieder zahlreiche Spenden f\u00fcr einen guten Zweck sammeln k\u00f6nnen. Die gespendeten Betr\u00e4ge sollen der f\u00fcnfj\u00e4hrigen Laura Piechota zugutekommen und ihr bei der Heilung ihrer Krankheit helfen, da sie am Rett-Syndrom leidet.<\/p>\n<h2>BJDM zieht Bilanz: Spendengala f\u00fcr erkrankte 5-j\u00e4hrige Laura ein voller Erfolg<\/h2>\n<p>Mit insgesamt \u00fcber 800 Teilnehmern war die Veranstaltung in der Eishalle Toropol ein voller Erfolg mit zahlreichen Spenden, erkl\u00e4rte Dominika Szymczyk vom BJDM stolz: \u201eWir sind sehr zufrieden! Es waren viele Kinder, Familien und Jugendliche in der Eishalle. Besonders die unterschiedlichen Aktionen wie Ballonmodellieren, Gesichtsbemalung oder das Gestalten eigener Anstecknadeln kamen bei den Kindern sehr gut an und es wurde flei\u00dfig gespendet.\u201c<\/p>\n<p>Wie viel Geld f\u00fcr Laura Piechota gesammelt wurde, kann Szymczyk allerdings noch nicht genau verraten, da der Gesamtbetrag derzeit noch ausgewertet wird. Obwohl die gro\u00dfe Gala in der Eishalle beendet ist, hoffen die Familie und alle Beteiligten weiterhin auf Spenden. Durch das Scannen des QR-Codes gelangt man direkt auf eine Internetseite, auf der Laura weiterhin mit einer Spende unterst\u00fctzt werden kann.<\/p>\n<div id=\"attachment_74341\" style=\"width: 310px\" class=\"wp-caption aligncenter\"><img loading=\"lazy\" decoding=\"async\" aria-describedby=\"caption-attachment-74341\" class=\" wp-image-74341\" src=\"https:\/\/neueswochenblatt.pl\/wp-content\/uploads\/2026\/03\/siepomaga-kod-qr.png\" alt=\"\" width=\"300\" height=\"300\" srcset=\"https:\/\/neueswochenblatt.pl\/wp-content\/uploads\/2026\/03\/siepomaga-kod-qr.png 195w, https:\/\/neueswochenblatt.pl\/wp-content\/uploads\/2026\/03\/siepomaga-kod-qr-150x150.png 150w\" sizes=\"auto, (max-width: 300px) 100vw, 300px\" \/><p id=\"caption-attachment-74341\" class=\"wp-caption-text\">Foto: Siepomaga<\/p><\/div>\n<h2>Seife, Zahnb\u00fcrsten &amp; Co. f\u00fcr Kinderheime in der Region Oppeln<\/h2>\n<p>Neben dem Event in der Eishalle Toropol sammelt der Bund der Jugend der deutschen Minderheit derzeit auch Sachspenden in Form von Hygieneartikeln f\u00fcr verschiedene Kinderheime in Oppeln und der Region. Miriam M\u00e4hner vom BJDM sieht in dieser Aktion eine gute M\u00f6glichkeit, die Kinder- und Jugendheime mit notwendigen Hygieneartikeln des t\u00e4glichen Gebrauchs auszustatten: \u201eWir sammeln eigentlich alles, was nicht schlecht werden und immer n\u00fctzlich sein kann. Zum Beispiel Seife, Toilettenpapier, K\u00fcchenrollen, Zahnb\u00fcrsten oder Zahnpasta. All diese Artikel ben\u00f6tigen die Kinder und Jugendlichen in den Heimen dauerhaft, jedoch fehlt oftmals das Geld. Deshalb haben wir die Sammelaktion ins Leben gerufen, um die jungen Bewohner sinnvoll zu unterst\u00fctzen.\u201c<\/p>\n<blockquote><p><span style=\"color: #ffcc00;\">\u201eSeife, Toilettenpapier, K\u00fcchenrollen, Zahnb\u00fcrsten oder Zahnpasta. All diese Artikel ben\u00f6tigen die Kinder und Jugendlichen in den Heimen dauerhaft, jedoch fehlt oftmals das Geld. Deshalb haben wir die Sammelaktion ins Leben gerufen, um die jungen Bewohner sinnvoll zu unterst\u00fctzen.\u201c \u2013 Miriam M\u00e4hner, BJDM<\/span><\/p><\/blockquote>\n<p>Noch bis Ende M\u00e4rz kann jeder, der helfen m\u00f6chte, Haushalts- und Pflegeprodukte im Haus des BJDM in der ul. Krupnicza 15 abgeben. Eine weitere M\u00f6glichkeit, Hygieneartikel f\u00fcr die Kinderheime zu spenden, ist die Zentrale des Verbandes der deutschen sozial-kulturellen Gesellschaften in Polen (VdG), ul. Juliusza S\u0142owackiego 10. Dort steht eine weitere Sammelbox des Bundes der Jugend der deutschen Minderheit.<\/p>\n<h2><img loading=\"lazy\" decoding=\"async\" class=\"aligncenter size-full wp-image-74352\" src=\"https:\/\/neueswochenblatt.pl\/wp-content\/uploads\/2026\/03\/Plakat-o-zbiorce-artykulow-higienicznych-WS-2026.png\" alt=\"\" width=\"1587\" height=\"2245\" srcset=\"https:\/\/neueswochenblatt.pl\/wp-content\/uploads\/2026\/03\/Plakat-o-zbiorce-artykulow-higienicznych-WS-2026.png 1587w, https:\/\/neueswochenblatt.pl\/wp-content\/uploads\/2026\/03\/Plakat-o-zbiorce-artykulow-higienicznych-WS-2026-212x300.png 212w, https:\/\/neueswochenblatt.pl\/wp-content\/uploads\/2026\/03\/Plakat-o-zbiorce-artykulow-higienicznych-WS-2026-724x1024.png 724w, https:\/\/neueswochenblatt.pl\/wp-content\/uploads\/2026\/03\/Plakat-o-zbiorce-artykulow-higienicznych-WS-2026-768x1086.png 768w, https:\/\/neueswochenblatt.pl\/wp-content\/uploads\/2026\/03\/Plakat-o-zbiorce-artykulow-higienicznych-WS-2026-1086x1536.png 1086w, https:\/\/neueswochenblatt.pl\/wp-content\/uploads\/2026\/03\/Plakat-o-zbiorce-artykulow-higienicznych-WS-2026-1448x2048.png 1448w\" sizes=\"auto, (max-width: 1587px) 100vw, 1587px\" \/><\/h2>\n<h2>Jede Sachspende z\u00e4hlt f\u00fcr die Kinderheime \u2013 Aktion l\u00e4uft noch bis Ende des Monats<\/h2>\n<p>Bisher konnten bereits zahlreiche Artikel von verschiedenen Spendern gesammelt werden: \u201eWir freuen uns \u00fcber jedes gesammelte Produkt, das uns erreicht\u201c, betont M\u00e4hner. Die Aktion l\u00e4uft bis zum 31. M\u00e4rz. Bis dahin hoffen alle Beteiligten noch auf viele weitere Hygieneartikel, die den Kindern und Jugendlichen in der Region um Oppeln helfen.<\/p>\n","protected":false},"excerpt":{"rendered":"<p>Mit der Veranstaltung \u201eGro\u00dfes Schlittern 2026\u201c und einer laufenden Sachspendenaktion unterst\u00fctzt der Bund der Jugend der deutschen Minderheit Kinder- und Jugendheime in Oppeln und der Region. Neben Geldspenden sammelt der BJDM noch bis Ende M\u00e4rz dringend ben\u00f6tigte Hygieneartikel.<\/p>\n","protected":false},"author":261,"featured_media":74338,"comment_status":"open","ping_status":"open","sticky":false,"template":"","format":"standard","meta":{"_acf_changed":false,"footnotes":""},"categories":[5625],"tags":[6454,6726,6473,6723,6725,6724,6459],"redaktor":[6722],"class_list":["post-74334","post","type-post","status-publish","format-standard","has-post-thumbnail","hentry","category-kultur-de","tag-bjdm-de","tag-bund-der-jugend-der-deutschen-minderheit-de","tag-eishalle-toropol-de","tag-grosse-schlittern","tag-sammelaktion","tag-spendenaktion","tag-toropol","redaktor-jonas-goddek"],"acf":[],"_links":{"self":[{"href":"https:\/\/neueswochenblatt.pl\/de\/wp-json\/wp\/v2\/posts\/74334","targetHints":{"allow":["GET"]}}],"collection":[{"href":"https:\/\/neueswochenblatt.pl\/de\/wp-json\/wp\/v2\/posts"}],"about":[{"href":"https:\/\/neueswochenblatt.pl\/de\/wp-json\/wp\/v2\/types\/post"}],"author":[{"embeddable":true,"href":"https:\/\/neueswochenblatt.pl\/de\/wp-json\/wp\/v2\/users\/261"}],"replies":[{"embeddable":true,"href":"https:\/\/neueswochenblatt.pl\/de\/wp-json\/wp\/v2\/comments?post=74334"}],"version-history":[{"count":9,"href":"https:\/\/neueswochenblatt.pl\/de\/wp-json\/wp\/v2\/posts\/74334\/revisions"}],"predecessor-version":[{"id":74354,"href":"https:\/\/neueswochenblatt.pl\/de\/wp-json\/wp\/v2\/posts\/74334\/revisions\/74354"}],"wp:featuredmedia":[{"embeddable":true,"href":"https:\/\/neueswochenblatt.pl\/de\/wp-json\/wp\/v2\/media\/74338"}],"wp:attachment":[{"href":"https:\/\/neueswochenblatt.pl\/de\/wp-json\/wp\/v2\/media?parent=74334"}],"wp:term":[{"taxonomy":"category","embeddable":true,"href":"https:\/\/neueswochenblatt.pl\/de\/wp-json\/wp\/v2\/categories?post=74334"},{"taxonomy":"post_tag","embeddable":true,"href":"https:\/\/neueswochenblatt.pl\/de\/wp-json\/wp\/v2\/tags?post=74334"},{"taxonomy":"redaktor","embeddable":true,"href":"https:\/\/neueswochenblatt.pl\/de\/wp-json\/wp\/v2\/redaktor?post=74334"}],"curies":[{"name":"wp","href":"https:\/\/api.w.org\/{rel}","templated":true}]}}