{"id":74324,"date":"2026-03-14T16:45:47","date_gmt":"2026-03-14T15:45:47","guid":{"rendered":"https:\/\/neueswochenblatt.pl\/?p=74324"},"modified":"2026-03-13T13:33:56","modified_gmt":"2026-03-13T12:33:56","slug":"glosse-freiheit-auf-zwei-raedern","status":"publish","type":"post","link":"https:\/\/neueswochenblatt.pl\/de\/glosse-freiheit-auf-zwei-raedern\/","title":{"rendered":"Glosse: Freiheit auf zwei R\u00e4dern"},"content":{"rendered":"<p><strong>Ein historisch v\u00f6llig untersch\u00e4tztes Fahrzeug auf dem Land ist das Fahrrad. Dieser Gedanke kam mir heute Morgen, als ich wieder eine r\u00fcstige Seniorin bemerkte, die mit erstaunlicher Geschwindigkeit (ein Elektrofahrrad?) meine kleine Stra\u00dfe entlangsauste. Kein Verkehrsmittel gibt \u00e4lteren Menschen ein so starkes Gef\u00fchl von Freiheit und Selbstbestimmung wie das gute alte Fahrrad. Wer ein Fahrrad besitzt, dem steht die Welt offen!<\/strong><\/p>\n<p><!--more--><\/p>\n<p>Ich erinnere mich, wie meine Urgro\u00dfmutter, damals schon deutlich \u00fcber achtzig, auf ihr klappriges Fahrrad stieg und f\u00fcr lange Stunden verschwand. Niemand wusste, wo sie war und was sie machte. Und sie hatte auch nicht die Absicht, irgendjemandem \u00fcber diese Abwesenheit Rechenschaft abzulegen. Vielleicht fuhr sie zur Kirche, vielleicht auf den Friedhof, vielleicht zum Laden. Das haben wir nie erfahren. Bis sie eines Tages vom Fahrrad fiel und sich die Hand brach. Doch bis dahin war sie nicht zu bremsen. Und \u00fcbrigens: Mit den Metallschrauben im Knochen lebte sie noch viele Jahre in guter Gesundheit. Allerdings wurde ihr das Fahrrad weggenommen.<\/p>\n<div id=\"attachment_74320\" style=\"width: 510px\" class=\"wp-caption aligncenter\"><img loading=\"lazy\" decoding=\"async\" aria-describedby=\"caption-attachment-74320\" class=\"size-full wp-image-74320\" src=\"https:\/\/neueswochenblatt.pl\/wp-content\/uploads\/2026\/03\/quelle-pinterest.jpg\" alt=\"\" width=\"500\" height=\"742\" srcset=\"https:\/\/neueswochenblatt.pl\/wp-content\/uploads\/2026\/03\/quelle-pinterest.jpg 500w, https:\/\/neueswochenblatt.pl\/wp-content\/uploads\/2026\/03\/quelle-pinterest-202x300.jpg 202w\" sizes=\"auto, (max-width: 500px) 100vw, 500px\" \/><p id=\"caption-attachment-74320\" class=\"wp-caption-text\">Quelle: pinterest<\/p><\/div>\n<p>Jeder, der \u00e4ltere Eltern hat, wei\u00df, wie schwer es ist (nat\u00fcrlich zu ihrem eigenen Wohl), ihre Reiselust ein wenig zu z\u00fcgeln. Erkl\u00e4rungen wie: Es ist zu rutschig, zu dunkel, die Gesundheit und die Augen sind nicht mehr die besten \u2013 landen dort, wo alle unerw\u00fcnschten Ratschl\u00e4ge landen: im Niemandsland, wo sie keiner braucht. Fahrrad bedeutet nun mal Unabh\u00e4ngigkeit. Und Unabh\u00e4ngigkeit bedeutet w\u00fcrdevolles Altern. Deswegen kann ich nur dar\u00fcber schmunzeln, wenn meine liebe Schwiegermutter zum vierten Mal am selben Tag auf ihr Fahrrad steigt und Richtung Wer-wei\u00df-es-schon verschwindet.<\/p>\n<div id=\"attachment_74327\" style=\"width: 778px\" class=\"wp-caption aligncenter\"><img loading=\"lazy\" decoding=\"async\" aria-describedby=\"caption-attachment-74327\" class=\"size-large wp-image-74327\" src=\"https:\/\/neueswochenblatt.pl\/wp-content\/uploads\/2026\/03\/IMG_2163-768x1024.jpg\" alt=\"\" width=\"768\" height=\"1024\" srcset=\"https:\/\/neueswochenblatt.pl\/wp-content\/uploads\/2026\/03\/IMG_2163-768x1024.jpg 768w, https:\/\/neueswochenblatt.pl\/wp-content\/uploads\/2026\/03\/IMG_2163-225x300.jpg 225w, https:\/\/neueswochenblatt.pl\/wp-content\/uploads\/2026\/03\/IMG_2163-1152x1536.jpg 1152w, https:\/\/neueswochenblatt.pl\/wp-content\/uploads\/2026\/03\/IMG_2163-1536x2048.jpg 1536w, https:\/\/neueswochenblatt.pl\/wp-content\/uploads\/2026\/03\/IMG_2163-scaled.jpg 1920w\" sizes=\"auto, (max-width: 768px) 100vw, 768px\" \/><p id=\"caption-attachment-74327\" class=\"wp-caption-text\">Foto: Anna Durecka<\/p><\/div>\n<p>Und \u00fcberhaupt: Kann sich jemand ein Dorf ohne die unaufhaltsamen Fahrradfahrerinnen vorstellen? Sie bringen Bewegung in jede sonst m\u00fcde Ortschaft. Auf ihren Fahrr\u00e4dern transportieren sie nicht nur Eink\u00e4ufe, sondern auch den neuesten Klatsch und Tratsch. Und vor allem jede Menge Lebenslust.<\/p>\n<div id=\"attachment_74318\" style=\"width: 1034px\" class=\"wp-caption aligncenter\"><img loading=\"lazy\" decoding=\"async\" aria-describedby=\"caption-attachment-74318\" class=\"size-large wp-image-74318\" src=\"https:\/\/neueswochenblatt.pl\/wp-content\/uploads\/2026\/03\/IMG_2157-1024x768.jpg\" alt=\"\" width=\"1024\" height=\"768\" srcset=\"https:\/\/neueswochenblatt.pl\/wp-content\/uploads\/2026\/03\/IMG_2157-1024x768.jpg 1024w, https:\/\/neueswochenblatt.pl\/wp-content\/uploads\/2026\/03\/IMG_2157-300x225.jpg 300w, https:\/\/neueswochenblatt.pl\/wp-content\/uploads\/2026\/03\/IMG_2157-768x576.jpg 768w, https:\/\/neueswochenblatt.pl\/wp-content\/uploads\/2026\/03\/IMG_2157-1536x1152.jpg 1536w, https:\/\/neueswochenblatt.pl\/wp-content\/uploads\/2026\/03\/IMG_2157-2048x1536.jpg 2048w\" sizes=\"auto, (max-width: 1024px) 100vw, 1024px\" \/><p id=\"caption-attachment-74318\" class=\"wp-caption-text\">Foto: Anna Durecka<\/p><\/div>\n<p>&nbsp;<\/p>\n","protected":false},"excerpt":{"rendered":"<p>Ein historisch v\u00f6llig untersch\u00e4tztes Fahrzeug auf dem Land ist das Fahrrad. Dieser Gedanke kam mir heute Morgen, als ich wieder eine r\u00fcstige Seniorin bemerkte, die mit erstaunlicher Geschwindigkeit (ein Elektrofahrrad?) meine kleine Stra\u00dfe entlangsauste. Kein Verkehrsmittel gibt \u00e4lteren Menschen ein so starkes Gef\u00fchl von Freiheit und Selbstbestimmung wie das gute alte Fahrrad. Wer ein Fahrrad [&hellip;]<\/p>\n","protected":false},"author":12,"featured_media":74316,"comment_status":"open","ping_status":"open","sticky":false,"template":"","format":"standard","meta":{"_acf_changed":false,"footnotes":""},"categories":[4580],"tags":[5942,6184],"redaktor":[5629],"class_list":["post-74324","post","type-post","status-publish","format-standard","has-post-thumbnail","hentry","category-kolumne-de","tag-fahrrad-de","tag-glosse-de","redaktor-anna-durecka-de"],"acf":[],"_links":{"self":[{"href":"https:\/\/neueswochenblatt.pl\/de\/wp-json\/wp\/v2\/posts\/74324","targetHints":{"allow":["GET"]}}],"collection":[{"href":"https:\/\/neueswochenblatt.pl\/de\/wp-json\/wp\/v2\/posts"}],"about":[{"href":"https:\/\/neueswochenblatt.pl\/de\/wp-json\/wp\/v2\/types\/post"}],"author":[{"embeddable":true,"href":"https:\/\/neueswochenblatt.pl\/de\/wp-json\/wp\/v2\/users\/12"}],"replies":[{"embeddable":true,"href":"https:\/\/neueswochenblatt.pl\/de\/wp-json\/wp\/v2\/comments?post=74324"}],"version-history":[{"count":5,"href":"https:\/\/neueswochenblatt.pl\/de\/wp-json\/wp\/v2\/posts\/74324\/revisions"}],"predecessor-version":[{"id":74333,"href":"https:\/\/neueswochenblatt.pl\/de\/wp-json\/wp\/v2\/posts\/74324\/revisions\/74333"}],"wp:featuredmedia":[{"embeddable":true,"href":"https:\/\/neueswochenblatt.pl\/de\/wp-json\/wp\/v2\/media\/74316"}],"wp:attachment":[{"href":"https:\/\/neueswochenblatt.pl\/de\/wp-json\/wp\/v2\/media?parent=74324"}],"wp:term":[{"taxonomy":"category","embeddable":true,"href":"https:\/\/neueswochenblatt.pl\/de\/wp-json\/wp\/v2\/categories?post=74324"},{"taxonomy":"post_tag","embeddable":true,"href":"https:\/\/neueswochenblatt.pl\/de\/wp-json\/wp\/v2\/tags?post=74324"},{"taxonomy":"redaktor","embeddable":true,"href":"https:\/\/neueswochenblatt.pl\/de\/wp-json\/wp\/v2\/redaktor?post=74324"}],"curies":[{"name":"wp","href":"https:\/\/api.w.org\/{rel}","templated":true}]}}