{"id":74226,"date":"2026-03-14T05:00:16","date_gmt":"2026-03-14T04:00:16","guid":{"rendered":"https:\/\/neueswochenblatt.pl\/?p=74226"},"modified":"2026-03-13T12:08:12","modified_gmt":"2026-03-13T11:08:12","slug":"bayreuther-fastenessen-mit-dem-evangelisch-augsburgischen-bischof-pracki","status":"publish","type":"post","link":"https:\/\/neueswochenblatt.pl\/de\/bayreuther-fastenessen-mit-dem-evangelisch-augsburgischen-bischof-pracki\/","title":{"rendered":"Bayreuther Fastenessen mit dem evangelisch-augsburgischen Bischof Pracki"},"content":{"rendered":"<h1>\u00a0\u201eProtestantischer Glaube in Schlesien \u2013 gestern und heute\u201c<\/h1>\n<p><strong>Das diesj\u00e4hrige traditionelle Bayreuther Fastenessen der Stiftung Verbundenheit mit den Deutschen im Ausland und des Alexander von Humboldt-Kulturforums Franken e. V. fand im Arvena Kongress Hotel in Bayreuth statt. Ehrengast war in diesem Jahr der Bischof der Evangelisch-Augsburgischen Di\u00f6zese Kattowitz\/Katowice in Polen, Wojciech Pracki.<\/strong><\/p>\n<p><!--more--><\/p>\n<p>Der Vorsitzende des Humboldt-Kulturforums sowie des Stiftungsrates der Stiftung Verbundenheit, Hartmut Koschyk, freute sich, mit Bischof Pracki eine Pers\u00f6nlichkeit begr\u00fc\u00dfen zu k\u00f6nnen, die sich seit Jahrzehnten nachhaltig f\u00fcr eine gelebte \u00d6kumene und ein gutes Miteinander von deutscher Minderheit und polnischer Mehrheitsbev\u00f6lkerung in Polen einsetzt.<\/p>\n<div id=\"attachment_74228\" style=\"width: 2570px\" class=\"wp-caption aligncenter\"><img loading=\"lazy\" decoding=\"async\" aria-describedby=\"caption-attachment-74228\" class=\"size-full wp-image-74228\" src=\"https:\/\/neueswochenblatt.pl\/wp-content\/uploads\/2026\/03\/1392282-scaled.jpg\" alt=\"\" width=\"2560\" height=\"1707\" srcset=\"https:\/\/neueswochenblatt.pl\/wp-content\/uploads\/2026\/03\/1392282-scaled.jpg 2560w, https:\/\/neueswochenblatt.pl\/wp-content\/uploads\/2026\/03\/1392282-300x200.jpg 300w, https:\/\/neueswochenblatt.pl\/wp-content\/uploads\/2026\/03\/1392282-1024x683.jpg 1024w, https:\/\/neueswochenblatt.pl\/wp-content\/uploads\/2026\/03\/1392282-768x512.jpg 768w, https:\/\/neueswochenblatt.pl\/wp-content\/uploads\/2026\/03\/1392282-1536x1024.jpg 1536w, https:\/\/neueswochenblatt.pl\/wp-content\/uploads\/2026\/03\/1392282-2048x1365.jpg 2048w\" sizes=\"auto, (max-width: 2560px) 100vw, 2560px\" \/><p id=\"caption-attachment-74228\" class=\"wp-caption-text\">Foto: Stiftung Verbundenheit mit den Deutschen im Ausland<\/p><\/div>\n<p>Musikalisch begr\u00fc\u00dft wurden die Besucher des diesj\u00e4hrigen \u201eBayreuther Fastenessens\u201c von der Formation \u201eSaaser Blech\u201c unter der Leitung von Carl Boxberger \u2013 einer Gruppe junger Musizierender, die es verstand, die Veranstaltung w\u00fcrdig und abwechslungsreich musikalisch zu gestalten.<\/p>\n<p>Weiterer Ehrengast war die evang.-luth. Regionalbisch\u00f6fin des Kirchenkreises Bayreuth, Berthild Sachs. Das Evangelische Bildungswerk Oberfranken-Mitte als Kooperationspartner des \u201eFastenessens\u201c war durch Nasim Konietzny vertreten. Die katholische Kirche repr\u00e4sentierte der langj\u00e4hrige Bamberger Domkapitular und Bayreuther Regionaldekan Dr. Josef Zerndl.<\/p>\n<h2>Gru\u00dfworte und \u00f6kumenische Begegnung<\/h2>\n<p>Regionalbisch\u00f6fin Berthild Sachs, seit einem Jahr im Amt, wandte sich in ihrem Gru\u00dfwort an die Besucher des Fastenessens und betonte, dass ihr die Verbindung zu den evangelischen Gemeinden in Mittel- und Osteuropa sehr am Herzen liege. An ihrem fr\u00fcheren Wirkungsort Schwabach habe sie eine Gemeindepartnerschaft mit der evangelischen Kirchengemeinde in Teschen\/Cieszyn gepflegt \u2013 jenem Ort, an dem Bischof Pracki vier Jahre lang als Vikar t\u00e4tig war.<\/p>\n<div id=\"attachment_74230\" style=\"width: 2570px\" class=\"wp-caption aligncenter\"><img loading=\"lazy\" decoding=\"async\" aria-describedby=\"caption-attachment-74230\" class=\"size-full wp-image-74230\" src=\"https:\/\/neueswochenblatt.pl\/wp-content\/uploads\/2026\/03\/1392323-scaled.jpg\" alt=\"\" width=\"2560\" height=\"1707\" srcset=\"https:\/\/neueswochenblatt.pl\/wp-content\/uploads\/2026\/03\/1392323-scaled.jpg 2560w, https:\/\/neueswochenblatt.pl\/wp-content\/uploads\/2026\/03\/1392323-300x200.jpg 300w, https:\/\/neueswochenblatt.pl\/wp-content\/uploads\/2026\/03\/1392323-1024x683.jpg 1024w, https:\/\/neueswochenblatt.pl\/wp-content\/uploads\/2026\/03\/1392323-768x512.jpg 768w, https:\/\/neueswochenblatt.pl\/wp-content\/uploads\/2026\/03\/1392323-1536x1024.jpg 1536w, https:\/\/neueswochenblatt.pl\/wp-content\/uploads\/2026\/03\/1392323-2048x1365.jpg 2048w\" sizes=\"auto, (max-width: 2560px) 100vw, 2560px\" \/><p id=\"caption-attachment-74230\" class=\"wp-caption-text\">Bischof der Evangelisch-Augsburgischen Di\u00f6zese Kattowitz\/Katowice, Wojciech Pracki<br \/>Foto: Stiftung Verbundenheit mit den Deutschen im Ausland<\/p><\/div>\n<p>Bevor Bischof Pracki mit seinem Vortrag zum Thema \u201eProtestantischer Glaube in Schlesien \u2013 gestern und heute\u201c begann, lie\u00dfen die Musiker von \u201eSaaser Blech\u201c die Vertonung des Bonhoeffer-Textes \u201eVon guten M\u00e4chten wunderbar geborgen\u201c erklingen.<\/p>\n<p>Bischof Pracki, seit 2014 Pfarrer an seinem Dienstort in Oppeln\/Opole, hatte zum Einstieg einen Film mitgebracht, der das evangelische Leben im heutigen Schlesien beleuchtete. Die Katastrophe des Zweiten Weltkrieges mit den Verbrechen des Nationalsozialismus, die anschlie\u00dfende Vertreibung, Lagerhaft und Repressionen gegen die deutsche Bev\u00f6lkerung, der aufkommende Kommunismus, aber auch Naturkatastrophen und die Corona-Pandemie h\u00e4tten das evangelische Leben in Schlesien gepr\u00e4gt und beeinflusst. Trotz der Situation als religi\u00f6se Minderheit im mehrheitlich katholischen Polen habe sich die Evangelisch-Augsburgische Kirche behauptet und pflege zu den katholischen Geschwistern gute \u00f6kumenische Beziehungen.<\/p>\n<div id=\"attachment_74232\" style=\"width: 2570px\" class=\"wp-caption aligncenter\"><img loading=\"lazy\" decoding=\"async\" aria-describedby=\"caption-attachment-74232\" class=\"size-full wp-image-74232\" src=\"https:\/\/neueswochenblatt.pl\/wp-content\/uploads\/2026\/03\/1392423-scaled.jpg\" alt=\"\" width=\"2560\" height=\"1707\" srcset=\"https:\/\/neueswochenblatt.pl\/wp-content\/uploads\/2026\/03\/1392423-scaled.jpg 2560w, https:\/\/neueswochenblatt.pl\/wp-content\/uploads\/2026\/03\/1392423-300x200.jpg 300w, https:\/\/neueswochenblatt.pl\/wp-content\/uploads\/2026\/03\/1392423-1024x683.jpg 1024w, https:\/\/neueswochenblatt.pl\/wp-content\/uploads\/2026\/03\/1392423-768x512.jpg 768w, https:\/\/neueswochenblatt.pl\/wp-content\/uploads\/2026\/03\/1392423-1536x1024.jpg 1536w, https:\/\/neueswochenblatt.pl\/wp-content\/uploads\/2026\/03\/1392423-2048x1365.jpg 2048w\" sizes=\"auto, (max-width: 2560px) 100vw, 2560px\" \/><p id=\"caption-attachment-74232\" class=\"wp-caption-text\">Foto: Stiftung Verbundenheit mit den Deutschen im Ausland<\/p><\/div>\n<p>Bischof Pracki, der durch Veranstaltungen und Medienbeitr\u00e4ge Teil der \u00f6kumenischen Minderheitenseelsorge im Oppelner Schlesien ist, w\u00fcrdigte in diesem Zusammenhang den langj\u00e4hrigen katholischen Erzbischof der Di\u00f6zese Oppeln\/Opole, Alfons Nossol.<\/p>\n<h2>Unterst\u00fctzung f\u00fcr die Jugendarbeit<\/h2>\n<p>Die St\u00e4rkung der Jugendarbeit ist Bischof Pracki ein besonderes Anliegen. Umso mehr freute es ihn, dass der Erl\u00f6s des diesj\u00e4hrigen \u201eBayreuther Fastenessens\u201c f\u00fcr die Jugendarbeit in seiner Di\u00f6zese bestimmt ist.<\/p>\n<p>Zu dem gemeinsamen Mittagessen, f\u00fcr das Bischof Pracki, Regionalbisch\u00f6fin Sachs und Monsignore Dr. Zerndl ein Segensgebet sprachen, wurde eine vom K\u00fcchenteam des Arvena-Kongress-Hotels zubereitete schmackhafte Gem\u00fcsesuppe gereicht. Die anschlie\u00dfend gesammelte Kollekte ergab einen Betrag von 1.000 Euro f\u00fcr eine geplante Konfirmandenfahrt aus der Di\u00f6zese Kattowitz\/Katowice in die Lutherstadt Wittenberg und nach Eisenach.<\/p>\n<p>&nbsp;<\/p>\n<blockquote>\n<p style=\"text-align: center;\"><span style=\"color: #ffcc00;\">Die St\u00e4rkung der Jugendarbeit ist Bischof Pracki ein besonderes Anliegen. Umso mehr freute es ihn, dass der Erl\u00f6s des diesj\u00e4hrigen \u201eBayreuther Fastenessens\u201c f\u00fcr die Jugendarbeit in seiner Di\u00f6zese bestimmt ist.<\/span><\/p>\n<\/blockquote>\n<p>&nbsp;<\/p>\n<p>Zum Dank f\u00fcr seine Teilnahme am diesj\u00e4hrigen \u201eBayreuther Fastenessen\u201c \u00fcberreichte Hartmut Koschyk Bischof Pracki ein B\u00fccherpaket, darunter ein Buch \u00fcber die Markgrafenkirchen im Bayreuther-Kulmbacher Land. Regionalbisch\u00f6fin Berthild Sachs \u00fcberreichte Koschyk ein Buch \u00fcber die KOSMOS-Vorlesungen Alexander von Humboldts in Berlin.<\/p>\n<p>Zum Abschluss des diesj\u00e4hrigen \u201eBayreuther Fastenessens\u201c dankte Hartmut Koschyk dem Bayreuther Arvena Kongress Hotel mit Direktor Marc Jungk und seinem Team f\u00fcr die gew\u00e4hrte Gastfreundschaft und die k\u00f6stliche Bewirtung. Weitere Unterst\u00fctzer des \u201eBayreuther Fastenessens\u201c waren auch in diesem Jahr die Brauerei Maisel, Bad Brambacher Mineralwasser, die Buchauer Holzofenb\u00e4ckerei, die Edeka-Schneider-M\u00e4rkte in Bayreuth, die G\u00e4rtnerei \u00dcbelhack in Goldkronach sowie das Reha-Team Nordbayern. Sein weiterer Dank galt den Mitarbeitern der Stiftung Verbundenheit, Sebastian Machnitzke und Dominik Duda, sowie Dagmar Bauer vom Kulturforum f\u00fcr die Vorbereitung und Durchf\u00fchrung der Veranstaltung, ebenso Philipp Kolodziej und seinem Team f\u00fcr die filmische Dokumentation.<\/p>\n<div id=\"attachment_74234\" style=\"width: 2570px\" class=\"wp-caption aligncenter\"><img loading=\"lazy\" decoding=\"async\" aria-describedby=\"caption-attachment-74234\" class=\"size-full wp-image-74234\" src=\"https:\/\/neueswochenblatt.pl\/wp-content\/uploads\/2026\/03\/1392590-scaled.jpg\" alt=\"\" width=\"2560\" height=\"1440\" srcset=\"https:\/\/neueswochenblatt.pl\/wp-content\/uploads\/2026\/03\/1392590-scaled.jpg 2560w, https:\/\/neueswochenblatt.pl\/wp-content\/uploads\/2026\/03\/1392590-300x169.jpg 300w, https:\/\/neueswochenblatt.pl\/wp-content\/uploads\/2026\/03\/1392590-1024x576.jpg 1024w, https:\/\/neueswochenblatt.pl\/wp-content\/uploads\/2026\/03\/1392590-768x432.jpg 768w, https:\/\/neueswochenblatt.pl\/wp-content\/uploads\/2026\/03\/1392590-1536x864.jpg 1536w, https:\/\/neueswochenblatt.pl\/wp-content\/uploads\/2026\/03\/1392590-2048x1152.jpg 2048w\" sizes=\"auto, (max-width: 2560px) 100vw, 2560px\" \/><p id=\"caption-attachment-74234\" class=\"wp-caption-text\">Foto: Stiftung Verbundenheit mit den Deutschen im Ausland<\/p><\/div>\n<p>Zum Abschluss erteilten Bischof Pracki und Monsignore Dr. Zerndl den Teilnehmern des Fastenessens den Segen, und das Ensemble \u201eSaaser Blech\u201c verabschiedete die G\u00e4ste mit einer modernen Interpretation eines geistlichen Liedes.<\/p>\n","protected":false},"excerpt":{"rendered":"<p>\u00a0\u201eProtestantischer Glaube in Schlesien \u2013 gestern und heute\u201c Das diesj\u00e4hrige traditionelle Bayreuther Fastenessen der Stiftung Verbundenheit mit den Deutschen im Ausland und des Alexander von Humboldt-Kulturforums Franken e. V. fand im Arvena Kongress Hotel in Bayreuth statt. Ehrengast war in diesem Jahr der Bischof der Evangelisch-Augsburgischen Di\u00f6zese Kattowitz\/Katowice in Polen, Wojciech Pracki.<\/p>\n","protected":false},"author":261,"featured_media":74230,"comment_status":"open","ping_status":"open","sticky":false,"template":"","format":"standard","meta":{"_acf_changed":false,"footnotes":""},"categories":[4225],"tags":[6704,6706,6707,6494,6705],"redaktor":[6702],"class_list":["post-74226","post","type-post","status-publish","format-standard","has-post-thumbnail","hentry","category-kirche-de","tag-evangelischer-bischof-wojciech-pracki-de","tag-hartmut-koschyk-de","tag-oekumene","tag-stiftung-verbundenheit-mit-den-deutschen-im-ausland-de","tag-wojciech-pracki-de","redaktor-stiftung-verbundenheit-mit-den-deutschen-im-ausland"],"acf":[],"_links":{"self":[{"href":"https:\/\/neueswochenblatt.pl\/de\/wp-json\/wp\/v2\/posts\/74226","targetHints":{"allow":["GET"]}}],"collection":[{"href":"https:\/\/neueswochenblatt.pl\/de\/wp-json\/wp\/v2\/posts"}],"about":[{"href":"https:\/\/neueswochenblatt.pl\/de\/wp-json\/wp\/v2\/types\/post"}],"author":[{"embeddable":true,"href":"https:\/\/neueswochenblatt.pl\/de\/wp-json\/wp\/v2\/users\/261"}],"replies":[{"embeddable":true,"href":"https:\/\/neueswochenblatt.pl\/de\/wp-json\/wp\/v2\/comments?post=74226"}],"version-history":[{"count":1,"href":"https:\/\/neueswochenblatt.pl\/de\/wp-json\/wp\/v2\/posts\/74226\/revisions"}],"predecessor-version":[{"id":74236,"href":"https:\/\/neueswochenblatt.pl\/de\/wp-json\/wp\/v2\/posts\/74226\/revisions\/74236"}],"wp:featuredmedia":[{"embeddable":true,"href":"https:\/\/neueswochenblatt.pl\/de\/wp-json\/wp\/v2\/media\/74230"}],"wp:attachment":[{"href":"https:\/\/neueswochenblatt.pl\/de\/wp-json\/wp\/v2\/media?parent=74226"}],"wp:term":[{"taxonomy":"category","embeddable":true,"href":"https:\/\/neueswochenblatt.pl\/de\/wp-json\/wp\/v2\/categories?post=74226"},{"taxonomy":"post_tag","embeddable":true,"href":"https:\/\/neueswochenblatt.pl\/de\/wp-json\/wp\/v2\/tags?post=74226"},{"taxonomy":"redaktor","embeddable":true,"href":"https:\/\/neueswochenblatt.pl\/de\/wp-json\/wp\/v2\/redaktor?post=74226"}],"curies":[{"name":"wp","href":"https:\/\/api.w.org\/{rel}","templated":true}]}}