{"id":74216,"date":"2026-01-29T17:04:50","date_gmt":"2026-01-29T16:04:50","guid":{"rendered":"https:\/\/neueswochenblatt.pl\/?p=74216"},"modified":"2026-03-13T09:15:43","modified_gmt":"2026-03-13T08:15:43","slug":"frauenfragen-babskie-sprawy-22-jahre-alt-und-schon-auf-den-buehnen-wiens","status":"publish","type":"post","link":"https:\/\/neueswochenblatt.pl\/de\/frauenfragen-babskie-sprawy-22-jahre-alt-und-schon-auf-den-buehnen-wiens\/","title":{"rendered":"Frauenfragen &#8211; Babskie Sprawy. 22 Jahre alt \u2013 und schon auf den B\u00fchnen Wiens."},"content":{"rendered":"<h1><strong>Wie alles in Oberschlesien begann.<\/strong><\/h1>\n<p><!--more--><\/p>\n<p><strong>In der neuen Folge von Frauenfragen \u2013 Babskie Sprawy:<\/strong><\/p>\n<p><iframe loading=\"lazy\" title=\"Frauenfragen \u2013 babskie sprawy: 22 Jahre alt \u2013 und schon auf den B\u00fchnen Wiens\" width=\"500\" height=\"281\" src=\"https:\/\/www.youtube.com\/embed\/LwfKytMdXy8?feature=oembed\" frameborder=\"0\" allow=\"accelerometer; autoplay; clipboard-write; encrypted-media; gyroscope; picture-in-picture; web-share\" referrerpolicy=\"strict-origin-when-cross-origin\" allowfullscreen><\/iframe><\/p>\n<p>Sie ist erst 22 Jahre alt \u2013 und steht bereits auf den gro\u00dfen B\u00fchnen Wiens.<br \/>\nIn der neuen Folge von Frauenfragen \u2013 Babskie Sprawy spreche ich mit der jungen Geigerin Miriam Powr\u00f3s\u0142o aus Kotulin in Oberschlesien.<\/p>\n<p>Miriam erz\u00e4hlt, wie sie den Weg von der Musikschule in Oppeln bis zu den Wiener Symphonikern geschafft hat und welche Rolle die deutsche Sprache und deutsche\u00a0Minderheit dabei gespielt haben.<\/p>\n<p>Eine inspirierende Folge \u00fcber Talent, Mut, Identit\u00e4t \u2013 und dar\u00fcber, wie starke Wurzeln aus Oberschlesien bis auf die B\u00fchnen Wiens tragen k\u00f6nnen.<\/p>\n<p>&nbsp;<\/p>\n<p><strong>Spotify:<\/strong><\/p>\n<p><iframe title=\"Spotify Embed: 22 Jahre alt \u2013 und schon auf den B\u00fchnen Wiens \/ 22 lata \u2013 i ju\u017c na wiede\u0144skich scenach\" style=\"border-radius: 12px\" width=\"100%\" height=\"152\" frameborder=\"0\" allowfullscreen allow=\"autoplay; clipboard-write; encrypted-media; fullscreen; picture-in-picture\" loading=\"lazy\" src=\"https:\/\/open.spotify.com\/embed\/episode\/4ADxdnlG5FpyZHTEAlav8Q?utm_source=oembed\"><\/iframe><\/p>\n<p>&nbsp;<\/p>\n<p>&#x1f4fb;\u00a0Wann &amp; Wo?<br \/>\n&#x1f399;\u00a0Frauenfragen \u2013 Babskie sprawy<br \/>\n&#x1f4c5; Jeden letzten Dienstag im Monat<br \/>\n&#x1f559; 22:05 Uhr auf\u00a0Radio Doxa<br \/>\n&#x25b6;&#xfe0f; Direkt danach auf YouTube (<em><strong><span style=\"color: #3366ff;\"><a style=\"color: #3366ff;\" href=\"https:\/\/www.youtube.com\/playlist?list=PLnBiOQMXIfBISCIoZfstXzzZyesP6xvgK\" target=\"_blank\" rel=\"noopener\">MediaVdG<\/a><\/span><\/strong><\/em>\u00a0 &amp; Radio Doxa) und <em><span style=\"color: #3366ff;\"><strong><a style=\"color: #3366ff;\" href=\"https:\/\/open.spotify.com\/show\/5hBVbid5HIyxPgPhxkhINv\" target=\"_blank\" rel=\"noopener\">Spotify<\/a><\/strong><\/span><\/em><\/p>\n<p>&nbsp;<\/p>\n<p>Im Jahr 2025 werden unsere Radiosendungen durch eine Serie von Podcasts \u201eFrauenfragen \u2013 Babskie sprawy\u201c bereichert, die nicht nur an deutschsprachige Frauen im Oberschlesien gerichtet ist, sondern auch f\u00fcr ein breites Publikum zug\u00e4nglich sein wird. Das Programm behandelt verschiedene Themen, die f\u00fcr Frauen von Interesse sind, und bietet eine Plattform f\u00fcr den Erfahrungsaustausch.<\/p>\n<p>Jede Sendung besteht aus Informationen, Interviews und Gespr\u00e4chen und behandelt Themen wie z. B. Freiwilligenarbeit und gesellschaftliches Engagement, Hobbys und Freizeit, Gesundheit, Familie, Partnerschaft, Beziehungen und Traditionen.<\/p>\n<p>Die neue Folge k\u00f6nnt Ihr jeden letzten Dienstag im Monat um 22:05 Uhr auf dem Sender von Radio Doxa, dem YouTube-Kanal von Radio Doxa, dem YouTube-Kanal von Media VdG sowie auf Spotify h\u00f6ren!<\/p>\n","protected":false},"excerpt":{"rendered":"<p>Wie alles in Oberschlesien begann.<\/p>\n","protected":false},"author":295,"featured_media":74217,"comment_status":"open","ping_status":"open","sticky":false,"template":"","format":"standard","meta":{"_acf_changed":false,"footnotes":""},"categories":[],"tags":[6698,6485,6699,6700,6701,5913],"redaktor":[6056],"class_list":["post-74216","post","type-post","status-publish","format-standard","has-post-thumbnail","hentry","tag-babskie-sprawy-de","tag-frauenfragen-de","tag-geige-de","tag-kotulin-de","tag-miriam-powroslo-de","tag-podcast-de","redaktor-neues-wochenblatt-pl-de"],"acf":[],"_links":{"self":[{"href":"https:\/\/neueswochenblatt.pl\/de\/wp-json\/wp\/v2\/posts\/74216","targetHints":{"allow":["GET"]}}],"collection":[{"href":"https:\/\/neueswochenblatt.pl\/de\/wp-json\/wp\/v2\/posts"}],"about":[{"href":"https:\/\/neueswochenblatt.pl\/de\/wp-json\/wp\/v2\/types\/post"}],"author":[{"embeddable":true,"href":"https:\/\/neueswochenblatt.pl\/de\/wp-json\/wp\/v2\/users\/295"}],"replies":[{"embeddable":true,"href":"https:\/\/neueswochenblatt.pl\/de\/wp-json\/wp\/v2\/comments?post=74216"}],"version-history":[{"count":4,"href":"https:\/\/neueswochenblatt.pl\/de\/wp-json\/wp\/v2\/posts\/74216\/revisions"}],"predecessor-version":[{"id":74222,"href":"https:\/\/neueswochenblatt.pl\/de\/wp-json\/wp\/v2\/posts\/74216\/revisions\/74222"}],"wp:featuredmedia":[{"embeddable":true,"href":"https:\/\/neueswochenblatt.pl\/de\/wp-json\/wp\/v2\/media\/74217"}],"wp:attachment":[{"href":"https:\/\/neueswochenblatt.pl\/de\/wp-json\/wp\/v2\/media?parent=74216"}],"wp:term":[{"taxonomy":"category","embeddable":true,"href":"https:\/\/neueswochenblatt.pl\/de\/wp-json\/wp\/v2\/categories?post=74216"},{"taxonomy":"post_tag","embeddable":true,"href":"https:\/\/neueswochenblatt.pl\/de\/wp-json\/wp\/v2\/tags?post=74216"},{"taxonomy":"redaktor","embeddable":true,"href":"https:\/\/neueswochenblatt.pl\/de\/wp-json\/wp\/v2\/redaktor?post=74216"}],"curies":[{"name":"wp","href":"https:\/\/api.w.org\/{rel}","templated":true}]}}