{"id":74179,"date":"2026-03-12T17:00:58","date_gmt":"2026-03-12T16:00:58","guid":{"rendered":"https:\/\/neueswochenblatt.pl\/?p=74179"},"modified":"2026-03-16T15:13:42","modified_gmt":"2026-03-16T14:13:42","slug":"eine-bewegende-lektion-in-geschichte-und-erinnerung","status":"publish","type":"post","link":"https:\/\/neueswochenblatt.pl\/de\/eine-bewegende-lektion-in-geschichte-und-erinnerung\/","title":{"rendered":"Eine bewegende Lektion in Geschichte und Erinnerung"},"content":{"rendered":"<h1><strong>Vorf\u00fchrung des Films \u201eF\u00fcr uns endete der Krieg nicht 1945\u201c in Oppeln<\/strong><\/h1>\n<p><strong>Die Woiwodschaftsbibliothek in Oppeln veranstaltete eine Sondervorf\u00fchrung eines Dokumentarfilms \u00fcber die Opfer kommunistischer Arbeitslager in Oberschlesien zwischen 1944 und 1950. Im Anschluss an die Vorf\u00fchrung fand eine Diskussion statt, die als lebendiges Zeugnis der Oberschlesischen Trag\u00f6die diente und historische Perspektiven mit dem pers\u00f6nlichen Schmerz der \u00dcberlebenden verband.<\/strong><\/p>\n<p><!--more--><\/p>\n<h2><strong>Bilder, wo die Fotografie fehlte<\/strong><\/h2>\n<p>Der Film von Aleksandra Fudala-Bara\u0144ska kn\u00fcpft thematisch an \u201eDie Rote Pest\u201c an. Diesmal konzentriert sich die Regisseurin auf die Nachkriegslager \u2013 Orte, von denen heute oft keine Spuren mehr zu finden sind.<\/p>\n<p>Karolina Kruszewska, Grafikdesignerin und Enkelin der Zeitzeugin Joanna Kruszewska, spielt in dem Dokumentarfilm eine besondere Rolle. Ihre Arbeit erm\u00f6glichte es, sichtbar zu machen, was weder Kameras noch Fotografien jemals einfangen konnten: brennende Baracken, unmenschliche Lebensbedingungen und Lagermauern, die l\u00e4ngst dem Erdboden gleichgemacht wurden.<\/p>\n<div id=\"attachment_74096\" style=\"width: 1034px\" class=\"wp-caption alignnone\"><img loading=\"lazy\" decoding=\"async\" aria-describedby=\"caption-attachment-74096\" class=\"size-large wp-image-74096\" src=\"https:\/\/neueswochenblatt.pl\/wp-content\/uploads\/2026\/03\/dyskusja-po-filmie-1024x683.jpg\" alt=\"\" width=\"1024\" height=\"683\" srcset=\"https:\/\/neueswochenblatt.pl\/wp-content\/uploads\/2026\/03\/dyskusja-po-filmie-1024x683.jpg 1024w, https:\/\/neueswochenblatt.pl\/wp-content\/uploads\/2026\/03\/dyskusja-po-filmie-300x200.jpg 300w, https:\/\/neueswochenblatt.pl\/wp-content\/uploads\/2026\/03\/dyskusja-po-filmie-768x512.jpg 768w, https:\/\/neueswochenblatt.pl\/wp-content\/uploads\/2026\/03\/dyskusja-po-filmie-1536x1024.jpg 1536w, https:\/\/neueswochenblatt.pl\/wp-content\/uploads\/2026\/03\/dyskusja-po-filmie-2048x1365.jpg 2048w\" sizes=\"auto, (max-width: 1024px) 100vw, 1024px\" \/><p id=\"caption-attachment-74096\" class=\"wp-caption-text\">Die Diskussion wurde von Dr. Micha\u0142 Matheja, Leiter des Forschungszentrums der Deutschen Minderheit, geleitet.<br \/>Foto: Manuela Leibig<\/p><\/div>\n<p>\u201eEs gibt so etwas wie ein generations\u00fcbergreifendes Trauma. Dieser Krieg endete nicht 1945; er wirkt bis heute in uns fort \u2013 weitergegeben von meiner Gro\u00dfmutter an meinen Vater und von meinem Vater an mich\u201c, sagte Karolina w\u00e4hrend des Treffens. F\u00fcr sie sind das Malen und der Besuch von Gedenkst\u00e4tten ein Weg, dieses Erbe zu verarbeiten. Dank ihrer Grafiken und ihrer Mitwirkung im Film an der Seite ihrer Gro\u00dfmutter hat die Geschichte dort eine visuelle Dimension erhalten, wo die Dokumentation schweigt.<\/p>\n<h2><strong>Frauenstimmen: El\u017cbieta Duda und Joanna Kruszewska<\/strong><\/h2>\n<p>Auch Zeitzeuginnen waren im Saal und teilten ihre Geschichten mit dem Publikum.<\/p>\n<p>El\u017cbieta Duda aus Schiedlow, die die H\u00f6lle des Lagers Lamsdorf \u00fcberlebt hat, gab zu, dass die Erinnerung daran unglaublich schmerzhaft ist.<\/p>\n<p>\u201eWar es f\u00fcr mich schwer, in diesem Film meine eigene Geschichte zu erz\u00e4hlen? Ja, sehr schwer. Weinen und Lachen geh\u00f6ren f\u00fcr mich zusammen\u201c, gestand die 91-j\u00e4hrige El\u017cbieta. Sie erinnerte sich daran, wie sie mit ihrer Mutter und ihrem Bruder im Lager ankam. Obwohl ihre Inhaftierung nur von kurzer Dauer war, da ihr Vater sie befreien konnte, blieben die traumatischen Bilder bestehen. Sie schrieb ihre Erinnerungen \u2013 von ihrer Geburt bis heute \u2013 in einem Buch nieder, das sie ihren Kindern schenkte, damit zuk\u00fcnftige Generationen wissen, was geschehen ist.<\/p>\n<div id=\"attachment_74112\" style=\"width: 1034px\" class=\"wp-caption alignnone\"><img loading=\"lazy\" decoding=\"async\" aria-describedby=\"caption-attachment-74112\" class=\"size-large wp-image-74112\" src=\"https:\/\/neueswochenblatt.pl\/wp-content\/uploads\/2026\/03\/sporo-osob-zainteresowal-temat-i-przyszli-na-film-1024x683.jpg\" alt=\"\" width=\"1024\" height=\"683\" srcset=\"https:\/\/neueswochenblatt.pl\/wp-content\/uploads\/2026\/03\/sporo-osob-zainteresowal-temat-i-przyszli-na-film-1024x683.jpg 1024w, https:\/\/neueswochenblatt.pl\/wp-content\/uploads\/2026\/03\/sporo-osob-zainteresowal-temat-i-przyszli-na-film-300x200.jpg 300w, https:\/\/neueswochenblatt.pl\/wp-content\/uploads\/2026\/03\/sporo-osob-zainteresowal-temat-i-przyszli-na-film-768x512.jpg 768w, https:\/\/neueswochenblatt.pl\/wp-content\/uploads\/2026\/03\/sporo-osob-zainteresowal-temat-i-przyszli-na-film-1536x1024.jpg 1536w, https:\/\/neueswochenblatt.pl\/wp-content\/uploads\/2026\/03\/sporo-osob-zainteresowal-temat-i-przyszli-na-film-2048x1365.jpg 2048w\" sizes=\"auto, (max-width: 1024px) 100vw, 1024px\" \/><p id=\"caption-attachment-74112\" class=\"wp-caption-text\">Der Veranstaltungssaal der Woiwodschaftsbibliothek in Opole war gut gef\u00fcllt \u2013 das Thema der Nachkriegslager weckt nach wie vor gro\u00dfe Emotionen.<br \/>Foto: Manuela Leibig<\/p><\/div>\n<p>Joanna Kruszewska aus Kattowitz erinnerte sich ihrerseits an die dramatischen Momente im Zusammenhang mit dem Lager am Bergwerk Kleofas.<\/p>\n<p>\u201eLange Zeit versuchte ich, alles aus meinem Ged\u00e4chtnis zu l\u00f6schen. Ich h\u00f6rte die Schreie der Geschlagenen\u201c, erz\u00e4hlte Joanna. Sie erinnerte sich, wie die Russen ganze Stra\u00dfenz\u00fcge r\u00e4umten und die Menschen ins Lager trieben. Ihre Familie wurde von ihrem Onkel gerettet, einem angesehenen Elektriker im Bergwerk. Er stellte den Sowjets ein Ultimatum: Er w\u00fcrde das Bergwerk nur wieder in Betrieb setzen, wenn sie seine gesamte Familie freilie\u00dfen.<br \/>\n\u201eEr sagte: ,Wenn Sie meine Mutter, meine Schwester und meine Kinder nicht freilassen, werde ich es nicht tun \u2013 und dann k\u00f6nnen Sie mich erschie\u00dfen.\u2019\u201c<\/p>\n<div id=\"attachment_74106\" style=\"width: 1034px\" class=\"wp-caption alignnone\"><img loading=\"lazy\" decoding=\"async\" aria-describedby=\"caption-attachment-74106\" class=\"size-large wp-image-74106\" src=\"https:\/\/neueswochenblatt.pl\/wp-content\/uploads\/2026\/03\/Karolina-Kruszewska-srodek-i-Joanna-Kruszewska-przy-wozku-z-tylu-1024x683.jpg\" alt=\"\" width=\"1024\" height=\"683\" srcset=\"https:\/\/neueswochenblatt.pl\/wp-content\/uploads\/2026\/03\/Karolina-Kruszewska-srodek-i-Joanna-Kruszewska-przy-wozku-z-tylu-1024x683.jpg 1024w, https:\/\/neueswochenblatt.pl\/wp-content\/uploads\/2026\/03\/Karolina-Kruszewska-srodek-i-Joanna-Kruszewska-przy-wozku-z-tylu-300x200.jpg 300w, https:\/\/neueswochenblatt.pl\/wp-content\/uploads\/2026\/03\/Karolina-Kruszewska-srodek-i-Joanna-Kruszewska-przy-wozku-z-tylu-768x512.jpg 768w, https:\/\/neueswochenblatt.pl\/wp-content\/uploads\/2026\/03\/Karolina-Kruszewska-srodek-i-Joanna-Kruszewska-przy-wozku-z-tylu-1536x1024.jpg 1536w, https:\/\/neueswochenblatt.pl\/wp-content\/uploads\/2026\/03\/Karolina-Kruszewska-srodek-i-Joanna-Kruszewska-przy-wozku-z-tylu-2048x1365.jpg 2048w\" sizes=\"auto, (max-width: 1024px) 100vw, 1024px\" \/><p id=\"caption-attachment-74106\" class=\"wp-caption-text\">In der ersten Reihe sa\u00dfen die Protagonistinnen des Films. Von rechts: Joanna Kruszewska aus Katowice und ihre Enkelin, die Grafikerin Karolina Kruszewska.<br \/>Foto: Manuela Leibig<\/p><\/div>\n<p>Trotz ihrer Rettung hatten sie nichts mehr, wohin sie zur\u00fcckkehren konnten \u2013 ihre Wohnung in der ul. Gliwicka war bereits besetzt und vollst\u00e4ndig gepl\u00fcndert worden. Sie fanden Unterschlupf bei Joannas Gro\u00dfmutter.<\/p>\n<h2><strong>Heinz, der zu Henryk wurde: Die Erinnerungen von Henryk Juretko<\/strong><\/h2>\n<p>Henryk Juretko, der im Film als G\u00e4stef\u00fchrer durch das inzwischen aufgel\u00f6ste NKWD-Lager in Blottnitz auftritt, teilte mit dem Publikum seine sehr pers\u00f6nliche Definition des Kriegsendes.<\/p>\n<p>\u201eEs f\u00e4llt mir schwer zu sagen, wann genau der Krieg endete. Aus meiner Sicht als damals elfj\u00e4hriger Junge endete er erst, als mein Vater aus der Internierung zur\u00fcckkehrte\u201c, erinnerte er sich. Er wird den Tag, an dem sein Vater ihm weggenommen wurde, nie vergessen \u2013 es war der 14. Februar, der Tag vor seinem Geburtstag.<\/p>\n<blockquote>\n<p style=\"text-align: center;\"><span style=\"color: #ffcc00;\"><strong>F\u00fcr viele Schlesier dauerte der Krieg noch lange nach den offiziellen Friedensfeiern an.<\/strong><\/span><\/p>\n<\/blockquote>\n<p>\u201eIch stand den ganzen n\u00e4chsten Tag an der Pforte und wartete auf meinen Vater. Ich dachte, da es mein Geburtstag war, w\u00fcrde er bestimmt zur\u00fcckkommen. Aber er kam erst fast ein Jahr sp\u00e4ter zur\u00fcck. Meine Mutter trug ihn von Gleiwitz auf dem R\u00fccken; er war v\u00f6llig ersch\u00f6pft.\u201c<\/p>\n<p>Die Entlassung aus dem Lager war dank der Bem\u00fchungen der Mutter und der Vorlage von Dokumenten \u00fcber seine polnische Volkszugeh\u00f6rigkeit m\u00f6glich.<\/p>\n<div id=\"attachment_74090\" style=\"width: 1034px\" class=\"wp-caption alignnone\"><img loading=\"lazy\" decoding=\"async\" aria-describedby=\"caption-attachment-74090\" class=\"size-large wp-image-74090\" src=\"https:\/\/neueswochenblatt.pl\/wp-content\/uploads\/2026\/03\/Burmistrz-Miasta-Radzionkow-dr-Gabriel-Tobor-i-swiadek-czasu-Henryk-Juretko-z-Blotnicy-Strzeleckiej-1024x729.jpg\" alt=\"\" width=\"1024\" height=\"729\" srcset=\"https:\/\/neueswochenblatt.pl\/wp-content\/uploads\/2026\/03\/Burmistrz-Miasta-Radzionkow-dr-Gabriel-Tobor-i-swiadek-czasu-Henryk-Juretko-z-Blotnicy-Strzeleckiej-1024x729.jpg 1024w, https:\/\/neueswochenblatt.pl\/wp-content\/uploads\/2026\/03\/Burmistrz-Miasta-Radzionkow-dr-Gabriel-Tobor-i-swiadek-czasu-Henryk-Juretko-z-Blotnicy-Strzeleckiej-300x214.jpg 300w, https:\/\/neueswochenblatt.pl\/wp-content\/uploads\/2026\/03\/Burmistrz-Miasta-Radzionkow-dr-Gabriel-Tobor-i-swiadek-czasu-Henryk-Juretko-z-Blotnicy-Strzeleckiej-768x547.jpg 768w, https:\/\/neueswochenblatt.pl\/wp-content\/uploads\/2026\/03\/Burmistrz-Miasta-Radzionkow-dr-Gabriel-Tobor-i-swiadek-czasu-Henryk-Juretko-z-Blotnicy-Strzeleckiej-1536x1094.jpg 1536w, https:\/\/neueswochenblatt.pl\/wp-content\/uploads\/2026\/03\/Burmistrz-Miasta-Radzionkow-dr-Gabriel-Tobor-i-swiadek-czasu-Henryk-Juretko-z-Blotnicy-Strzeleckiej-2048x1458.jpg 2048w\" sizes=\"auto, (max-width: 1024px) 100vw, 1024px\" \/><p id=\"caption-attachment-74090\" class=\"wp-caption-text\">Teilnehmer der Diskussion nach dem Film: B\u00fcrgermeister von Radzionk\u00f3w Dr. Gabriel Tobor (links) und Zeitzeuge Henryk Juretko aus B\u0142otnica Strzelecka (mit Mikrofon), der in dem Dokumentarfilm die Geschichte des heute nicht mehr existierenden NKWD-Lagers n\u00e4her brachte.<br \/>Foto: Manuela Leibig<\/p><\/div>\n<p>\u201eEs war eine tragisch-komische Geschichte. Mein Vater wurde als Deutscher inhaftiert und kam als Pole aus dem Lager zur\u00fcck. Aber das hat ihm das Leben gerettet\u201c, sagte Henryk Juretko.<\/p>\n<p>Die Anwesenden h\u00f6rten bewegt, aber auch mit einem L\u00e4cheln zu, wie das System versucht hatte, die Identit\u00e4t des Jungen zu ver\u00e4ndern.<\/p>\n<div id=\"attachment_74114\" style=\"width: 1034px\" class=\"wp-caption alignnone\"><img loading=\"lazy\" decoding=\"async\" aria-describedby=\"caption-attachment-74114\" class=\"size-large wp-image-74114\" src=\"https:\/\/neueswochenblatt.pl\/wp-content\/uploads\/2026\/03\/zainteresowanie-1024x683.jpg\" alt=\"\" width=\"1024\" height=\"683\" srcset=\"https:\/\/neueswochenblatt.pl\/wp-content\/uploads\/2026\/03\/zainteresowanie-1024x683.jpg 1024w, https:\/\/neueswochenblatt.pl\/wp-content\/uploads\/2026\/03\/zainteresowanie-300x200.jpg 300w, https:\/\/neueswochenblatt.pl\/wp-content\/uploads\/2026\/03\/zainteresowanie-768x512.jpg 768w, https:\/\/neueswochenblatt.pl\/wp-content\/uploads\/2026\/03\/zainteresowanie-1536x1024.jpg 1536w, https:\/\/neueswochenblatt.pl\/wp-content\/uploads\/2026\/03\/zainteresowanie-2048x1365.jpg 2048w\" sizes=\"auto, (max-width: 1024px) 100vw, 1024px\" \/><p id=\"caption-attachment-74114\" class=\"wp-caption-text\">Konzentration und Ernsthaftigkeit auf den Gesichtern der Teilnehmer. F\u00fcr viele von ihnen ist die im Film gezeigte Geschichte nicht nur ein Dokument, sondern Teil ihrer eigenen Identit\u00e4t.<br \/>Foto: Manuela Leibig<\/p><\/div>\n<p>\u201eDer Schulleiter \u00e4nderte meinen Vornamen dreimal, weil er ihm nicht passte. Offiziell hie\u00df ich dann Henryk. Ich finde das nicht schlimm, aber zu Hause war ich immer Heinz. Meine ganze Familie nennt mich Heinz, und manche scherzen, Henryk sei mein Partisanenname\u201c, erz\u00e4hlte er und betonte, dass trotz der vergangenen Zeit gewisse Wunden und Erinnerungen an das \u201eLager\u201c \u2013 so wurde der Teil von Blottnitz genannt, wo das Lager einst stand \u2013 noch immer lebendig sind.<\/p>\n<h2><strong>Die historische Landschaft der Repression \u2013 Kommentar von Dr. Bogus\u0142aw Tracz<\/strong><\/h2>\n<p>Dr. Bogus\u0142aw Tracz vom Institut f\u00fcr Nationales Gedenken in Kattowitz, der als historischer Berater f\u00fcr den Film \u201eF\u00fcr uns endete der Krieg nicht 1945\u201c t\u00e4tig war, fasste w\u00e4hrend des Treffens den Wissensstand \u00fcber das Nachkriegslagersystem zusammen und betonte, dass dieses auf dem Prinzip der Kollektivverantwortung beruhte. Er unterschied mehrere Lagertypen:<\/p>\n<ol>\n<li><strong>NKWD-Filterlager<\/strong> \u2013 zur \u00dcberpr\u00fcfung der Bev\u00f6lkerung (z. B. in Tost, wo \u00fcber 3.000 Menschen an Typhus starben).<\/li>\n<li><strong>Umsiedlungslager<\/strong> \u2013 von der polnischen Zivilverwaltung betrieben; dort warteten Menschen unter katastrophalen Bedingungen monatelang auf ihre Deportation nach Deutschland.<\/li>\n<li><strong>Arbeitslager (UB)<\/strong> \u2013 die bekanntesten sind Schwientochlowitz-Eintrachth\u00fctte und Lamsdorf, die die Brutalit\u00e4t der Nachkriegsbeh\u00f6rden symbolisieren.<\/li>\n<li><strong>Kriegsgefangenenlager<\/strong> \u2013 bei Bergwerken und Fabriken, in denen Wehrmachtssoldaten entgegen den Konventionen zur Zwangsarbeit gezwungen wurden.<\/li>\n<\/ol>\n<h2><strong>Eine Viertelstunde Schweigen statt Worte<\/strong><\/h2>\n<p>Die Diskussion wurde von Dr. Micha\u0142 Matheja, Leiter des Forschungszentrums der Deutschen Minderheit, geleitet. Er er\u00f6ffnete das Treffen mit der \u00dcberlegung, dass nach einem solchen Film \u201eeine Viertelstunde Schweigen\u201c angemessener w\u00e4re als ein Gespr\u00e4ch.<\/p>\n<p>Abschlie\u00dfend erz\u00e4hlte er eine Geschichte, die erkl\u00e4rt, warum der Krieg f\u00fcr viele Familien bis in die 1950er-Jahre andauerte.<\/p>\n<div id=\"attachment_74094\" style=\"width: 1034px\" class=\"wp-caption alignnone\"><img loading=\"lazy\" decoding=\"async\" aria-describedby=\"caption-attachment-74094\" class=\"size-large wp-image-74094\" src=\"https:\/\/neueswochenblatt.pl\/wp-content\/uploads\/2026\/03\/dr-Boguslaw-Tracz-z-IPN-Katowice-i-z-mikrofonem-dr-Michal-Matheja-1024x683.jpg\" alt=\"\" width=\"1024\" height=\"683\" srcset=\"https:\/\/neueswochenblatt.pl\/wp-content\/uploads\/2026\/03\/dr-Boguslaw-Tracz-z-IPN-Katowice-i-z-mikrofonem-dr-Michal-Matheja-1024x683.jpg 1024w, https:\/\/neueswochenblatt.pl\/wp-content\/uploads\/2026\/03\/dr-Boguslaw-Tracz-z-IPN-Katowice-i-z-mikrofonem-dr-Michal-Matheja-300x200.jpg 300w, https:\/\/neueswochenblatt.pl\/wp-content\/uploads\/2026\/03\/dr-Boguslaw-Tracz-z-IPN-Katowice-i-z-mikrofonem-dr-Michal-Matheja-768x512.jpg 768w, https:\/\/neueswochenblatt.pl\/wp-content\/uploads\/2026\/03\/dr-Boguslaw-Tracz-z-IPN-Katowice-i-z-mikrofonem-dr-Michal-Matheja-1536x1024.jpg 1536w, https:\/\/neueswochenblatt.pl\/wp-content\/uploads\/2026\/03\/dr-Boguslaw-Tracz-z-IPN-Katowice-i-z-mikrofonem-dr-Michal-Matheja-2048x1365.jpg 2048w\" sizes=\"auto, (max-width: 1024px) 100vw, 1024px\" \/><p id=\"caption-attachment-74094\" class=\"wp-caption-text\">Teilnehmer der Podiumsdiskussion: links Dr. Bogus\u0142aw Tracz vom Institut f\u00fcr Nationales Gedenken (IPN) in Katowice, rechts (mit Mikrofon) Dr. Micha\u0142 Matheja vom Forschungszentrum f\u00fcr die deutsche Minderheit, der die Veranstaltung moderierte und die Diskussion \u00fcber das schwierige Erbe der Region initiierte.<br \/>Foto: Manuela Leibig<\/p><\/div>\n<p>Er erinnerte an die Tradition der Goldenen Kommunion \u2013 ein feierliches Treffen der Klasse 50 Jahre nach dem Empfang des Sakraments. Es ist ein Fest der Gemeinschaft, das ehemalige Klassenkameraden und Gemeindemitglieder zusammenbringt. Bei einem solchen Treffen im Jahr 2001 ereignete sich etwas, das alle verbl\u00fcffte:<\/p>\n<p>\u201eMeine Tante kam aus Deutschland zu dieser Goldenen Kommunion und traf dort einen Bekannten, der zwei Jahre \u00e4lter war als der gesamte Jahrgang, der sein Jubil\u00e4um feierte. Sie traf also jemanden, der seine Goldene Kommunion eigentlich schon zwei Jahre zuvor h\u00e4tte feiern sollen. \u00dcberrascht fragte sie ihn: ,Was machst du denn hier?\u2019 Und er antwortete: ,Weil Mama gesagt hat, wir w\u00fcrden erst dann zur Erstkommunion gehen, wenn Papa aus dem Krieg zur\u00fcckkommt.\u2019\u201c<\/p>\n<div id=\"attachment_74092\" style=\"width: 1034px\" class=\"wp-caption alignnone\"><img loading=\"lazy\" decoding=\"async\" aria-describedby=\"caption-attachment-74092\" class=\"size-large wp-image-74092\" src=\"https:\/\/neueswochenblatt.pl\/wp-content\/uploads\/2026\/03\/dr-Boguslaw-Tracz-IPN-Katowice-konsultant-Historyczny-przy-filmie-1024x683.jpg\" alt=\"\" width=\"1024\" height=\"683\" srcset=\"https:\/\/neueswochenblatt.pl\/wp-content\/uploads\/2026\/03\/dr-Boguslaw-Tracz-IPN-Katowice-konsultant-Historyczny-przy-filmie-1024x683.jpg 1024w, https:\/\/neueswochenblatt.pl\/wp-content\/uploads\/2026\/03\/dr-Boguslaw-Tracz-IPN-Katowice-konsultant-Historyczny-przy-filmie-300x200.jpg 300w, https:\/\/neueswochenblatt.pl\/wp-content\/uploads\/2026\/03\/dr-Boguslaw-Tracz-IPN-Katowice-konsultant-Historyczny-przy-filmie-768x512.jpg 768w, https:\/\/neueswochenblatt.pl\/wp-content\/uploads\/2026\/03\/dr-Boguslaw-Tracz-IPN-Katowice-konsultant-Historyczny-przy-filmie-1536x1024.jpg 1536w, https:\/\/neueswochenblatt.pl\/wp-content\/uploads\/2026\/03\/dr-Boguslaw-Tracz-IPN-Katowice-konsultant-Historyczny-przy-filmie-2048x1365.jpg 2048w\" sizes=\"auto, (max-width: 1024px) 100vw, 1024px\" \/><p id=\"caption-attachment-74092\" class=\"wp-caption-text\">Dr. Bogus\u0142aw Tracz vom Institut f\u00fcr Nationales Gedenken (IPN) in Katowice w\u00e4hrend seines Einf\u00fchrungsvortrags. Der Historiker ordnete das Wissen \u00fcber das Nachkriegs-Lagersystem und betonte, dass dessen Grundlage das tragische Prinzip der Kollektivschuld war.<br \/>Foto: Manuela Leibig<\/p><\/div>\n<p>Dieser Vater kehrte tats\u00e4chlich erst 1950 zur\u00fcck, und erst 1951 konnte der damals elf- oder zw\u00f6lfj\u00e4hrige Junge seine Erstkommunion empfangen.<\/p>\n<p>Diese Erinnerung wurde am besten durch den Filmtitel zusammengefasst: F\u00fcr viele Schlesier dauerte der Krieg noch lange nach den offiziellen Friedensfeiern an. Die Vorf\u00fchrung in Oppeln zeigte, dass die Stimmen der Zeitzeugen \u2013 dank Filmen und dem Mut der j\u00fcngeren Generation, wie etwa Karolina Kruszewska \u2013 noch immer stark nachhallen, auch wenn ihre Zahl immer kleiner wird.<\/p>\n<p style=\"text-align: right;\"><strong>Manuela Leibig<\/strong><\/p>\n<h2>Bilder von Filmvorf\u00fchrung und Diskussion<\/h2>\n<p>&nbsp;<\/p>\n<div id='wpcp-7f9f150ed9398a399957bfaa83fba8cd' class='wpcp-container'><div id='UseyourDrive' class=' gallery  wpcp-has-scroll-to-top' data-module-id='wpcp-7f9f150ed9398a399957bfaa83fba8cd' style='display:none'><noscript><div class='UseyourDrive-nojsmessage'>Um diesen Inhalt anzuzeigen, m\u00fcssen Sie JavaScript in Ihrem Browser aktiviert haben.<br\/><a href='http:\/\/www.enable-javascript.com\/' target='_blank'>Gehen Sie dazu bitte wie folgt vor<\/a>.<\/div><\/noscript><div class='wpcp-module UseyourDrive wpcp-gallery jsdisabled'  id='UseyourDrive-7f9f150ed9398a399957bfaa83fba8cd' data-token='7f9f150ed9398a399957bfaa83fba8cd' data-account-id='116587965355382942472' data-id='' data-org-id='' data-path='bnVsbA==' data-org-path='bnVsbA==' data-source='b99df1293e6a76b7e794435fe7827ad1' data-sort='name:asc' data-list='gallery' data-query='' data-lightboxnav='1' data-lightboxthumbs='1' data-lightboxopen='0' data-targetheight='300' data-slideshow='0' data-pausetime='5000' data-showfilenames='0'><div class=\"wpcp-browser-container wpcp-browser-tree--init wpcp-no-tree wpcp-browser--init\" style=\"width:100%;max-width:100%;\">\r\n    <div class=\"wpcp-browser-container-tree\" data-show-tree='0'>\r\n        <div class=\"nav-header\">\r\n            <a class=\"nav-tree-toggle entry-info-button\" tabindex=\"0\" title=\"Ordnerstruktur anzeigen\">\r\n                <i class=\"eva eva-arrowhead-left-outline\"><\/i>\r\n            <\/a>\r\n        <\/div>\r\n        <div class=\"wpcp-browser-tree\"><\/div>\r\n    <\/div>\r\n    <div class=\"wpcp-browser-container-content\">\r\n        <div class=\"nav-header nav-header-has-breadcrumb nav-header-onhover\">            <a class=\"nav-home entry-info-button\" title=\"Gehen Sie zur\u00fcck zum Startordner\" tabindex=\"0\">\r\n                <i class=\"eva eva-home-outline\"><\/i>\r\n            <\/a>\r\n            <div class=\"nav-title\">Laden...<\/div>\r\n                        <a class=\"nav-search entry-info-button\" tabindex=\"0\">\r\n                <i class=\"eva eva-search\"><\/i>\r\n            <\/a>\r\n\r\n            <div class=\"tippy-content-holder search-wrapper\">\r\n                <a class=\"search-icon search-submit\" href=\"javascript:;\"><i class=\"eva eva-search\"><\/i><\/a>\r\n                <input class=\"search-input\" name=\"q\" type=\"search\" autocomplete=\"off\" size=\"40\" aria-label=\"Suche\" placeholder=\"Suche nach Dateien\" \/>\r\n                <a class=\"search-remove\" href=\"javascript:;\" title=\"Zur\u00fccksetzen\"><i class=\"eva eva-close\"><\/i><\/a>\r\n            <\/div>\r\n            \r\n            <a class=\"nav-sort entry-info-button\" title=\"Sortieren\">\r\n                <i class=\"eva eva-options\"><\/i>\r\n            <\/a>\r\n            <div class=\"tippy-content-holder sort-div\">\r\n                <ul class='nav-sorting-list'>\r\n                    <li><a class=\"nav-sorting-field nav-name sort-selected\" data-field=\"name\" title=\"Name\">\r\n                            Name                        <\/a>\r\n                    <\/li>\r\n                    <li><a class=\"nav-sorting-field nav-size \" data-field=\"size\" title=\"Gr\u00f6\u00dfe\">\r\n                            Gr\u00f6\u00dfe                        <\/a>\r\n                    <\/li>\r\n                    <li><a class=\"nav-sorting-field nav-modified \" data-field=\"modified\" title=\"\u00c4nderungsdatum\">\r\n                            \u00c4nderungsdatum                        <\/a>\r\n                    <\/li>\r\n                    <li><a class=\"nav-sorting-field nav-created \" data-field=\"created\" title=\"Erstellungsdatum\">\r\n                            Erstellungsdatum                        <\/a>\r\n                    <\/li>\r\n                    <li class=\"list-separator\">&nbsp;<\/li>\r\n                    <li><a class=\"nav-sorting-order nav-asc sort-selected\" data-order=\"asc\" title=\"Aufsteigend\">\r\n                            Aufsteigend                        <\/a>\r\n                    <\/li>\r\n                    <li><a class=\"nav-sorting-order nav-desc \" data-order=\"desc\" title=\"Absteigend\">\r\n                            Absteigend                        <\/a>\r\n                    <\/li>\r\n                <\/ul>\r\n            <\/div>\r\n\r\n            <a class=\"nav-gear entry-info-button\" title=\"Weitere Aktionen\">\r\n                <i class=\"eva eva-more-vertical-outline\"><\/i>\r\n            <\/a>\r\n            <div class=\"tippy-content-holder gear-div\" data-token=\"7f9f150ed9398a399957bfaa83fba8cd\">\r\n                <ul>\r\n                                        <li class='gear-menu-no-options' style=\"display: none\"><a><i class='eva eva-info-outline eva-lg'><\/i>Keine Optionen...<\/a><\/li>\r\n                <\/ul>\r\n            <\/div>\r\n                        <a class=\"nav-refresh entry-info-button\" title=\"Neu laden\">\r\n                <i class=\"eva eva-sync\"><\/i>\r\n            <\/a>\r\n                    <\/div>        <div class=\"wpcp-container-content\">\r\n            <div class=\"loading initialize\">                <svg class=\"loader-spinner\" viewBox=\"25 25 50 50\">\r\n                    <circle class=\"path\" cx=\"50\" cy=\"50\" r=\"20\" fill=\"none\" stroke-width=\"3\" stroke-miterlimit=\"10\"><\/circle>\r\n                <\/svg>\r\n                            <\/div>\r\n            <div class=\"ajax-filelist\" style=\"\">\r\n                <div class='images image-collage'>\r\n                    \r\n<div class=\"image-container entry\">\r\n    <a>\r\n        <img loading=\"lazy\" decoding=\"async\" class=\"skeleton skeleton-gallery-img\" alt=\"\" src=\"data:image\/png;base64,iVBORw0KGgoAAAANSUhEUgAAAAEAAAABCAYAAAAfFcSJAAAAC0lEQVQYV2NgAAIAAAUAAarVyFEAAAAASUVORK5CYII=\" width=\"300\" height=\"300\" style=\"width:300px !important;height:300px !important; \">\r\n    <\/a>\r\n<\/div>\r\n\r\n<div class=\"image-container entry\">\r\n    <a>\r\n        <img loading=\"lazy\" decoding=\"async\" class=\"skeleton skeleton-gallery-img\" alt=\"\" src=\"data:image\/png;base64,iVBORw0KGgoAAAANSUhEUgAAAAEAAAABCAYAAAAfFcSJAAAAC0lEQVQYV2NgAAIAAAUAAarVyFEAAAAASUVORK5CYII=\" width=\"300\" height=\"300\" style=\"width:300px !important;height:300px !important; \">\r\n    <\/a>\r\n<\/div>\r\n\r\n<div class=\"image-container entry\">\r\n    <a>\r\n        <img loading=\"lazy\" decoding=\"async\" class=\"skeleton skeleton-gallery-img\" alt=\"\" src=\"data:image\/png;base64,iVBORw0KGgoAAAANSUhEUgAAAAEAAAABCAYAAAAfFcSJAAAAC0lEQVQYV2NgAAIAAAUAAarVyFEAAAAASUVORK5CYII=\" width=\"399\" height=\"300\" style=\"width:399px !important;height:300px !important; \">\r\n    <\/a>\r\n<\/div>\r\n\r\n<div class=\"image-container entry\">\r\n    <a>\r\n        <img loading=\"lazy\" decoding=\"async\" class=\"skeleton skeleton-gallery-img\" alt=\"\" src=\"data:image\/png;base64,iVBORw0KGgoAAAANSUhEUgAAAAEAAAABCAYAAAAfFcSJAAAAC0lEQVQYV2NgAAIAAAUAAarVyFEAAAAASUVORK5CYII=\" width=\"300\" height=\"300\" style=\"width:300px !important;height:300px !important; \">\r\n    <\/a>\r\n<\/div>\r\n\r\n<div class=\"image-container entry\">\r\n    <a>\r\n        <img loading=\"lazy\" decoding=\"async\" class=\"skeleton skeleton-gallery-img\" alt=\"\" src=\"data:image\/png;base64,iVBORw0KGgoAAAANSUhEUgAAAAEAAAABCAYAAAAfFcSJAAAAC0lEQVQYV2NgAAIAAAUAAarVyFEAAAAASUVORK5CYII=\" width=\"300\" height=\"300\" style=\"width:300px !important;height:300px !important; \">\r\n    <\/a>\r\n<\/div>\r\n                <\/div>\r\n            <\/div>\r\n\r\n            <div class=\"scroll-to-top\">\r\n                <button class=\"scroll-to-top-action button button-round-icon secondary button-round-icon-lg button-shadow-3\" type=\"button\" title=\"Nach oben scrollen\" aria-expanded=\"false\"><i class=\"eva eva-arrow-upward-outline eva-2x\"><\/i><\/button>\r\n                            <\/div>\r\n        <\/div>\r\n    <\/div>\r\n<\/div>\r\n<style>\r\n<\/style><\/div><\/div><div class='wpcp-module-script'><script type='text\/javascript'>if (typeof(jQuery) !== 'undefined' && typeof(jQuery.cp) !== 'undefined' && typeof(jQuery.cp.UseyourDrive) === 'function') { jQuery('#UseyourDrive-7f9f150ed9398a399957bfaa83fba8cd').UseyourDrive(UseyourDrive_vars); };<\/script><\/div><\/div>\n","protected":false},"excerpt":{"rendered":"<p>Vorf\u00fchrung des Films \u201eF\u00fcr uns endete der Krieg nicht 1945\u201c in Oppeln Die Woiwodschaftsbibliothek in Oppeln veranstaltete eine Sondervorf\u00fchrung eines Dokumentarfilms \u00fcber die Opfer kommunistischer Arbeitslager in Oberschlesien zwischen 1944 und 1950. Im Anschluss an die Vorf\u00fchrung fand eine Diskussion statt, die als lebendiges Zeugnis der Oberschlesischen Trag\u00f6die diente und historische Perspektiven mit dem pers\u00f6nlichen [&hellip;]<\/p>\n","protected":false},"author":295,"featured_media":74178,"comment_status":"open","ping_status":"open","sticky":false,"template":"","format":"standard","meta":{"_acf_changed":false,"footnotes":""},"categories":[4224],"tags":[6684,6678,6687,6685,6686],"redaktor":[6054],"class_list":["post-74179","post","type-post","status-publish","format-standard","has-post-thumbnail","hentry","category-geschichte-de","tag-boguslaw-tracz-de","tag-die-oberschlesische-tragoedie-1945-1956-de","tag-fuer-uns-endete-der-krieg-nicht-1945-de","tag-michal-matheja-de","tag-woiwodschaftsbibliothek-in-oppeln-de","redaktor-manuela-leibig-de"],"acf":[],"_links":{"self":[{"href":"https:\/\/neueswochenblatt.pl\/de\/wp-json\/wp\/v2\/posts\/74179","targetHints":{"allow":["GET"]}}],"collection":[{"href":"https:\/\/neueswochenblatt.pl\/de\/wp-json\/wp\/v2\/posts"}],"about":[{"href":"https:\/\/neueswochenblatt.pl\/de\/wp-json\/wp\/v2\/types\/post"}],"author":[{"embeddable":true,"href":"https:\/\/neueswochenblatt.pl\/de\/wp-json\/wp\/v2\/users\/295"}],"replies":[{"embeddable":true,"href":"https:\/\/neueswochenblatt.pl\/de\/wp-json\/wp\/v2\/comments?post=74179"}],"version-history":[{"count":5,"href":"https:\/\/neueswochenblatt.pl\/de\/wp-json\/wp\/v2\/posts\/74179\/revisions"}],"predecessor-version":[{"id":74187,"href":"https:\/\/neueswochenblatt.pl\/de\/wp-json\/wp\/v2\/posts\/74179\/revisions\/74187"}],"wp:featuredmedia":[{"embeddable":true,"href":"https:\/\/neueswochenblatt.pl\/de\/wp-json\/wp\/v2\/media\/74178"}],"wp:attachment":[{"href":"https:\/\/neueswochenblatt.pl\/de\/wp-json\/wp\/v2\/media?parent=74179"}],"wp:term":[{"taxonomy":"category","embeddable":true,"href":"https:\/\/neueswochenblatt.pl\/de\/wp-json\/wp\/v2\/categories?post=74179"},{"taxonomy":"post_tag","embeddable":true,"href":"https:\/\/neueswochenblatt.pl\/de\/wp-json\/wp\/v2\/tags?post=74179"},{"taxonomy":"redaktor","embeddable":true,"href":"https:\/\/neueswochenblatt.pl\/de\/wp-json\/wp\/v2\/redaktor?post=74179"}],"curies":[{"name":"wp","href":"https:\/\/api.w.org\/{rel}","templated":true}]}}