{"id":74149,"date":"2026-03-19T05:00:03","date_gmt":"2026-03-19T04:00:03","guid":{"rendered":"https:\/\/neueswochenblatt.pl\/?p=74149"},"modified":"2026-03-18T16:39:51","modified_gmt":"2026-03-18T15:39:51","slug":"strategie-der-spracharbeit-der-deutschen-minderheit-konsultationen-zum-dokument-laufen","status":"publish","type":"post","link":"https:\/\/neueswochenblatt.pl\/de\/strategie-der-spracharbeit-der-deutschen-minderheit-konsultationen-zum-dokument-laufen\/","title":{"rendered":"Strategie der Spracharbeit der Deutschen Minderheit \u2013 Konsultationen zum Dokument laufen"},"content":{"rendered":"<p><strong>Der Verband der deutschen sozial-kulturellen Gesellschaften in Polen (VdG) hat die Konsultationen zu einem neuen strategischen Dokument zur Spracharbeit begonnen. Die \u201eStrategie der Spracharbeit der Deutschen Minderheit 2026\u201c soll in den kommenden Jahren gemeinsame Entwicklungsrichtungen f\u00fcr den Deutschunterricht und die F\u00f6rderung der deutschen Sprache innerhalb der Minderheit festlegen. Alle Organisationen der Deutschen Minderheit wurden eingeladen, sich mit dem Entwurf vertraut zu machen und ihre Anmerkungen einzureichen.<\/strong><\/p>\n<p><!--more--><\/p>\n<p>Wie Edyta Opyd vom VdG betont, bleibt eine solide sprachliche Bildung eine der wichtigsten Aufgaben der deutschen Minderheit in Polen. Der Deutschunterricht findet derzeit in vielen Kinderg\u00e4rten und Schulen statt, ebenso im Rahmen zahlreicher Sprachprojekte, die von Organisationen der Deutschen Minderheit durchgef\u00fchrt werden. Gleichzeitig besteht weiterhin Bedarf, die Qualit\u00e4t dieser Ma\u00dfnahmen systematisch zu verbessern.<\/p>\n<blockquote>\n<p style=\"text-align: center;\"><strong><span style=\"color: #ffcc00;\">Der Strategieentwurf wurde an alle Organisationen der Deutschen Minderheit in Polen \u00fcbermittelt.<\/span><\/strong><\/p>\n<\/blockquote>\n<p>\u201eDie hohe Qualit\u00e4t der Sprachprojekte ist von entscheidender Bedeutung, um das Erlernen der deutschen Sprache wirksam zu unterst\u00fctzen und ihre Pr\u00e4senz im gesellschaftlichen und kulturellen Leben zu st\u00e4rken\u201c, unterstreicht Edyta Opyd. Aus diesem Grund wurde ein Entwurf einer Sprachstrategie vorbereitet, der sich an alle Organisationen der Deutschen Minderheit richtet. Das Dokument soll einen gemeinsamen Rahmen f\u00fcr die Planung, Umsetzung und Weiterentwicklung der Spracharbeit in den kommenden Jahren bilden.<\/p>\n<h2><strong>Organisationen k\u00f6nnen Anmerkungen einreichen<\/strong><\/h2>\n<p>Der Strategieentwurf wurde an alle Organisationen der Deutschen Minderheit in Polen \u00fcbermittelt. Derzeit laufen die Konsultationen des Dokuments, im Rahmen derer Vertreter der Organisationen ihre Vorschl\u00e4ge, \u00c4nderungsw\u00fcnsche oder Erg\u00e4nzungen einbringen k\u00f6nnen.<\/p>\n<div id=\"attachment_74153\" style=\"width: 1034px\" class=\"wp-caption alignnone\"><img loading=\"lazy\" decoding=\"async\" aria-describedby=\"caption-attachment-74153\" class=\"size-large wp-image-74153\" src=\"https:\/\/neueswochenblatt.pl\/wp-content\/uploads\/2026\/03\/klassenraum-unsplash-Haseeb-Modi-scaled-e1773244279233-1024x577.jpg\" alt=\"\" width=\"1024\" height=\"577\" srcset=\"https:\/\/neueswochenblatt.pl\/wp-content\/uploads\/2026\/03\/klassenraum-unsplash-Haseeb-Modi-scaled-e1773244279233-1024x577.jpg 1024w, https:\/\/neueswochenblatt.pl\/wp-content\/uploads\/2026\/03\/klassenraum-unsplash-Haseeb-Modi-scaled-e1773244279233-300x169.jpg 300w, https:\/\/neueswochenblatt.pl\/wp-content\/uploads\/2026\/03\/klassenraum-unsplash-Haseeb-Modi-scaled-e1773244279233-768x433.jpg 768w, https:\/\/neueswochenblatt.pl\/wp-content\/uploads\/2026\/03\/klassenraum-unsplash-Haseeb-Modi-scaled-e1773244279233-1536x865.jpg 1536w, https:\/\/neueswochenblatt.pl\/wp-content\/uploads\/2026\/03\/klassenraum-unsplash-Haseeb-Modi-scaled-e1773244279233-2048x1154.jpg 2048w\" sizes=\"auto, (max-width: 1024px) 100vw, 1024px\" \/><p id=\"caption-attachment-74153\" class=\"wp-caption-text\">Der Entwurf der Sprachstrategie wurde an alle Organisationen der Deutschen Minderheit in Polen \u00fcbermittelt. Derzeit laufen die Konsultationen des Dokuments.<br \/>Foto: Haseeb Modi\/Unsplash<\/p><\/div>\n<p>\u201eWenn Sie Anmerkungen oder \u00c4nderungsvorschl\u00e4ge haben, laden wir Sie herzlich ein, diese einzureichen\u201c, ermutigt Edyta Opyd. \u201eDies kann auf zwei Wegen erfolgen: entweder durch das Ausf\u00fcllen einer Tabelle im Word-Dokument oder \u00fcber ein Google-Formular.\u201c<\/p>\n<p>Das spezielle Formular enth\u00e4lt zwei Fragen, die die \u00dcbermittlung von Meinungen sowie das Sammeln von Erfahrungen der einzelnen Organisationen erleichtern sollen. Nach Ansicht der Autoren der Strategie ist die Beteiligung des gesamten Umfelds entscheidend, um ein koh\u00e4rentes Dokument zu schaffen, das den realen Bed\u00fcrfnissen der Deutschen Minderheit entspricht.<\/p>\n<p>Anmerkungen k\u00f6nnen bis zum 20. M\u00e4rz 2026 eingereicht werden. Das Konsultationsformular ist online verf\u00fcgbar. Weitere Informationen sowie der vollst\u00e4ndige Entwurf der Strategie sind auf der Internetseite der Dachorganisation der Deutschen Minderheit zu finden: <a href=\"https:\/\/vdg.pl\/de\/strategie-der-spracharbeit-konsultationen\/\" target=\"_blank\" rel=\"noopener\">vdg.pl<\/a><\/p>\n<p style=\"text-align: right;\"><strong>Anna Durecka<\/strong><\/p>\n","protected":false},"excerpt":{"rendered":"<p>Der Verband der deutschen sozial-kulturellen Gesellschaften in Polen (VdG) hat die Konsultationen zu einem neuen strategischen Dokument zur Spracharbeit begonnen. Die \u201eStrategie der Spracharbeit der Deutschen Minderheit 2026\u201c soll in den kommenden Jahren gemeinsame Entwicklungsrichtungen f\u00fcr den Deutschunterricht und die F\u00f6rderung der deutschen Sprache innerhalb der Minderheit festlegen. Alle Organisationen der Deutschen Minderheit wurden eingeladen, [&hellip;]<\/p>\n","protected":false},"author":295,"featured_media":74151,"comment_status":"open","ping_status":"open","sticky":false,"template":"","format":"standard","meta":{"_acf_changed":false,"footnotes":""},"categories":[6045],"tags":[6336,6368,6674,6675,6366],"redaktor":[5629],"class_list":["post-74149","post","type-post","status-publish","format-standard","has-post-thumbnail","hentry","category-bildung","tag-deutsch-als-minderheitensprache-de","tag-deutsche-minderheit-in-polen-de","tag-strategie-der-spracharbeit-der-deutschen-minderheit","tag-strategie-der-spracharbeit-der-deutschen-minderheit-2026","tag-vdg-de","redaktor-anna-durecka-de"],"acf":[],"_links":{"self":[{"href":"https:\/\/neueswochenblatt.pl\/de\/wp-json\/wp\/v2\/posts\/74149","targetHints":{"allow":["GET"]}}],"collection":[{"href":"https:\/\/neueswochenblatt.pl\/de\/wp-json\/wp\/v2\/posts"}],"about":[{"href":"https:\/\/neueswochenblatt.pl\/de\/wp-json\/wp\/v2\/types\/post"}],"author":[{"embeddable":true,"href":"https:\/\/neueswochenblatt.pl\/de\/wp-json\/wp\/v2\/users\/295"}],"replies":[{"embeddable":true,"href":"https:\/\/neueswochenblatt.pl\/de\/wp-json\/wp\/v2\/comments?post=74149"}],"version-history":[{"count":3,"href":"https:\/\/neueswochenblatt.pl\/de\/wp-json\/wp\/v2\/posts\/74149\/revisions"}],"predecessor-version":[{"id":74156,"href":"https:\/\/neueswochenblatt.pl\/de\/wp-json\/wp\/v2\/posts\/74149\/revisions\/74156"}],"wp:featuredmedia":[{"embeddable":true,"href":"https:\/\/neueswochenblatt.pl\/de\/wp-json\/wp\/v2\/media\/74151"}],"wp:attachment":[{"href":"https:\/\/neueswochenblatt.pl\/de\/wp-json\/wp\/v2\/media?parent=74149"}],"wp:term":[{"taxonomy":"category","embeddable":true,"href":"https:\/\/neueswochenblatt.pl\/de\/wp-json\/wp\/v2\/categories?post=74149"},{"taxonomy":"post_tag","embeddable":true,"href":"https:\/\/neueswochenblatt.pl\/de\/wp-json\/wp\/v2\/tags?post=74149"},{"taxonomy":"redaktor","embeddable":true,"href":"https:\/\/neueswochenblatt.pl\/de\/wp-json\/wp\/v2\/redaktor?post=74149"}],"curies":[{"name":"wp","href":"https:\/\/api.w.org\/{rel}","templated":true}]}}