{"id":74049,"date":"2026-03-10T17:20:06","date_gmt":"2026-03-10T16:20:06","guid":{"rendered":"https:\/\/neueswochenblatt.pl\/?p=74049"},"modified":"2026-03-10T17:20:06","modified_gmt":"2026-03-10T16:20:06","slug":"woche-im-dfk-10","status":"publish","type":"post","link":"https:\/\/neueswochenblatt.pl\/de\/woche-im-dfk-10\/","title":{"rendered":"Woche im DFK"},"content":{"rendered":"<h2><strong>Was war diese Woche wieder los in den DFK-Ortsgruppen? Und was steht noch an?<\/strong><\/h2>\n<p><!--more--><\/p>\n<h3><strong>Frauentag im Seniorenclub DFK Deschowitz<\/strong><\/h3>\n<p>Im Seniorenclub des DFK-Ortsvereins Deschowitz fand eine besondere Veranstaltung anl\u00e4sslich des Frauentags statt. Die Damen wurden mit Blumen und S\u00fc\u00dfigkeiten beschenkt, und auf den Tischen gab es Krapfen, Kuchen und Kaffee als Imbiss. Die Atmosph\u00e4re war wunderbar \u2013 viel Lachen, Gespr\u00e4che und gemeinsam verbrachte sch\u00f6ne Stunden.<br \/>\nDas Feiern beschr\u00e4nkte sich jedoch nicht nur auf die Damen \u2013 auch die Herren hatten Gelegenheit, gemeinsam zu feiern und Zeit in der fr\u00f6hlichen Clubatmosph\u00e4re zu verbringen.<br \/>\nDies ist ein weiterer Beweis daf\u00fcr, dass die integrativen Treffen im Seniorenclub DFK Deschowitz Freude bereiten und die Gemeinschaft der Senioren st\u00e4rken.<\/p>\n<div id=\"attachment_74050\" style=\"width: 1034px\" class=\"wp-caption alignnone\"><img loading=\"lazy\" decoding=\"async\" aria-describedby=\"caption-attachment-74050\" class=\"wp-image-74050 size-large\" src=\"https:\/\/neueswochenblatt.pl\/wp-content\/uploads\/2026\/03\/dfk-deschowitz-e1773158899901-1024x577.jpg\" alt=\"\" width=\"1024\" height=\"577\" srcset=\"https:\/\/neueswochenblatt.pl\/wp-content\/uploads\/2026\/03\/dfk-deschowitz-e1773158899901-1024x577.jpg 1024w, https:\/\/neueswochenblatt.pl\/wp-content\/uploads\/2026\/03\/dfk-deschowitz-e1773158899901-300x169.jpg 300w, https:\/\/neueswochenblatt.pl\/wp-content\/uploads\/2026\/03\/dfk-deschowitz-e1773158899901-768x433.jpg 768w, https:\/\/neueswochenblatt.pl\/wp-content\/uploads\/2026\/03\/dfk-deschowitz-e1773158899901-1536x866.jpg 1536w, https:\/\/neueswochenblatt.pl\/wp-content\/uploads\/2026\/03\/dfk-deschowitz-e1773158899901.jpg 2048w\" sizes=\"auto, (max-width: 1024px) 100vw, 1024px\" \/><p id=\"caption-attachment-74050\" class=\"wp-caption-text\">Foto: DFK Deschowitz<\/p><\/div>\n<h3><\/h3>\n<h3><strong>Beitrag zum Mitgliedsbeitrag \u2013 DFK Fr\u00f6bel<\/strong><\/h3>\n<p>Der Vorstand des DFK-Ortsvereins Fr\u00f6bel informiert \u00fcber die M\u00f6glichkeit, die Mitgliedsbeitr\u00e4ge zu entrichten. Die Zahlungen k\u00f6nnen am Samstag, den 14. M\u00e4rz 2026, von 14:00 bis 16:00 Uhr im Dorfgemeinschaftshaus vorgenommen werden. Dieser Termin wurde so gew\u00e4hlt, dass die Mitglieder ihre Beitr\u00e4ge gleichzeitig mit der Steuerzahlung begleichen k\u00f6nnen.<\/p>\n<p><img loading=\"lazy\" decoding=\"async\" class=\"alignnone size-large wp-image-74052\" src=\"https:\/\/neueswochenblatt.pl\/wp-content\/uploads\/2026\/03\/dfk-froeblin-726x1024.jpg\" alt=\"\" width=\"726\" height=\"1024\" srcset=\"https:\/\/neueswochenblatt.pl\/wp-content\/uploads\/2026\/03\/dfk-froeblin-726x1024.jpg 726w, https:\/\/neueswochenblatt.pl\/wp-content\/uploads\/2026\/03\/dfk-froeblin-213x300.jpg 213w, https:\/\/neueswochenblatt.pl\/wp-content\/uploads\/2026\/03\/dfk-froeblin-768x1083.jpg 768w, https:\/\/neueswochenblatt.pl\/wp-content\/uploads\/2026\/03\/dfk-froeblin-1090x1536.jpg 1090w, https:\/\/neueswochenblatt.pl\/wp-content\/uploads\/2026\/03\/dfk-froeblin.jpg 1240w\" sizes=\"auto, (max-width: 726px) 100vw, 726px\" \/><\/p>\n<h3><\/h3>\n<h3><strong>Frauen- und M\u00e4nnertag im DFK Roschowitzdorf<\/strong><\/h3>\n<p>Der Donnerstagabend im DFK Roschowitzdorf war wirklich etwas Besonderes. Die Mitglieder feierten gemeinsam den Frauen- und M\u00e4nnertag im Kreis von Nachbarn, Bekannten und Freunden. Es war eine sch\u00f6ne Zeit voller Gespr\u00e4che, Lachen und herzlicher Atmosph\u00e4re. Es fehlte nicht an warmen W\u00fcnschen, kleinen Geschenken und wunderbaren musikalischen Momenten. F\u00fcr die k\u00fcnstlerische Umrahmung sorgte die talentierte S\u00e4ngerin Patrycja Kamecka, die mit einem Repertoire aus Film-, Unterhaltungs- und Operettenmusik begeisterte.<\/p>\n<div id=\"attachment_74054\" style=\"width: 1034px\" class=\"wp-caption alignnone\"><img loading=\"lazy\" decoding=\"async\" aria-describedby=\"caption-attachment-74054\" class=\"size-large wp-image-74054\" src=\"https:\/\/neueswochenblatt.pl\/wp-content\/uploads\/2026\/03\/dfk-roszowice-e1773158679485-1024x577.jpg\" alt=\"\" width=\"1024\" height=\"577\" srcset=\"https:\/\/neueswochenblatt.pl\/wp-content\/uploads\/2026\/03\/dfk-roszowice-e1773158679485-1024x577.jpg 1024w, https:\/\/neueswochenblatt.pl\/wp-content\/uploads\/2026\/03\/dfk-roszowice-e1773158679485-300x169.jpg 300w, https:\/\/neueswochenblatt.pl\/wp-content\/uploads\/2026\/03\/dfk-roszowice-e1773158679485-768x433.jpg 768w, https:\/\/neueswochenblatt.pl\/wp-content\/uploads\/2026\/03\/dfk-roszowice-e1773158679485-1536x866.jpg 1536w, https:\/\/neueswochenblatt.pl\/wp-content\/uploads\/2026\/03\/dfk-roszowice-e1773158679485.jpg 2048w\" sizes=\"auto, (max-width: 1024px) 100vw, 1024px\" \/><p id=\"caption-attachment-74054\" class=\"wp-caption-text\">Foto: DFK Roschowitzdorf<\/p><\/div>\n<h3><\/h3>\n<h3><strong>Osterworkshops im DFK Proskau<\/strong><\/h3>\n<p>Am vergangenen Sonntag, den 1. M\u00e4rz, \u00fcbten 20 Teilnehmer unterschiedlichen Alters die Kunst des Ostereierkratzens. Die Workshops wurden im Vereinsheim des DFK Proskau organisiert. Dabei zeigten die Teilnehmer viel Kreativit\u00e4t und Geschick bei der Dekoration der Eier.<\/p>\n<div id=\"attachment_74056\" style=\"width: 1034px\" class=\"wp-caption alignnone\"><img loading=\"lazy\" decoding=\"async\" aria-describedby=\"caption-attachment-74056\" class=\"size-large wp-image-74056\" src=\"https:\/\/neueswochenblatt.pl\/wp-content\/uploads\/2026\/03\/dfk-proszkow-e1773158730369-1024x577.jpg\" alt=\"\" width=\"1024\" height=\"577\" srcset=\"https:\/\/neueswochenblatt.pl\/wp-content\/uploads\/2026\/03\/dfk-proszkow-e1773158730369-1024x577.jpg 1024w, https:\/\/neueswochenblatt.pl\/wp-content\/uploads\/2026\/03\/dfk-proszkow-e1773158730369-300x169.jpg 300w, https:\/\/neueswochenblatt.pl\/wp-content\/uploads\/2026\/03\/dfk-proszkow-e1773158730369-768x433.jpg 768w, https:\/\/neueswochenblatt.pl\/wp-content\/uploads\/2026\/03\/dfk-proszkow-e1773158730369-1536x866.jpg 1536w, https:\/\/neueswochenblatt.pl\/wp-content\/uploads\/2026\/03\/dfk-proszkow-e1773158730369.jpg 2048w\" sizes=\"auto, (max-width: 1024px) 100vw, 1024px\" \/><p id=\"caption-attachment-74056\" class=\"wp-caption-text\">Foto: DFK Proskau<\/p><\/div>\n<h3><\/h3>\n<h3><strong>Einladung zur Berlin-Reise<\/strong><\/h3>\n<p>Die Sozialkulturelle Gesellschaft der Deutschen in der Woiwodschaft Schlesien organisiert eine Reise nach Berlin vom 9. bis 12. August 2026. Auf dem Programm stehen eine Stadtf\u00fchrung durch das Berliner Zentrum, eine F\u00fchrung im Bundestag, Besuche des Schlosses Charlottenburg und der Zitadelle Spandau sowie ein Besuch des Berliner Fernsehturms mit kleinem Imbiss. Au\u00dferdem wird das Gel\u00e4nde des Schlosses Sanssouci mit F\u00fchrung besichtigt. Die F\u00fchrungen werden teilweise auf Deutsch und teilweise auf Polnisch durchgef\u00fchrt.<br \/>\nDie Kosten der Reise betragen 1.710 PLN pro Person und beinhalten Transport, \u00dcbernachtungen mit Fr\u00fchst\u00fcck (3x), Abendessen (4x), Eintrittsgelder und die Begleitung durch den Reisef\u00fchrer. Abfahrt des Busses erfolgt in Gleiwitz und Ratibor.<br \/>\nAnmeldungen werden im B\u00fcro des DFK-Woiwodschaftsvorstands in Ratibor, Wczasowa 3, oder per E-Mail an biuro@dfkschlesien.pl entgegengenommen. Die Pl\u00e4tze sind begrenzt, daher erfolgt die Anmeldung nach dem Prinzip \u201efirst come, first served\u201c.<\/p>\n<p>&nbsp;<\/p>\n<h3><strong>Seniorentreffen im Haus Kopernikus<\/strong><\/h3>\n<p>Am 2. M\u00e4rz fand im Haus Kopernikus ein weiteres Seniorentreffen statt, zu dem die Allensteiner Gesellschaft der Deutschen Minderheit eingeladen hatte. Die Teilnehmerzahl war h\u00f6her als zu Beginn des Jahres, was unter anderem an der sich bessernden Wetterlage lag, und die Atmosph\u00e4re war besonders fr\u00f6hlich und integrativ.<br \/>\nDie G\u00e4ste verbrachten angenehme Stunden bei Kaffee, Kuchen und Snacks. W\u00e4hrend des Treffens richteten die Damen des Handarbeitskreises einen Stand mit handgefertigten Str\u00e4u\u00dfen und Gru\u00dfkarten ein. Zum Abschluss sangen alle gemeinsam das \u201eOstpreu\u00dfenlied\u201c, was das Gemeinschaftsgef\u00fchl st\u00e4rkte und dem Treffen einen besonderen Charakter verlieh.<br \/>\nDas Treffen bot eine hervorragende Gelegenheit f\u00fcr Gespr\u00e4che, Erfahrungsaustausch sowie f\u00fcr die Vorbereitung auf den Fr\u00fchling nach einem langen Winter. Vielen Dank an alle Teilnehmer, und wir freuen uns bereits auf die n\u00e4chsten Treffen!<br \/>\nDas Projekt wurde durch das Bayerische Staatsministerium f\u00fcr Familie, Arbeit und Soziales gef\u00f6rdert.<\/p>\n<h3><strong>Wiederer\u00f6ffnung der DFK-Broslawitz-Gesellschaftsst\u00e4tte<\/strong><\/h3>\n<p>Der Vorstand der DFK-Broslawitz-Gesellschaft freut sich, alle Mitglieder zu einem besonderen Ereignis einzuladen \u2013 der Wiederer\u00f6ffnung der Vereinsst\u00e4tte nach abgeschlossenem Umbau und Fr\u00fchjahrsreinigung. Das festliche Treffen findet am Sonntag, den 15. M\u00e4rz 2026, um 16:00 Uhr statt. Die Teilnahme ist ausschlie\u00dflich Mitgliedern vorbehalten, und der Kostenbeitrag betr\u00e4gt 5 PLN. Aus organisatorischen Gr\u00fcnden bittet der DFK um Reservierung der Pl\u00e4tze bis zum 11. M\u00e4rz unter der Telefonnummer 513 591\u00a0613.<\/p>\n<p><img loading=\"lazy\" decoding=\"async\" class=\"alignnone size-full wp-image-74060\" src=\"https:\/\/neueswochenblatt.pl\/wp-content\/uploads\/2026\/03\/dfk-broslawitz.jpg\" alt=\"\" width=\"509\" height=\"720\" srcset=\"https:\/\/neueswochenblatt.pl\/wp-content\/uploads\/2026\/03\/dfk-broslawitz.jpg 509w, https:\/\/neueswochenblatt.pl\/wp-content\/uploads\/2026\/03\/dfk-broslawitz-212x300.jpg 212w\" sizes=\"auto, (max-width: 509px) 100vw, 509px\" \/><\/p>\n","protected":false},"excerpt":{"rendered":"<p>Was war diese Woche wieder los in den DFK-Ortsgruppen? Und was steht noch an?<\/p>\n","protected":false},"author":295,"featured_media":74058,"comment_status":"open","ping_status":"open","sticky":false,"template":"","format":"standard","meta":{"_acf_changed":false,"footnotes":""},"categories":[5625],"tags":[6656,6657,5928,6654,6354,6655,6653,6652],"redaktor":[5629],"class_list":["post-74049","post","type-post","status-publish","format-standard","has-post-thumbnail","hentry","category-kultur-de","tag-allensteiner-gesellschaft-der-deutschen-minderheit-de","tag-dfk-broslawitz-de","tag-dfk-deschowitz-de","tag-dfk-froebel-de","tag-dfk-proskau-de","tag-dfk-roschowitzdorf-de","tag-skgd-schlesien","tag-sozialkulturelle-gesellschaft-der-deutschen-in-der-woiwodschaft-schlesien","redaktor-anna-durecka-de"],"acf":[],"_links":{"self":[{"href":"https:\/\/neueswochenblatt.pl\/de\/wp-json\/wp\/v2\/posts\/74049","targetHints":{"allow":["GET"]}}],"collection":[{"href":"https:\/\/neueswochenblatt.pl\/de\/wp-json\/wp\/v2\/posts"}],"about":[{"href":"https:\/\/neueswochenblatt.pl\/de\/wp-json\/wp\/v2\/types\/post"}],"author":[{"embeddable":true,"href":"https:\/\/neueswochenblatt.pl\/de\/wp-json\/wp\/v2\/users\/295"}],"replies":[{"embeddable":true,"href":"https:\/\/neueswochenblatt.pl\/de\/wp-json\/wp\/v2\/comments?post=74049"}],"version-history":[{"count":2,"href":"https:\/\/neueswochenblatt.pl\/de\/wp-json\/wp\/v2\/posts\/74049\/revisions"}],"predecessor-version":[{"id":74065,"href":"https:\/\/neueswochenblatt.pl\/de\/wp-json\/wp\/v2\/posts\/74049\/revisions\/74065"}],"wp:featuredmedia":[{"embeddable":true,"href":"https:\/\/neueswochenblatt.pl\/de\/wp-json\/wp\/v2\/media\/74058"}],"wp:attachment":[{"href":"https:\/\/neueswochenblatt.pl\/de\/wp-json\/wp\/v2\/media?parent=74049"}],"wp:term":[{"taxonomy":"category","embeddable":true,"href":"https:\/\/neueswochenblatt.pl\/de\/wp-json\/wp\/v2\/categories?post=74049"},{"taxonomy":"post_tag","embeddable":true,"href":"https:\/\/neueswochenblatt.pl\/de\/wp-json\/wp\/v2\/tags?post=74049"},{"taxonomy":"redaktor","embeddable":true,"href":"https:\/\/neueswochenblatt.pl\/de\/wp-json\/wp\/v2\/redaktor?post=74049"}],"curies":[{"name":"wp","href":"https:\/\/api.w.org\/{rel}","templated":true}]}}