{"id":74012,"date":"2026-03-10T10:40:09","date_gmt":"2026-03-10T09:40:09","guid":{"rendered":"https:\/\/neueswochenblatt.pl\/?p=74012"},"modified":"2026-03-21T11:30:25","modified_gmt":"2026-03-21T10:30:25","slug":"deutsch-als-minderheitensprache","status":"publish","type":"post","link":"https:\/\/neueswochenblatt.pl\/de\/deutsch-als-minderheitensprache\/","title":{"rendered":"Deutsch als Minderheitensprache"},"content":{"rendered":"<h1>Investition in die Zukunft oder Kampf mit Vorschriften?<\/h1>\n<p><strong>Der Saal im Oppelner Marschallamt war bis auf den letzten Platz gef\u00fcllt. Schulleiter, Kommunalpolitiker und Lehrer kamen am 9. M\u00e4rz nach Oppeln, um Antworten auf Fragen zur Zukunft des Deutschunterrichts als Minderheitensprache zu suchen. Auch wenn die Vorschriften kompliziert erscheinen, ist die Botschaft aus Oppeln klar: Zusammenarbeit und fr\u00fchzeitige Planung sind der Schl\u00fcssel zum Erfolg.<\/strong><\/p>\n<p><!--more--><\/p>\n<p>Die Informationsveranstaltung wurde von Marcin Gambiec, dem Direktor der Abteilung f\u00fcr Bildung und Arbeitsmarkt im Marschallamt, er\u00f6ffnet. Er erkl\u00e4rte, dass der M\u00e4rz die letzte Gelegenheit sei, \u00fcber die Organisation des neuen Schuljahres zu sprechen:<br \/>\n\u201eDie Anmeldefrist f\u00fcr den Minderheitensprachenunterricht endet am 31. M\u00e4rz. Wir treffen uns jetzt, damit die Schulleiter in Ruhe die Organisationspl\u00e4ne vorbereiten k\u00f6nnen, die im April eingereicht werden. Wir wollen Probleme gemeinsam l\u00f6sen, denn Vernetzung und der Austausch von Erfahrungen sind der beste Weg zum Ziel\u201c, betonte Direktor Gambiec und wies zudem auf die Unterst\u00fctzung durch die Organisationen der deutschen Minderheit hin.<\/p>\n<div id=\"attachment_74024\" style=\"width: 870px\" class=\"wp-caption aligncenter\"><img loading=\"lazy\" decoding=\"async\" aria-describedby=\"caption-attachment-74024\" class=\" wp-image-74024\" src=\"https:\/\/neueswochenblatt.pl\/wp-content\/uploads\/2026\/03\/dam-steffi-3-1024x682.jpg\" alt=\"\" width=\"860\" height=\"572\" srcset=\"https:\/\/neueswochenblatt.pl\/wp-content\/uploads\/2026\/03\/dam-steffi-3-1024x682.jpg 1024w, https:\/\/neueswochenblatt.pl\/wp-content\/uploads\/2026\/03\/dam-steffi-3-300x200.jpg 300w, https:\/\/neueswochenblatt.pl\/wp-content\/uploads\/2026\/03\/dam-steffi-3-768x512.jpg 768w, https:\/\/neueswochenblatt.pl\/wp-content\/uploads\/2026\/03\/dam-steffi-3-1536x1024.jpg 1536w, https:\/\/neueswochenblatt.pl\/wp-content\/uploads\/2026\/03\/dam-steffi-3.jpg 2000w\" sizes=\"auto, (max-width: 860px) 100vw, 860px\" \/><p id=\"caption-attachment-74024\" class=\"wp-caption-text\">Logistyka i terminy: Marcin Gambiec wyja\u015bnia, dlaczego deklaracje rodzic\u00f3w musz\u0105 wp\u0142yn\u0105\u0107 do ko\u0144ca marca.<br \/>Foto: Steffi Koprek-Golomb<\/p><\/div>\n<p>Die anwesende Oppelner Bildungskuratorin, Joanna Ra\u017aniewska, hob hervor, dass dies f\u00fcr die Region ein grundlegendes Thema sei:<br \/>\n\u201eIn unserer Woiwodschaft ist diese Sprache etwas v\u00f6llig Nat\u00fcrliches; sie betrifft Hunderte Einrichtungen und eine enorme Anzahl von Sch\u00fclern. Wir wollen den Schulen bei der Planung helfen und an eine wichtige \u00c4nderung erinnern: Sch\u00fcler der h\u00f6heren Klassen k\u00f6nnen Deutsch als Minderheitensprache nun als zweite Fremdsprache w\u00e4hlen. Dies ist eine wesentliche St\u00e4rkung der Position von Deutsch im Bildungssystem\u201c, sagte die Kuratorin und beantwortete zahlreiche Fragen aus dem Publikum.<\/p>\n<div id=\"attachment_74026\" style=\"width: 1034px\" class=\"wp-caption aligncenter\"><img loading=\"lazy\" decoding=\"async\" aria-describedby=\"caption-attachment-74026\" class=\"wp-image-74026 size-large\" src=\"https:\/\/neueswochenblatt.pl\/wp-content\/uploads\/2026\/03\/dam-steffi-4-1024x682.jpg\" alt=\"\" width=\"1024\" height=\"682\" \/><p id=\"caption-attachment-74026\" class=\"wp-caption-text\">Dialog w\u0142adz regionu z nauczycielami to podstawa wypracowania najlepszych rozwi\u0105za\u0144 dla uczni\u00f3w.<br \/>Foto: Stefani Koprek<\/p><\/div>\n<h2>Bildung ist Regionalentwicklung<\/h2>\n<p>Die Vizemarschallin der Woiwodschaft Oppeln, Zuzanna Donath-Kasiura, zeigte sich erfreut \u00fcber die hohe Teilnehmerzahl.<\/p>\n<p>\u201eDas zeigt das enorme Interesse daran, wie man sich bestm\u00f6glich auf die sich \u00e4ndernde Situation vorbereitet\u201c, sagte sie. Sie betonte, dass der Deutschunterricht als Minderheitensprache nicht nur Identit\u00e4tsbildung, sondern auch eine reale wirtschaftliche Investition sei:<br \/>\n\u201eWir geben jungen Menschen Schl\u00fcsselkompetenzen der EU und die Chance auf einen Einstieg ins Erwachsenenleben auf h\u00f6chstem Niveau. Ich hoffe, dass sich das Engagement der Schulleiter in den Entscheidungen der Eltern widerspiegelt.\u201c<\/p>\n<h2>Das Dilemma der Siebtkl\u00e4ssler: Herz oder Punkte?<\/h2>\n<p>Die Schulrealit\u00e4t ist jedoch oft kompliziert. Hauptthema der Gespr\u00e4che war die Wahl zwischen der Minderheitensprache und Deutsch als Fremdsprache in den Klassen VII\u2013VIII.<\/p>\n<p>Agnieszka \u015acis\u0142owska-Ceg\u0142a, Lehrerin f\u00fcr Deutsch und Deutsch als Minderheitensprache an der Grundschule Nr. 28 in Oppeln, wies darauf hin, dass solche Treffen trotz vieler offener Fragen sehr wichtig seien: \u201eIch habe mich zwar schon vorher intensiv in die Rechtsvorschriften eingelesen, aber diese Konferenz hat mir sehr geholfen \u2013 ich konnte mein Wissen best\u00e4tigen und sicherstellen, dass ich die Regeln richtig interpretiere. Das gibt uns Lehrern mehr Sicherheit bei der Arbeit\u201c, bewertete sie das Treffen positiv.<\/p>\n<div id=\"attachment_74030\" style=\"width: 1034px\" class=\"wp-caption aligncenter\"><img loading=\"lazy\" decoding=\"async\" aria-describedby=\"caption-attachment-74030\" class=\"size-large wp-image-74030\" src=\"https:\/\/neueswochenblatt.pl\/wp-content\/uploads\/2026\/03\/dami-1-1024x683.jpg\" alt=\"\" width=\"1024\" height=\"683\" srcset=\"https:\/\/neueswochenblatt.pl\/wp-content\/uploads\/2026\/03\/dami-1-1024x683.jpg 1024w, https:\/\/neueswochenblatt.pl\/wp-content\/uploads\/2026\/03\/dami-1-300x200.jpg 300w, https:\/\/neueswochenblatt.pl\/wp-content\/uploads\/2026\/03\/dami-1-768x512.jpg 768w, https:\/\/neueswochenblatt.pl\/wp-content\/uploads\/2026\/03\/dami-1-1536x1024.jpg 1536w, https:\/\/neueswochenblatt.pl\/wp-content\/uploads\/2026\/03\/dami-1-2048x1365.jpg 2048w\" sizes=\"auto, (max-width: 1024px) 100vw, 1024px\" \/><p id=\"caption-attachment-74030\" class=\"wp-caption-text\">\u201eSieciowanie\u201d w praktyce \u2013 konferencja by\u0142a te\u017c czasem na kuluarowe rozmowy i budowanie relacji mi\u0119dzy plac\u00f3wkami.<br \/>Foto: Manuela Leibig<\/p><\/div>\n<p>Sie betonte zudem, dass der Minderheitensprachenunterricht eine gro\u00dfe Chance f\u00fcr die Sch\u00fcler sei: \u201eEs ist nicht nur das Lernen von Vokabeln, es ist pers\u00f6nliche Entwicklung und ein besseres Verst\u00e4ndnis der Welt. Wir geben den Kindern ein Werkzeug an die Hand, das in unserer Region unbezahlbar ist.\u201c<\/p>\n<h2>Deutschlehrer<\/h2>\n<p>Die Lehrerin wies jedoch auch auf ein Problem hin: den Mangel an fertigen Lehrb\u00fcchern und Materialien:<br \/>\n\u201eOft m\u00fcssen wir eigene Autorenprogramme erstellen. Andererseits bietet uns das auch viele M\u00f6glichkeiten, zum Beispiel f\u00fcr Projektarbeit. Lehrer sind sehr kreative Menschen, wir unterst\u00fctzen uns in Kollegengruppen und tauschen Materialien aus\u201c, erkl\u00e4rt Agnieszka \u015acis\u0142owska-Ceg\u0142a, die sich seit der Reduzierung der Stundenanzahl f\u00fcr Minderheitensprachen von drei auf eine Stunde umqualifiziert hat und nun auch Geografie unterrichtet.<\/p>\n<div id=\"attachment_74036\" style=\"width: 1034px\" class=\"wp-caption aligncenter\"><img loading=\"lazy\" decoding=\"async\" aria-describedby=\"caption-attachment-74036\" class=\"size-large wp-image-74036\" src=\"https:\/\/neueswochenblatt.pl\/wp-content\/uploads\/2026\/03\/dami-4-1024x683.jpg\" alt=\"\" width=\"1024\" height=\"683\" srcset=\"https:\/\/neueswochenblatt.pl\/wp-content\/uploads\/2026\/03\/dami-4-1024x683.jpg 1024w, https:\/\/neueswochenblatt.pl\/wp-content\/uploads\/2026\/03\/dami-4-300x200.jpg 300w, https:\/\/neueswochenblatt.pl\/wp-content\/uploads\/2026\/03\/dami-4-768x512.jpg 768w, https:\/\/neueswochenblatt.pl\/wp-content\/uploads\/2026\/03\/dami-4-1536x1024.jpg 1536w, https:\/\/neueswochenblatt.pl\/wp-content\/uploads\/2026\/03\/dami-4-2048x1365.jpg 2048w\" sizes=\"auto, (max-width: 1024px) 100vw, 1024px\" \/><p id=\"caption-attachment-74036\" class=\"wp-caption-text\">Sala Or\u0142a Bia\u0142ego wype\u0142niona po brzegi \u2013 temat nauczania j\u0119zyka mniejszo\u015bci budzi ogromne zainteresowanie.<br \/>Foto: Manuela Leibig<\/p><\/div>\n<p>Viele Deutschlehrer waren durch die zeitweise Stundenk\u00fcrzung gezwungen, ihre Qualifikationen zu \u00e4ndern oder verloren sogar ihre Stelle. Auch das Thema des Personalmangels, etwa wenn Lehrer in den Ruhestand gehen, wurde auf dem Treffen thematisiert.<\/p>\n<h2>Erfolge und Herausforderungen<\/h2>\n<p>\u00c4hnliche Beobachtungen macht Anna Paluszczak von der Grundschule in Koselwitz (Koz\u0142owice): \u201eBei uns haben Eltern ihre Anmeldungen zur\u00fcckgezogen, damit die Kinder die Abschlusspr\u00fcfung in der achten Klasse in Deutsch als Fremdsprache ablegen k\u00f6nnen. Das ist einfache Mathematik: Gute Ergebnisse bei der Pr\u00fcfung bedeuten mehr Punkte f\u00fcr die Aufnahme in eine bessere weiterf\u00fchrende Schule\u201c, sagt sie.<\/p>\n<div id=\"attachment_74032\" style=\"width: 1034px\" class=\"wp-caption aligncenter\"><img loading=\"lazy\" decoding=\"async\" aria-describedby=\"caption-attachment-74032\" class=\"size-large wp-image-74032\" src=\"https:\/\/neueswochenblatt.pl\/wp-content\/uploads\/2026\/03\/dami-2-1024x683.jpg\" alt=\"\" width=\"1024\" height=\"683\" srcset=\"https:\/\/neueswochenblatt.pl\/wp-content\/uploads\/2026\/03\/dami-2-1024x683.jpg 1024w, https:\/\/neueswochenblatt.pl\/wp-content\/uploads\/2026\/03\/dami-2-300x200.jpg 300w, https:\/\/neueswochenblatt.pl\/wp-content\/uploads\/2026\/03\/dami-2-768x512.jpg 768w, https:\/\/neueswochenblatt.pl\/wp-content\/uploads\/2026\/03\/dami-2-1536x1024.jpg 1536w, https:\/\/neueswochenblatt.pl\/wp-content\/uploads\/2026\/03\/dami-2-2048x1365.jpg 2048w\" sizes=\"auto, (max-width: 1024px) 100vw, 1024px\" \/><p id=\"caption-attachment-74032\" class=\"wp-caption-text\">Koncentracja i wymiana do\u015bwiadcze\u0144 \u2013 nauczyciele podkre\u015blali wag\u0119 wzajemnego wspierania si\u0119 w grupach kole\u017ce\u0144skich.<br \/>Foto: Manuela Leibig<\/p><\/div>\n<p>Eine m\u00f6gliche L\u00f6sung ist dabei der Verzicht auf den Status als Minderheitensprache nach der 7. Klasse, was den Weg f\u00fcr die Deutschpr\u00fcfung in der 8. Klasse ebnet.<\/p>\n<p>Gleichzeitig betont Anna Paluszczak, dass die Schule sehr aktiv ist und Zusatzangebote wie die Deutsch-AG oder Samstagskurse anbietet. Die Lehrerin bereitet gerade ihre Sch\u00fclerin auf das lndesweite Finale der Olympiade \u201eLust auf Deutsch\u201c vor, das in Warschau stattfindet.<\/p>\n<blockquote>\n<p style=\"text-align: center;\"><strong><span style=\"color: #ffcc00;\">F\u00fcr alle, die noch Zweifel haben, lie\u00df Marcin Gambiec die T\u00fcr offen. Bis zum 13. M\u00e4rz 2026 k\u00f6nnen Fragen direkt an die Bildungsabteilung unter der E-Mail-Adresse dep@opolskie.pl gesendet werden.<\/span><\/strong><\/p>\n<\/blockquote>\n<p>Nicht \u00fcberall jedoch \u201everliert\u201c die Minderheitensprache gegen die Fremdsprache. Katarzyna Filocha-Majka von der Grundschule in Lindewiese (Lipowa) in der Gemeinde Neisse, die von einem Verein getragen wird, berichtet von einem Erfolg: \u201eBei uns hat sich die gesamte Klasse mit zw\u00f6lf Sch\u00fclern daf\u00fcr entschieden, den Minderheitensprachenunterricht fortzusetzen. Die Eltern haben die Erkl\u00e4rungen abgegeben, und wir machen auf diesem Weg weiter\u201c, erz\u00e4hlt sie stolz.<\/p>\n<div id=\"attachment_74038\" style=\"width: 1034px\" class=\"wp-caption aligncenter\"><img loading=\"lazy\" decoding=\"async\" aria-describedby=\"caption-attachment-74038\" class=\"wp-image-74038 size-large\" src=\"https:\/\/neueswochenblatt.pl\/wp-content\/uploads\/2026\/03\/dami-5-1024x683.jpg\" alt=\"\" width=\"1024\" height=\"683\" srcset=\"https:\/\/neueswochenblatt.pl\/wp-content\/uploads\/2026\/03\/dami-5-1024x683.jpg 1024w, https:\/\/neueswochenblatt.pl\/wp-content\/uploads\/2026\/03\/dami-5-300x200.jpg 300w, https:\/\/neueswochenblatt.pl\/wp-content\/uploads\/2026\/03\/dami-5-768x512.jpg 768w, https:\/\/neueswochenblatt.pl\/wp-content\/uploads\/2026\/03\/dami-5-1536x1024.jpg 1536w, https:\/\/neueswochenblatt.pl\/wp-content\/uploads\/2026\/03\/dami-5-2048x1365.jpg 2048w\" sizes=\"auto, (max-width: 1024px) 100vw, 1024px\" \/><p id=\"caption-attachment-74038\" class=\"wp-caption-text\">Foto: Manuela Leibig<\/p><\/div>\n<p>Es gibt jedoch auch Orte, an denen \u00c4nderungen ohne Diskussion \u201evon oben\u201c herbeigef\u00fchrt werden. Eine der anwesenden Lehrerinnen gab anonym zu, dass in ihrer Schule in der sechsten Klasse automatisch der Wechsel von der Minderheitensprache zur Fremdsprache erfolgt, ohne dass die Wahlm\u00f6glichkeit \u00fcberhaupt thematisiert wird.<\/p>\n<h2>Wie geht es weiter?<\/h2>\n<p>Die Konferenz hat gezeigt, dass die Deutschlehrer eine \u00e4u\u00dferst starke und integrierte Gruppe sind. Dank der fachlichen Unterst\u00fctzung durch das Kuratorium und das Marschallamt haben Schulleiter und Lehrer nun Klarheit \u00fcber Termine und Logistik gewonnen.<\/p>\n<p>F\u00fcr alle, die noch Zweifel haben, lie\u00df Marcin Gambiec die T\u00fcr offen. Bis zum 13. M\u00e4rz 2026 k\u00f6nnen Fragen direkt an die Bildungsabteilung unter der E-Mail-Adresse dep@opolskie.pl gesendet werden.<\/p>\n\n\t\t<style type=\"text\/css\">\n\t\t\t#gallery-1 {\n\t\t\t\tmargin: auto;\n\t\t\t}\n\t\t\t#gallery-1 .gallery-item {\n\t\t\t\tfloat: left;\n\t\t\t\tmargin-top: 10px;\n\t\t\t\ttext-align: center;\n\t\t\t\twidth: 33%;\n\t\t\t}\n\t\t\t#gallery-1 img {\n\t\t\t\tborder: 2px solid #cfcfcf;\n\t\t\t}\n\t\t\t#gallery-1 .gallery-caption {\n\t\t\t\tmargin-left: 0;\n\t\t\t}\n\t\t\t\/* see gallery_shortcode() in wp-includes\/media.php *\/\n\t\t<\/style>\n\t\t<div id='gallery-1' class='gallery galleryid-74012 gallery-columns-3 gallery-size-thumbnail'><dl class='gallery-item'>\n\t\t\t<dt class='gallery-icon landscape'>\n\t\t\t\t<a href='https:\/\/neueswochenblatt.pl\/de\/deutsch-als-minderheitensprache\/dam-marcin-gambiec-steffi\/'><img loading=\"lazy\" decoding=\"async\" width=\"150\" height=\"150\" src=\"https:\/\/neueswochenblatt.pl\/wp-content\/uploads\/2026\/03\/dam-Marcin-Gambiec-Steffi-150x150.jpg\" class=\"attachment-thumbnail size-thumbnail\" alt=\"\" aria-describedby=\"gallery-1-74020\" \/><\/a>\n\t\t\t<\/dt>\n\t\t\t\t<dd class='wp-caption-text gallery-caption' id='gallery-1-74020'>\n\t\t\t\tMarcin Gambiec, dyrektor Departamentu Edukacji i Rynku Pracy, omawia zmiany prawne dotycz\u0105ce nauczania j\u0119zyka niemieckiego.\nFoto: Stefani Koprek-Golomb\n\t\t\t\t<\/dd><\/dl><dl class='gallery-item'>\n\t\t\t<dt class='gallery-icon landscape'>\n\t\t\t\t<a href='https:\/\/neueswochenblatt.pl\/de\/deutsch-als-minderheitensprache\/dam-steffi-4\/'><img loading=\"lazy\" decoding=\"async\" width=\"150\" height=\"150\" src=\"https:\/\/neueswochenblatt.pl\/wp-content\/uploads\/2026\/03\/dam-steffi-4-e1773313988987-150x150.jpg\" class=\"attachment-thumbnail size-thumbnail\" alt=\"\" aria-describedby=\"gallery-1-74026\" \/><\/a>\n\t\t\t<\/dt>\n\t\t\t\t<dd class='wp-caption-text gallery-caption' id='gallery-1-74026'>\n\t\t\t\tDialog w\u0142adz regionu z nauczycielami to podstawa wypracowania najlepszych rozwi\u0105za\u0144 dla uczni\u00f3w.\nFoto: Stefani Koprek-Golomb\n\t\t\t\t<\/dd><\/dl><dl class='gallery-item'>\n\t\t\t<dt class='gallery-icon landscape'>\n\t\t\t\t<a href='https:\/\/neueswochenblatt.pl\/de\/deutsch-als-minderheitensprache\/dsc_0988\/'><img loading=\"lazy\" decoding=\"async\" width=\"150\" height=\"150\" src=\"https:\/\/neueswochenblatt.pl\/wp-content\/uploads\/2026\/03\/DSC_0988-150x150.jpg\" class=\"attachment-thumbnail size-thumbnail\" alt=\"\" aria-describedby=\"gallery-1-74044\" \/><\/a>\n\t\t\t<\/dt>\n\t\t\t\t<dd class='wp-caption-text gallery-caption' id='gallery-1-74044'>\n\t\t\t\tOpolska Kurator O\u015bwiaty, Joanna Ra\u017aniewska\nFoto: Manuela Leibig\n\t\t\t\t<\/dd><\/dl><br style=\"clear: both\" \/><dl class='gallery-item'>\n\t\t\t<dt class='gallery-icon landscape'>\n\t\t\t\t<a href='https:\/\/neueswochenblatt.pl\/de\/deutsch-als-minderheitensprache\/dam-izabela-szczepanska-program-niwki-fot-steffi\/'><img loading=\"lazy\" decoding=\"async\" width=\"150\" height=\"150\" src=\"https:\/\/neueswochenblatt.pl\/wp-content\/uploads\/2026\/03\/dam-Izabela-Szczepanska-program-Niwki-fot-Steffi-150x150.jpg\" class=\"attachment-thumbnail size-thumbnail\" alt=\"\" aria-describedby=\"gallery-1-74018\" \/><\/a>\n\t\t\t<\/dt>\n\t\t\t\t<dd class='wp-caption-text gallery-caption' id='gallery-1-74018'>\n\t\t\t\tFoto: Stefani Koprek-Golomb\n\t\t\t\t<\/dd><\/dl><dl class='gallery-item'>\n\t\t\t<dt class='gallery-icon landscape'>\n\t\t\t\t<a href='https:\/\/neueswochenblatt.pl\/de\/deutsch-als-minderheitensprache\/dam-steffi-3\/'><img loading=\"lazy\" decoding=\"async\" width=\"150\" height=\"150\" src=\"https:\/\/neueswochenblatt.pl\/wp-content\/uploads\/2026\/03\/dam-steffi-3-150x150.jpg\" class=\"attachment-thumbnail size-thumbnail\" alt=\"\" aria-describedby=\"gallery-1-74024\" \/><\/a>\n\t\t\t<\/dt>\n\t\t\t\t<dd class='wp-caption-text gallery-caption' id='gallery-1-74024'>\n\t\t\t\tLogistyka i terminy: Marcin Gambiec wyja\u015bnia, dlaczego deklaracje rodzic\u00f3w musz\u0105 wp\u0142yn\u0105\u0107 do ko\u0144ca marca.\nFoto: Steffi Koprek-Golomb\n\t\t\t\t<\/dd><\/dl><dl class='gallery-item'>\n\t\t\t<dt class='gallery-icon landscape'>\n\t\t\t\t<a href='https:\/\/neueswochenblatt.pl\/de\/deutsch-als-minderheitensprache\/dam-steffi\/'><img loading=\"lazy\" decoding=\"async\" width=\"150\" height=\"150\" src=\"https:\/\/neueswochenblatt.pl\/wp-content\/uploads\/2026\/03\/DAM-Steffi-150x150.jpg\" class=\"attachment-thumbnail size-thumbnail\" alt=\"\" aria-describedby=\"gallery-1-74028\" \/><\/a>\n\t\t\t<\/dt>\n\t\t\t\t<dd class='wp-caption-text gallery-caption' id='gallery-1-74028'>\n\t\t\t\tFoto: Stefani Koprek-Golomb\n\t\t\t\t<\/dd><\/dl><br style=\"clear: both\" \/><dl class='gallery-item'>\n\t\t\t<dt class='gallery-icon landscape'>\n\t\t\t\t<a href='https:\/\/neueswochenblatt.pl\/de\/deutsch-als-minderheitensprache\/dami-1\/'><img loading=\"lazy\" decoding=\"async\" width=\"150\" height=\"150\" src=\"https:\/\/neueswochenblatt.pl\/wp-content\/uploads\/2026\/03\/dami-1-150x150.jpg\" class=\"attachment-thumbnail size-thumbnail\" alt=\"\" aria-describedby=\"gallery-1-74030\" \/><\/a>\n\t\t\t<\/dt>\n\t\t\t\t<dd class='wp-caption-text gallery-caption' id='gallery-1-74030'>\n\t\t\t\t\u201eSieciowanie\u201d w praktyce \u2013 konferencja by\u0142a te\u017c czasem na kuluarowe rozmowy i budowanie relacji mi\u0119dzy plac\u00f3wkami.\nFoto: Manuela Leibig\n\t\t\t\t<\/dd><\/dl><dl class='gallery-item'>\n\t\t\t<dt class='gallery-icon landscape'>\n\t\t\t\t<a href='https:\/\/neueswochenblatt.pl\/de\/deutsch-als-minderheitensprache\/dami-2\/'><img loading=\"lazy\" decoding=\"async\" width=\"150\" height=\"150\" src=\"https:\/\/neueswochenblatt.pl\/wp-content\/uploads\/2026\/03\/dami-2-150x150.jpg\" class=\"attachment-thumbnail size-thumbnail\" alt=\"\" aria-describedby=\"gallery-1-74032\" \/><\/a>\n\t\t\t<\/dt>\n\t\t\t\t<dd class='wp-caption-text gallery-caption' id='gallery-1-74032'>\n\t\t\t\tKoncentracja i wymiana do\u015bwiadcze\u0144 \u2013 nauczyciele podkre\u015blali wag\u0119 wzajemnego wspierania si\u0119 w grupach kole\u017ce\u0144skich.\nFoto: Manuela Leibig\n\t\t\t\t<\/dd><\/dl><dl class='gallery-item'>\n\t\t\t<dt class='gallery-icon landscape'>\n\t\t\t\t<a href='https:\/\/neueswochenblatt.pl\/de\/deutsch-als-minderheitensprache\/dami-3\/'><img loading=\"lazy\" decoding=\"async\" width=\"150\" height=\"150\" src=\"https:\/\/neueswochenblatt.pl\/wp-content\/uploads\/2026\/03\/dami-3-150x150.jpg\" class=\"attachment-thumbnail size-thumbnail\" alt=\"\" aria-describedby=\"gallery-1-74034\" \/><\/a>\n\t\t\t<\/dt>\n\t\t\t\t<dd class='wp-caption-text gallery-caption' id='gallery-1-74034'>\n\t\t\t\tPe\u0142na frekwencja w Urz\u0119dzie Marsza\u0142kowskim dowodzi, jak wa\u017cny dla wojew\u00f3dztwa Opolskiego jest j\u0119zyk niemiecki jako j\u0119zyk mniejszo\u015bci.\nFoto: Manuela Leibig\n\t\t\t\t<\/dd><\/dl><br style=\"clear: both\" \/><dl class='gallery-item'>\n\t\t\t<dt class='gallery-icon landscape'>\n\t\t\t\t<a href='https:\/\/neueswochenblatt.pl\/de\/deutsch-als-minderheitensprache\/dam-edyta-opyd-fot-manuela-leibig\/'><img loading=\"lazy\" decoding=\"async\" width=\"150\" height=\"150\" src=\"https:\/\/neueswochenblatt.pl\/wp-content\/uploads\/2026\/03\/dam-Edyta-Opyd-fot-Manuela-Leibig-150x150.jpg\" class=\"attachment-thumbnail size-thumbnail\" alt=\"\" aria-describedby=\"gallery-1-74016\" \/><\/a>\n\t\t\t<\/dt>\n\t\t\t\t<dd class='wp-caption-text gallery-caption' id='gallery-1-74016'>\n\t\t\t\tdr Edyta Opyd, konsultant ds. o\u015bwiaty w VdG, przedstawia ofert\u0119 edukacyjn\u0105 Zwi\u0105zku Niemieckich Stowarzysze\u0144 w Polsce\nFoto: Manuela Leibig\n\t\t\t\t<\/dd><\/dl><dl class='gallery-item'>\n\t\t\t<dt class='gallery-icon landscape'>\n\t\t\t\t<a href='https:\/\/neueswochenblatt.pl\/de\/deutsch-als-minderheitensprache\/dami-4\/'><img loading=\"lazy\" decoding=\"async\" width=\"150\" height=\"150\" src=\"https:\/\/neueswochenblatt.pl\/wp-content\/uploads\/2026\/03\/dami-4-150x150.jpg\" class=\"attachment-thumbnail size-thumbnail\" alt=\"\" aria-describedby=\"gallery-1-74036\" \/><\/a>\n\t\t\t<\/dt>\n\t\t\t\t<dd class='wp-caption-text gallery-caption' id='gallery-1-74036'>\n\t\t\t\tSala Or\u0142a Bia\u0142ego wype\u0142niona po brzegi \u2013 temat nauczania j\u0119zyka mniejszo\u015bci budzi ogromne zainteresowanie.\nFoto: Manuela Leibig\n\t\t\t\t<\/dd><\/dl><dl class='gallery-item'>\n\t\t\t<dt class='gallery-icon landscape'>\n\t\t\t\t<a href='https:\/\/neueswochenblatt.pl\/de\/deutsch-als-minderheitensprache\/dam-pyatania\/'><img loading=\"lazy\" decoding=\"async\" width=\"150\" height=\"150\" src=\"https:\/\/neueswochenblatt.pl\/wp-content\/uploads\/2026\/03\/dam-pyatania-150x150.jpg\" class=\"attachment-thumbnail size-thumbnail\" alt=\"\" aria-describedby=\"gallery-1-74022\" \/><\/a>\n\t\t\t<\/dt>\n\t\t\t\t<dd class='wp-caption-text gallery-caption' id='gallery-1-74022'>\n\t\t\t\tWa\u017cna informacja: Pytania do Departamentu Edukacji mo\u017cna przesy\u0142a\u0107 do 13 marca 2026 roku.\nFoto: Manuela Leibig\n\t\t\t\t<\/dd><\/dl><br style=\"clear: both\" \/><dl class='gallery-item'>\n\t\t\t<dt class='gallery-icon landscape'>\n\t\t\t\t<a href='https:\/\/neueswochenblatt.pl\/de\/deutsch-als-minderheitensprache\/dami-5\/'><img loading=\"lazy\" decoding=\"async\" width=\"150\" height=\"150\" src=\"https:\/\/neueswochenblatt.pl\/wp-content\/uploads\/2026\/03\/dami-5-150x150.jpg\" class=\"attachment-thumbnail size-thumbnail\" alt=\"\" aria-describedby=\"gallery-1-74038\" \/><\/a>\n\t\t\t<\/dt>\n\t\t\t\t<dd class='wp-caption-text gallery-caption' id='gallery-1-74038'>\n\t\t\t\tFoto: Manuela Leibig\n\t\t\t\t<\/dd><\/dl>\n\t\t\t<br style='clear: both' \/>\n\t\t<\/div>\n\n","protected":false},"excerpt":{"rendered":"<p>Investition in die Zukunft oder Kampf mit Vorschriften? Der Saal im Oppelner Marschallamt war bis auf den letzten Platz gef\u00fcllt. Schulleiter, Kommunalpolitiker und Lehrer kamen am 9. M\u00e4rz nach Oppeln, um Antworten auf Fragen zur Zukunft des Deutschunterrichts als Minderheitensprache zu suchen. Auch wenn die Vorschriften kompliziert erscheinen, ist die Botschaft aus Oppeln klar: Zusammenarbeit [&hellip;]<\/p>\n","protected":false},"author":12,"featured_media":74026,"comment_status":"open","ping_status":"open","sticky":false,"template":"","format":"standard","meta":{"_acf_changed":false,"footnotes":""},"categories":[6045],"tags":[6336,6360,6575,6323],"redaktor":[6054],"class_list":["post-74012","post","type-post","status-publish","format-standard","has-post-thumbnail","hentry","category-bildung","tag-deutsch-als-minderheitensprache-de","tag-deutschunterricht-de","tag-marcin-gambiec","tag-zuzanna-donath-kasiura-de","redaktor-manuela-leibig-de"],"acf":[],"_links":{"self":[{"href":"https:\/\/neueswochenblatt.pl\/de\/wp-json\/wp\/v2\/posts\/74012","targetHints":{"allow":["GET"]}}],"collection":[{"href":"https:\/\/neueswochenblatt.pl\/de\/wp-json\/wp\/v2\/posts"}],"about":[{"href":"https:\/\/neueswochenblatt.pl\/de\/wp-json\/wp\/v2\/types\/post"}],"author":[{"embeddable":true,"href":"https:\/\/neueswochenblatt.pl\/de\/wp-json\/wp\/v2\/users\/12"}],"replies":[{"embeddable":true,"href":"https:\/\/neueswochenblatt.pl\/de\/wp-json\/wp\/v2\/comments?post=74012"}],"version-history":[{"count":5,"href":"https:\/\/neueswochenblatt.pl\/de\/wp-json\/wp\/v2\/posts\/74012\/revisions"}],"predecessor-version":[{"id":74935,"href":"https:\/\/neueswochenblatt.pl\/de\/wp-json\/wp\/v2\/posts\/74012\/revisions\/74935"}],"wp:featuredmedia":[{"embeddable":true,"href":"https:\/\/neueswochenblatt.pl\/de\/wp-json\/wp\/v2\/media\/74026"}],"wp:attachment":[{"href":"https:\/\/neueswochenblatt.pl\/de\/wp-json\/wp\/v2\/media?parent=74012"}],"wp:term":[{"taxonomy":"category","embeddable":true,"href":"https:\/\/neueswochenblatt.pl\/de\/wp-json\/wp\/v2\/categories?post=74012"},{"taxonomy":"post_tag","embeddable":true,"href":"https:\/\/neueswochenblatt.pl\/de\/wp-json\/wp\/v2\/tags?post=74012"},{"taxonomy":"redaktor","embeddable":true,"href":"https:\/\/neueswochenblatt.pl\/de\/wp-json\/wp\/v2\/redaktor?post=74012"}],"curies":[{"name":"wp","href":"https:\/\/api.w.org\/{rel}","templated":true}]}}