{"id":73980,"date":"2026-03-10T14:00:42","date_gmt":"2026-03-10T13:00:42","guid":{"rendered":"https:\/\/neueswochenblatt.pl\/?p=73980"},"modified":"2026-03-09T14:52:12","modified_gmt":"2026-03-09T13:52:12","slug":"jugend-am-start-3-0-bezahlte-praktika-in-organisationen-der-deutschen-minderheit","status":"publish","type":"post","link":"https:\/\/neueswochenblatt.pl\/de\/jugend-am-start-3-0-bezahlte-praktika-in-organisationen-der-deutschen-minderheit\/","title":{"rendered":"\u201eJugend am Start 3.0\u201c: Bezahlte Praktika in Organisationen der deutschen Minderheit"},"content":{"rendered":"<p><strong>Junge Menschen, die sich f\u00fcr die T\u00e4tigkeit der Organisationen der deutschen Minderheit interessieren, k\u00f6nnen an der neuen Ausgabe des Programms f\u00fcr bezahlte Praktika \u201eJugend am Start 3.0\u201c teilnehmen. Die Initiative richtet sich an Studierende im Alter von 18 bis 25 Jahren, die erste Erfahrungen in der Projektarbeit sammeln und einen Einblick in die Arbeit gesellschaftlicher Organisationen gewinnen m\u00f6chten.<\/strong><\/p>\n<p><!--more--><\/p>\n<p>Im Rahmen des Programms k\u00f6nnen die Teilnehmenden bis zu 80 Stunden bezahlte Praktika in ausgew\u00e4hlten Organisationen der deutschen Minderheit in Polen absolvieren. Dabei haben sie die M\u00f6glichkeit, sich aktiv in die laufenden Aktivit\u00e4ten der Organisationen einzubringen, die Besonderheiten der Arbeit im Non-Profit-Sektor kennenzulernen und praktische Kompetenzen zu erwerben \u2013 etwa in der Projektumsetzung, bei der Organisation von Veranstaltungen oder in der Teamarbeit.<\/p>\n<p>Ein gro\u00dfer Vorteil des Programms ist seine flexible Gestaltung. Der Zeitplan der Praktika wird individuell mit der aufnehmenden Organisation abgestimmt, sodass sich die Praktikumszeiten gut mit dem Studium und anderen Verpflichtungen vereinbaren lassen. Die Praktika k\u00f6nnen maximal \u00fcber einen Zeitraum von drei Monaten absolviert werden, sp\u00e4testens jedoch bis Ende Oktober 2026.<\/p>\n<p>Neben der praktischen T\u00e4tigkeit erhalten die Teilnehmenden auch Coaching-Unterst\u00fctzung. Das Programm umfasst drei individuelle Coaching-Gespr\u00e4che \u2013 vor Beginn des Praktikums, w\u00e4hrend der Durchf\u00fchrung sowie nach dessen Abschluss. Ziel dieser Treffen ist es, junge Menschen bei der Reflexion ihrer Kompetenzen und Interessen sowie bei der Planung ihrer weiteren beruflichen Entwicklung zu unterst\u00fctzen.<\/p>\n<p>F\u00fcr jede absolvierte Praktikumsstunde erhalten die Teilnehmenden eine Verg\u00fctung von 38,00 PLN brutto brutto. Nach Abschluss des Programms erhalten alle Teilnehmenden zudem eine Bescheinigung \u00fcber das absolvierte Praktikum.<\/p>\n<p>Die Bewerbungsfrist l\u00e4uft bis zum 4. April 2026, die Zahl der Pl\u00e4tze ist begrenzt. Die Ergebnisse des Auswahlverfahrens werden bis zum 12. April bekannt gegeben.<\/p>\n<p>Bewerbungen k\u00f6nnen \u00fcber das Online-Formular eingereicht werden:<br \/>\n<a href=\"https:\/\/forms.gle\/HnCN9MJQkkZvivYc7\" target=\"_blank\" rel=\"noopener\">https:\/\/forms.gle\/HnCN9MJQkkZvivYc7<\/a><\/p>\n<p>Weitere Informationen zum Programm finden Sie auf der Website:<br \/>\n<a href=\"https:\/\/haus.pl\/program-platnych-praktyk-w-organizacjach-mn-jugend-am-start-3-0\/\" target=\"_blank\" rel=\"noopener\">https:\/\/haus.pl\/program-platnych-praktyk-w-organizacjach-mn-jugend-am-start-3-0\/<\/a><\/p>\n<p><strong>Projektkoordinatorin: Wiktoria Pili\u0144ska<br \/>\nE-Mail: wiktoria.pilinska@haus.pl<br \/>\nTel.: +48 77 402 51 05<\/strong><\/p>\n<p>Veranstalter des Projekts ist das Haus der Deutsch-Polnischen Zusammenarbeit.<br \/>\nFinanziert wird das Projekt vom Bundesministerium des Innern der Bundesrepublik Deutschland \u00fcber den Verband der deutschen sozial-kulturellen Gesellschaften in Polen.<\/p>\n","protected":false},"excerpt":{"rendered":"<p>Junge Menschen, die sich f\u00fcr die T\u00e4tigkeit der Organisationen der deutschen Minderheit interessieren, k\u00f6nnen an der neuen Ausgabe des Programms f\u00fcr bezahlte Praktika \u201eJugend am Start 3.0\u201c teilnehmen. Die Initiative richtet sich an Studierende im Alter von 18 bis 25 Jahren, die erste Erfahrungen in der Projektarbeit sammeln und einen Einblick in die Arbeit gesellschaftlicher [&hellip;]<\/p>\n","protected":false},"author":295,"featured_media":73990,"comment_status":"open","ping_status":"open","sticky":false,"template":"","format":"standard","meta":{"_acf_changed":false,"footnotes":""},"categories":[6045],"tags":[6647,4459],"redaktor":[5629],"class_list":["post-73980","post","type-post","status-publish","format-standard","has-post-thumbnail","hentry","category-bildung","tag-jugend-am-start-3-0","tag-praktikum","redaktor-anna-durecka-de"],"acf":[],"_links":{"self":[{"href":"https:\/\/neueswochenblatt.pl\/de\/wp-json\/wp\/v2\/posts\/73980","targetHints":{"allow":["GET"]}}],"collection":[{"href":"https:\/\/neueswochenblatt.pl\/de\/wp-json\/wp\/v2\/posts"}],"about":[{"href":"https:\/\/neueswochenblatt.pl\/de\/wp-json\/wp\/v2\/types\/post"}],"author":[{"embeddable":true,"href":"https:\/\/neueswochenblatt.pl\/de\/wp-json\/wp\/v2\/users\/295"}],"replies":[{"embeddable":true,"href":"https:\/\/neueswochenblatt.pl\/de\/wp-json\/wp\/v2\/comments?post=73980"}],"version-history":[{"count":2,"href":"https:\/\/neueswochenblatt.pl\/de\/wp-json\/wp\/v2\/posts\/73980\/revisions"}],"predecessor-version":[{"id":73983,"href":"https:\/\/neueswochenblatt.pl\/de\/wp-json\/wp\/v2\/posts\/73980\/revisions\/73983"}],"wp:featuredmedia":[{"embeddable":true,"href":"https:\/\/neueswochenblatt.pl\/de\/wp-json\/wp\/v2\/media\/73990"}],"wp:attachment":[{"href":"https:\/\/neueswochenblatt.pl\/de\/wp-json\/wp\/v2\/media?parent=73980"}],"wp:term":[{"taxonomy":"category","embeddable":true,"href":"https:\/\/neueswochenblatt.pl\/de\/wp-json\/wp\/v2\/categories?post=73980"},{"taxonomy":"post_tag","embeddable":true,"href":"https:\/\/neueswochenblatt.pl\/de\/wp-json\/wp\/v2\/tags?post=73980"},{"taxonomy":"redaktor","embeddable":true,"href":"https:\/\/neueswochenblatt.pl\/de\/wp-json\/wp\/v2\/redaktor?post=73980"}],"curies":[{"name":"wp","href":"https:\/\/api.w.org\/{rel}","templated":true}]}}