{"id":73935,"date":"2026-03-08T16:26:27","date_gmt":"2026-03-08T15:26:27","guid":{"rendered":"https:\/\/neueswochenblatt.pl\/?p=73935"},"modified":"2026-03-08T16:26:27","modified_gmt":"2026-03-08T15:26:27","slug":"schlesien-aktuell-das-magazin-am-8-03-2026","status":"publish","type":"post","link":"https:\/\/neueswochenblatt.pl\/de\/schlesien-aktuell-das-magazin-am-8-03-2026\/","title":{"rendered":"Schlesien Aktuell &#8211; das Magazin am 8.03.2026"},"content":{"rendered":"<p><strong>Wir sprechen heute mit Frauen, die ihr Herzblut f\u00fcr das schlesische Kulturerbe flie\u00dfen lassen. Bogna Piter berichtet \u00fcber Friederike von Reden, die Mutter des Hirschberger Tals, und Agnieszka Bormann verr\u00e4t, was sie derzeit lie\u00dft.\u00a0<\/strong><\/p>\n<p><!--more--><\/p>\n<audio class=\"wp-audio-shortcode\" id=\"audio-73935-1\" preload=\"none\" style=\"width: 100%;\" controls=\"controls\"><source type=\"audio\/mpeg\" src=\"https:\/\/neueswochenblatt.pl\/wp-content\/uploads\/2026\/03\/zajawka_2026-03-08-SAM-1.mp3?_=1\" \/><a href=\"https:\/\/neueswochenblatt.pl\/wp-content\/uploads\/2026\/03\/zajawka_2026-03-08-SAM-1.mp3\">https:\/\/neueswochenblatt.pl\/wp-content\/uploads\/2026\/03\/zajawka_2026-03-08-SAM-1.mp3<\/a><\/audio>\n<div id=\"attachment_73940\" style=\"width: 465px\" class=\"wp-caption aligncenter\"><img loading=\"lazy\" decoding=\"async\" aria-describedby=\"caption-attachment-73940\" class=\" wp-image-73940\" src=\"https:\/\/neueswochenblatt.pl\/wp-content\/uploads\/2026\/03\/Friederike_von_Reden1.jpg\" alt=\"\" width=\"455\" height=\"604\" srcset=\"https:\/\/neueswochenblatt.pl\/wp-content\/uploads\/2026\/03\/Friederike_von_Reden1.jpg 500w, https:\/\/neueswochenblatt.pl\/wp-content\/uploads\/2026\/03\/Friederike_von_Reden1-226x300.jpg 226w\" sizes=\"auto, (max-width: 455px) 100vw, 455px\" \/><p id=\"caption-attachment-73940\" class=\"wp-caption-text\">Friederike von Reden<br \/>Wikimedia Commons<\/p><\/div>\n<p>Wir schauen auch, was in unserer Kulturlandschaft sonst noch passiert und berichten aus dem Leben der deutschen Volksgruppe hierzulande \u2013 kurz und kompakt.<\/p>\n<div id=\"attachment_73938\" style=\"width: 878px\" class=\"wp-caption aligncenter\"><img loading=\"lazy\" decoding=\"async\" aria-describedby=\"caption-attachment-73938\" class=\" wp-image-73938\" src=\"https:\/\/neueswochenblatt.pl\/wp-content\/uploads\/2026\/03\/Stadler-Franz_Buchwald-bei-Schmiedeberg-in-Schlesien_1805_Kol-Kupferstich_c-Muzeum-Karkonoskie-Jelenia-Gora_1125x633-1024x576.jpg\" alt=\"\" width=\"868\" height=\"488\" srcset=\"https:\/\/neueswochenblatt.pl\/wp-content\/uploads\/2026\/03\/Stadler-Franz_Buchwald-bei-Schmiedeberg-in-Schlesien_1805_Kol-Kupferstich_c-Muzeum-Karkonoskie-Jelenia-Gora_1125x633-1024x576.jpg 1024w, https:\/\/neueswochenblatt.pl\/wp-content\/uploads\/2026\/03\/Stadler-Franz_Buchwald-bei-Schmiedeberg-in-Schlesien_1805_Kol-Kupferstich_c-Muzeum-Karkonoskie-Jelenia-Gora_1125x633-300x169.jpg 300w, https:\/\/neueswochenblatt.pl\/wp-content\/uploads\/2026\/03\/Stadler-Franz_Buchwald-bei-Schmiedeberg-in-Schlesien_1805_Kol-Kupferstich_c-Muzeum-Karkonoskie-Jelenia-Gora_1125x633-768x432.jpg 768w, https:\/\/neueswochenblatt.pl\/wp-content\/uploads\/2026\/03\/Stadler-Franz_Buchwald-bei-Schmiedeberg-in-Schlesien_1805_Kol-Kupferstich_c-Muzeum-Karkonoskie-Jelenia-Gora_1125x633.jpg 1125w\" sizes=\"auto, (max-width: 868px) 100vw, 868px\" \/><p id=\"caption-attachment-73938\" class=\"wp-caption-text\">Franz Stadler: Ansicht von Buchwald bei Schmiedeberg in Schlesien, Kupferstich, um 1805<br \/>\u00a9 Muzeum Karkonoskie w Jeleniej G\u00f3rze<\/p><\/div>\n<p>&nbsp;<\/p>\n<p>Wann und wo?<\/p>\n<p>Sonntag um 20:05 Uhr bei Radio Oppeln<\/p>\n<p>Wiederholungen: jeden Dienstag um 11 und 21 Uhr im Internetradio Mittendrin.pl auf dem Kanal<em><a href=\"https:\/\/mittendrin.pl\/radio-region.php\" target=\"_blank\" rel=\"noopener\">\u00a0<span style=\"color: #0000ff;\">Region<\/span>.<\/a><\/em><\/p>\n<p>Am Montag ab 11 Uhr auf Spotify:<span style=\"color: #0000ff;\">\u00a0<\/span><span style=\"color: #3366ff;\"><a style=\"color: #3366ff;\" href=\"https:\/\/open.spotify.com\/show\/5tctjUyJ78zgOX2h61QMV4\" target=\"_blank\" rel=\"noopener\"><em><span style=\"color: #0000ff;\">Schlesien Aktuell \u2013 das Magazin<\/span>\u00a0<\/em><\/a><\/span>und auf<em>\u00a0<span style=\"color: #0000ff;\"><a style=\"color: #0000ff;\" href=\"https:\/\/youtu.be\/OQRS0Ja9TyQ?si=0j9h2_OjZ6diRs2v&amp;t=4\" target=\"_blank\" rel=\"noopener\">You Tube <\/a><\/span><\/em><\/p>\n<p>&nbsp;<\/p>\n<p>Am Samstag um 16:15 Uhr bei Radio Doxa gibt es die Sendung \u201eAbgekanzelt\u201c.<\/p>\n<p>Wiederholung an allen Sonntagen um 12:40 Uhr und 18:40 im Internetradio Mittendrin.pl, auf dem\u00a0Kanal<span style=\"color: #0000ff;\"><a style=\"color: #0000ff;\" href=\"https:\/\/mittendrin.pl\/radio-region.php\" target=\"_blank\" rel=\"noopener\">\u00a0Region<\/a><\/span><\/p>\n<p>Am Sonntag ab 13 Uhr auf\u00a0<span style=\"color: #3366ff;\"><a style=\"color: #3366ff;\" href=\"https:\/\/open.spotify.com\/show\/6Zajb3HAyQl5vykXVb9BY4\"><span style=\"color: #0000ff;\">Spotify<\/span><\/a><\/span>\u00a0und\u00a0<span style=\"color: #0000ff;\"><a style=\"color: #0000ff;\" href=\"https:\/\/www.youtube.com\/@MediaVdG\">YouTube<\/a><\/span>.<\/p>\n<p>&nbsp;<\/p>\n<p>Am Sonntag um 19:05 Uhr gibt es unser <strong>Wunschkonzert<\/strong>, die Musikschachtel bei\u00a0Radio Doxa<\/p>\n<p>Kostenlose Gr\u00fc\u00dfe und Musikw\u00fcnsche f\u00fcr das Wunschkonzert an: musikschachtel@gmail.com<br \/>\nper Telefon 77 454 65 56 oder per Post an die Redaktion des Wochenblattes mit dem Kennwort \u201eMusikschachtel\u201c (die W\u00fcnsche m\u00fcssen immer bis Mittwoch bei uns eintreffen).<\/p>\n<p>Wiederholung: am Montag um 19:05 Uhr im Internetradio Mittendrin.pl, auf dem Kanal<span style=\"color: #3366ff;\">\u00a0<em><a style=\"color: #3366ff;\" href=\"https:\/\/mittendrin.pl\/radio-region.php\" target=\"_blank\" rel=\"noopener\"><span style=\"color: #0000ff;\">Region<\/span>.<\/a><\/em><\/span><\/p>\n<p>&nbsp;<\/p>\n<p>Frauenfragen \u2013 jeden letzten Dienstag im Monat um 22:05 Uhr auf Radio Doxa.<\/p>\n<p>Wiederholung: Donnerstag um 11:00 und 21:00 Uhr im Internetradio Mittendrin.pl, auf dem Kanal\u00a0<a href=\"https:\/\/mittendrin.pl\/radio-region.php\"><span style=\"color: #3366ff;\"><span style=\"color: #0000ff;\">Region<\/span>.<\/span>\u00a0<\/a><\/p>\n<p>Jederzeit auf YouTube:<span style=\"color: #0000ff;\">\u00a0<em><a style=\"color: #0000ff;\" href=\"https:\/\/www.youtube.com\/@MediaVdG\" target=\"_blank\" rel=\"noopener\">Media VdG! <\/a><\/em><\/span>und auf Spotify:<span style=\"color: #0000ff;\"><a style=\"color: #0000ff;\" href=\"https:\/\/open.spotify.com\/show\/5hBVbid5HIyxPgPhxkhINv\" target=\"_blank\" rel=\"noopener\"><em>\u00a0Frauenfragen\u00a0<\/em><\/a><\/span><\/p>\n<p>&nbsp;<\/p>\n","protected":false},"excerpt":{"rendered":"<p>Wir sprechen heute mit Frauen, die ihr Herzblut f\u00fcr das schlesische Kulturerbe flie\u00dfen lassen. Bogna Piter berichtet \u00fcber Friederike von Reden, die Mutter des Hirschberger Tals, und Agnieszka Bormann verr\u00e4t, was sie derzeit lie\u00dft.\u00a0<\/p>\n","protected":false},"author":12,"featured_media":73940,"comment_status":"open","ping_status":"open","sticky":false,"template":"","format":"standard","meta":{"_acf_changed":false,"footnotes":""},"categories":[4233],"tags":[6178,6641,5881],"redaktor":[],"class_list":["post-73935","post","type-post","status-publish","format-standard","has-post-thumbnail","hentry","category-radio-de","tag-agnieszka-bormann-de","tag-friederike-von-reden","tag-schlesien-aktuell-das-magazin-de"],"acf":[],"_links":{"self":[{"href":"https:\/\/neueswochenblatt.pl\/de\/wp-json\/wp\/v2\/posts\/73935","targetHints":{"allow":["GET"]}}],"collection":[{"href":"https:\/\/neueswochenblatt.pl\/de\/wp-json\/wp\/v2\/posts"}],"about":[{"href":"https:\/\/neueswochenblatt.pl\/de\/wp-json\/wp\/v2\/types\/post"}],"author":[{"embeddable":true,"href":"https:\/\/neueswochenblatt.pl\/de\/wp-json\/wp\/v2\/users\/12"}],"replies":[{"embeddable":true,"href":"https:\/\/neueswochenblatt.pl\/de\/wp-json\/wp\/v2\/comments?post=73935"}],"version-history":[{"count":1,"href":"https:\/\/neueswochenblatt.pl\/de\/wp-json\/wp\/v2\/posts\/73935\/revisions"}],"predecessor-version":[{"id":73942,"href":"https:\/\/neueswochenblatt.pl\/de\/wp-json\/wp\/v2\/posts\/73935\/revisions\/73942"}],"wp:featuredmedia":[{"embeddable":true,"href":"https:\/\/neueswochenblatt.pl\/de\/wp-json\/wp\/v2\/media\/73940"}],"wp:attachment":[{"href":"https:\/\/neueswochenblatt.pl\/de\/wp-json\/wp\/v2\/media?parent=73935"}],"wp:term":[{"taxonomy":"category","embeddable":true,"href":"https:\/\/neueswochenblatt.pl\/de\/wp-json\/wp\/v2\/categories?post=73935"},{"taxonomy":"post_tag","embeddable":true,"href":"https:\/\/neueswochenblatt.pl\/de\/wp-json\/wp\/v2\/tags?post=73935"},{"taxonomy":"redaktor","embeddable":true,"href":"https:\/\/neueswochenblatt.pl\/de\/wp-json\/wp\/v2\/redaktor?post=73935"}],"curies":[{"name":"wp","href":"https:\/\/api.w.org\/{rel}","templated":true}]}}