{"id":73897,"date":"2026-03-07T17:00:41","date_gmt":"2026-03-07T16:00:41","guid":{"rendered":"https:\/\/neueswochenblatt.pl\/?p=73897"},"modified":"2026-03-12T10:34:10","modified_gmt":"2026-03-12T09:34:10","slug":"glosse-gefaehrliche-freizeit-der-oberschlesierinnen","status":"publish","type":"post","link":"https:\/\/neueswochenblatt.pl\/de\/glosse-gefaehrliche-freizeit-der-oberschlesierinnen\/","title":{"rendered":"Glosse: Gef\u00e4hrliche Freizeit der Oberschlesierinnen"},"content":{"rendered":"<p><strong>Die Frauen in meiner Familie waren misstrauisch gegen\u00fcber technischen Neuheiten. W\u00e4hrend Mikrowelle, Sp\u00fclmaschine und Co. schon in den 90ern in vielen schlesischen Haushalten f\u00fcr Begeisterung sorgten, wurde bei uns die Milch auf dem Herd \u2013 wie es sich geh\u00f6rt \u2013 aufgew\u00e4rmt.<\/strong><\/p>\n<p><!--more--><\/p>\n<p>Viele Jahre dachte ich, es sei ein irrationaler Widerstand, der eher aus Gewohnheit als aus reinem Konservatismus resultierte. Doch letztlich bin ich zu einer anderen Schlussfolgerung gekommen: Die Frauen in meiner Familie waren einfach lange der Meinung, sie seien besser als Maschinen. Schneller, kl\u00fcger, effizienter. Vor allem aber nicht so faul wie andere Frauen, die sich auf technische Beihilfe verlassen mussten. Ja, da kam wieder das gute alte Gef\u00fchl der \u00dcberlegenheit ins Spiel \u2013 ein Faktor, den man wohl nur genetisch erkl\u00e4ren kann. Denn sonst gibt es wohl keine logische Erkl\u00e4rung daf\u00fcr, warum jemand denkt, dass er keine Sp\u00fclmaschine braucht.<\/p>\n<blockquote>\n<p style=\"text-align: center;\"><strong><span style=\"color: #ffcc00;\">Freizeit ist ein wilder Dschungel voller verr\u00fcckter Ideen, Pl\u00e4ne, die nicht verwirklicht werden, ein gef\u00e4hrliches Durcheinander, in dem eine Oberschlesierin pl\u00f6tzlich den Boden unter den F\u00fc\u00dfen verliert.<\/span><\/strong><\/p>\n<\/blockquote>\n<p>Oder vielleicht dachten diese hochintelligenten Frauen tats\u00e4chlich, dass sie von Maschinen ersetzt werden k\u00f6nnten und dann nichts mehr zu tun h\u00e4tten. Und seht ihr: F\u00fcr eine echte Oberschlesierin ist Freizeit ein Riesenproblem \u2013 eine B\u00fcrde, eine Herausforderung, mit der sie sich nur ungern misst. Arbeit ist einfach, Arbeit macht Sinn von Anfang bis Ende, sie hat Struktur, man kann jeden Schritt planen. Freizeit ist ein wilder Dschungel voller verr\u00fcckter Ideen, Pl\u00e4ne, die nicht verwirklicht werden, ein gef\u00e4hrliches Durcheinander, in dem eine Oberschlesierin pl\u00f6tzlich den Boden unter den F\u00fc\u00dfen verliert. Und das alles wegen einer verdammten Mikrowelle!<\/p>\n<div id=\"attachment_73905\" style=\"width: 234px\" class=\"wp-caption alignnone\"><img loading=\"lazy\" decoding=\"async\" aria-describedby=\"caption-attachment-73905\" class=\"wp-image-73905 size-medium\" src=\"https:\/\/neueswochenblatt.pl\/wp-content\/uploads\/2026\/03\/Pralka_Frania-Wikipedia-waschmaschine-frania-224x300.jpg\" alt=\"\" width=\"224\" height=\"300\" srcset=\"https:\/\/neueswochenblatt.pl\/wp-content\/uploads\/2026\/03\/Pralka_Frania-Wikipedia-waschmaschine-frania-224x300.jpg 224w, https:\/\/neueswochenblatt.pl\/wp-content\/uploads\/2026\/03\/Pralka_Frania-Wikipedia-waschmaschine-frania-764x1024.jpg 764w, https:\/\/neueswochenblatt.pl\/wp-content\/uploads\/2026\/03\/Pralka_Frania-Wikipedia-waschmaschine-frania-768x1030.jpg 768w, https:\/\/neueswochenblatt.pl\/wp-content\/uploads\/2026\/03\/Pralka_Frania-Wikipedia-waschmaschine-frania-1146x1536.jpg 1146w, https:\/\/neueswochenblatt.pl\/wp-content\/uploads\/2026\/03\/Pralka_Frania-Wikipedia-waschmaschine-frania.jpg 1483w\" sizes=\"auto, (max-width: 224px) 100vw, 224px\" \/><p id=\"caption-attachment-73905\" class=\"wp-caption-text\">Waschmaschine Frania.<br \/>Foto: Wikimedia Commons<\/p><\/div>\n<p>Bis sich meine Eltern vor ein paar Jahren endlich eine Sp\u00fclmaschine zugelegt haben, meinte meine Mutter, sie k\u00f6nne den Gedanken nicht ertragen, dass sie darauf warten m\u00fcsse, bis die Maschine voll ist. Sie stellte sich den dreckigen Innenraum der Sp\u00fclmaschine vor, mit schmutzigen Tellern, die dort einfach so herumliegen, und die Arme war au\u00dfer sich.<\/p>\n<p>Denn, liebe normale Menschen: Eine Oberschlesierin l\u00e4sst Arbeit nicht einfach liegen. Sie erledigt Dinge sofort. Ohne Wenn und Aber. Ohne Verschnaufpausen. Das ist wahrscheinlich der Grund, warum die meisten Frauen \u00fcber 60 mindestens eine chronische Krankheit haben: zu hoher Blutdruck, Diabetes, Atherosklerose, Schilddr\u00fcsenprobleme. Weil wir schneller, besser, effizienter sind. Als Maschinen \u2013 als M\u00e4nner sowieso.<\/p>\n<p>Nicht ich. Ich nehme jede Hilfe an, ich kaufe alle Maschinen. Ich lasse M\u00e4nner alles falsch machen, bis sie es lernen. Ich genie\u00dfe den wilden Dschungel, der Freizeit hei\u00dft.<\/p>\n<p style=\"text-align: right;\"><strong>Anna Durecka<\/strong><\/p>\n","protected":false},"excerpt":{"rendered":"<p>Die Frauen in meiner Familie waren misstrauisch gegen\u00fcber technischen Neuheiten. W\u00e4hrend Mikrowelle, Sp\u00fclmaschine und Co. schon in den 90ern in vielen schlesischen Haushalten f\u00fcr Begeisterung sorgten, wurde bei uns die Milch auf dem Herd \u2013 wie es sich geh\u00f6rt \u2013 aufgew\u00e4rmt.<\/p>\n","protected":false},"author":295,"featured_media":0,"comment_status":"open","ping_status":"open","sticky":false,"template":"","format":"standard","meta":{"_acf_changed":false,"footnotes":""},"categories":[4580,5625],"tags":[6184,5943,6634],"redaktor":[5629],"class_list":["post-73897","post","type-post","status-publish","format-standard","hentry","category-kolumne-de","category-kultur-de","tag-glosse-de","tag-oberschlesien-de","tag-oberschlesierinnen-de","redaktor-anna-durecka-de"],"acf":[],"_links":{"self":[{"href":"https:\/\/neueswochenblatt.pl\/de\/wp-json\/wp\/v2\/posts\/73897","targetHints":{"allow":["GET"]}}],"collection":[{"href":"https:\/\/neueswochenblatt.pl\/de\/wp-json\/wp\/v2\/posts"}],"about":[{"href":"https:\/\/neueswochenblatt.pl\/de\/wp-json\/wp\/v2\/types\/post"}],"author":[{"embeddable":true,"href":"https:\/\/neueswochenblatt.pl\/de\/wp-json\/wp\/v2\/users\/295"}],"replies":[{"embeddable":true,"href":"https:\/\/neueswochenblatt.pl\/de\/wp-json\/wp\/v2\/comments?post=73897"}],"version-history":[{"count":2,"href":"https:\/\/neueswochenblatt.pl\/de\/wp-json\/wp\/v2\/posts\/73897\/revisions"}],"predecessor-version":[{"id":73908,"href":"https:\/\/neueswochenblatt.pl\/de\/wp-json\/wp\/v2\/posts\/73897\/revisions\/73908"}],"wp:attachment":[{"href":"https:\/\/neueswochenblatt.pl\/de\/wp-json\/wp\/v2\/media?parent=73897"}],"wp:term":[{"taxonomy":"category","embeddable":true,"href":"https:\/\/neueswochenblatt.pl\/de\/wp-json\/wp\/v2\/categories?post=73897"},{"taxonomy":"post_tag","embeddable":true,"href":"https:\/\/neueswochenblatt.pl\/de\/wp-json\/wp\/v2\/tags?post=73897"},{"taxonomy":"redaktor","embeddable":true,"href":"https:\/\/neueswochenblatt.pl\/de\/wp-json\/wp\/v2\/redaktor?post=73897"}],"curies":[{"name":"wp","href":"https:\/\/api.w.org\/{rel}","templated":true}]}}