{"id":73781,"date":"2026-03-15T08:00:52","date_gmt":"2026-03-15T07:00:52","guid":{"rendered":"https:\/\/neueswochenblatt.pl\/?p=73781"},"modified":"2026-03-14T11:55:46","modified_gmt":"2026-03-14T10:55:46","slug":"mn-lab-raum-fuer-junge-fuehrungskraefte-der-deutschen-minderheit","status":"publish","type":"post","link":"https:\/\/neueswochenblatt.pl\/de\/mn-lab-raum-fuer-junge-fuehrungskraefte-der-deutschen-minderheit\/","title":{"rendered":"MN.LAB \u2013 Raum f\u00fcr junge F\u00fchrungskr\u00e4fte der deutschen Minderheit"},"content":{"rendered":"<p><strong>Haus der Deutsch-Polnischen Zusammenarbeit<\/strong><strong> l\u00e4dt junge Menschen zur Teilnahme am Entwicklungsprogramm <\/strong><strong>MN.LAB \u2013 Ideenwerkstatt der deutschen Minderheit<\/strong><strong> ein. Die Initiative richtet sich an alle, die ihre Kompetenzen ausbauen, sich gesellschaftlich engagieren und aktiv die Zukunft der deutschen Minderheit in Polen mitgestalten m\u00f6chten.<\/strong><\/p>\n<p><!--more--><\/p>\n<p>MN.LAB ist ein ganzj\u00e4hriges Bildungs- und Entwicklungsprogramm, das jungen Menschen Raum geben soll, ihre sozialen, f\u00fchrungsbezogenen und projektbezogenen F\u00e4higkeiten weiterzuentwickeln. Die Teilnehmenden k\u00f6nnen neues Wissen erwerben, Erfahrungen austauschen und unterschiedliche Perspektiven auf aktuelle gesellschaftliche und kulturelle Herausforderungen kennenlernen. Gleichzeitig hilft das Programm dabei, die eigene kulturelle Identit\u00e4t besser zu verstehen und die Rolle zu entdecken, die junge Menschen in ihrer Gemeinschaft spielen k\u00f6nnen.<\/p>\n<p>F\u00fcr das Jahr 2026 haben die Organisatoren eine Reihe von zehn Online-Webinaren vorbereitet, die sich mit aktuellen und inspirierenden Themen befassen. Dazu geh\u00f6ren unter anderem Treffen zum kritischen Denken im Zeitalter der Desinformation, zur hybriden Identit\u00e4t, zu gesellschaftlichem Engagement im Sinne von Zero Waste oder zur Pr\u00e4sentation lokaler Kultur in sozialen Medien. Die Teilnehmenden erfahren au\u00dferdem, wie man Zeit effektiv managt, Projekte mit der Methode Design Thinking entwickelt, Ideen \u00fcberzeugend pr\u00e4sentiert, generationen\u00fcbergreifende Initiativen gestaltet oder Mittel f\u00fcr gesellschaftliche Projekte einwirbt. Im Programm findet sich auch ein Webinar f\u00fcr alle, die gerade erst beginnen, sich gesellschaftlich zu engagieren.<\/p>\n<p>Das Programm hat eine flexible, modulare Struktur \u2013 die Teilnehmenden entscheiden selbst, an welchen Webinaren sie teilnehmen und welche Kompetenzen sie entwickeln m\u00f6chten. Dank des Online-Formats kann man von jedem Ort in Polen aus teilnehmen und sich eine eigene Entwicklungsstrategie zusammenstellen. Nach jedem Treffen ist zudem ein kurzer Informationsteil \u00fcber aktuelle Veranstaltungen und Initiativen der deutschen Minderheit geplant, sodass die Teilnehmenden erfahren k\u00f6nnen, was in ihrer Gemeinschaft geschieht und wo sie sich engagieren k\u00f6nnen.<\/p>\n<p>Die Organisatoren k\u00fcndigen an, dass bald detaillierte Informationen zu den einzelnen Webinaren ver\u00f6ffentlicht werden. Es lohnt sich daher, die Website und die Social-Media-Kan\u00e4le des Haus der Deutsch-Polnischen Zusammenarbeit zu verfolgen.<\/p>\n<p>Das Projekt wird aus Mitteln des Bundesministerium des Innern \u00fcber den Verband der deutschen sozial-kulturellen Gesellschaften in Polen sowie durch das polnische Innenministerium finanziert.<\/p>\n<p><strong>Kontakt:<\/strong><br \/>\nHaus der Deutsch-Polnischen Zusammenarbeit<br \/>\nul. G\u00f3rnych Wa\u0142\u00f3w 7, 44-100 Gliwice<br \/>\nTel.: +48 77 402 51 05<br \/>\nE-Mail: haus@haus.pl, emilia.schmolke@haus.pl<br \/>\nWebsite:<span style=\"color: #0000ff;\"> <a style=\"color: #0000ff;\" href=\"http:\/\/www.haus.pl\" target=\"_blank\" rel=\"noopener\">www.haus.pl<\/a><\/span><br \/>\nFacebook: haus.gliwice &#x1f4f1;<\/p>\n","protected":false},"excerpt":{"rendered":"<p>Haus der Deutsch-Polnischen Zusammenarbeit l\u00e4dt junge Menschen zur Teilnahme am Entwicklungsprogramm MN.LAB \u2013 Ideenwerkstatt der deutschen Minderheit ein. Die Initiative richtet sich an alle, die ihre Kompetenzen ausbauen, sich gesellschaftlich engagieren und aktiv die Zukunft der deutschen Minderheit in Polen mitgestalten m\u00f6chten.<\/p>\n","protected":false},"author":295,"featured_media":73791,"comment_status":"open","ping_status":"open","sticky":false,"template":"","format":"standard","meta":{"_acf_changed":false,"footnotes":""},"categories":[6045],"tags":[5878,6180,6596],"redaktor":[6056],"class_list":["post-73781","post","type-post","status-publish","format-standard","has-post-thumbnail","hentry","category-bildung","tag-haus-der-deutsch-polnischen-zusammenarbeit-de","tag-hdpz-de","tag-mn-lab","redaktor-neues-wochenblatt-pl-de"],"acf":[],"_links":{"self":[{"href":"https:\/\/neueswochenblatt.pl\/de\/wp-json\/wp\/v2\/posts\/73781","targetHints":{"allow":["GET"]}}],"collection":[{"href":"https:\/\/neueswochenblatt.pl\/de\/wp-json\/wp\/v2\/posts"}],"about":[{"href":"https:\/\/neueswochenblatt.pl\/de\/wp-json\/wp\/v2\/types\/post"}],"author":[{"embeddable":true,"href":"https:\/\/neueswochenblatt.pl\/de\/wp-json\/wp\/v2\/users\/295"}],"replies":[{"embeddable":true,"href":"https:\/\/neueswochenblatt.pl\/de\/wp-json\/wp\/v2\/comments?post=73781"}],"version-history":[{"count":3,"href":"https:\/\/neueswochenblatt.pl\/de\/wp-json\/wp\/v2\/posts\/73781\/revisions"}],"predecessor-version":[{"id":74163,"href":"https:\/\/neueswochenblatt.pl\/de\/wp-json\/wp\/v2\/posts\/73781\/revisions\/74163"}],"wp:featuredmedia":[{"embeddable":true,"href":"https:\/\/neueswochenblatt.pl\/de\/wp-json\/wp\/v2\/media\/73791"}],"wp:attachment":[{"href":"https:\/\/neueswochenblatt.pl\/de\/wp-json\/wp\/v2\/media?parent=73781"}],"wp:term":[{"taxonomy":"category","embeddable":true,"href":"https:\/\/neueswochenblatt.pl\/de\/wp-json\/wp\/v2\/categories?post=73781"},{"taxonomy":"post_tag","embeddable":true,"href":"https:\/\/neueswochenblatt.pl\/de\/wp-json\/wp\/v2\/tags?post=73781"},{"taxonomy":"redaktor","embeddable":true,"href":"https:\/\/neueswochenblatt.pl\/de\/wp-json\/wp\/v2\/redaktor?post=73781"}],"curies":[{"name":"wp","href":"https:\/\/api.w.org\/{rel}","templated":true}]}}