{"id":70713,"date":"2025-09-07T14:48:30","date_gmt":"2025-09-07T12:48:30","guid":{"rendered":"https:\/\/neueswochenblatt.pl\/70713\/"},"modified":"2025-09-07T14:48:30","modified_gmt":"2025-09-07T12:48:30","slug":"70713","status":"publish","type":"post","link":"https:\/\/neueswochenblatt.pl\/de\/70713\/","title":{"rendered":""},"content":{"rendered":"<p class=\"ng-star-inserted\"><strong><span class=\"ng-star-inserted\">Am 1. September fand mitten im politischen Herzen Berlins am \u201eGedenkort f\u00fcr Polen 1939 bis 1945\u201c eine Gedenkveranstaltung statt, die an die tragischen Ereignisse und die Millionen Opfer des Zweiten Weltkriegs erinnerte.<\/span><\/strong><\/p>\n<p><!--more--><\/p>\n<div id=\"attachment_65075\" style=\"width: 791px\" class=\"wp-caption aligncenter\"><img loading=\"lazy\" decoding=\"async\" aria-describedby=\"caption-attachment-65075\" class=\" wp-image-65075\" src=\"https:\/\/wochenblatt.pl\/wp-content\/uploads\/2025\/09\/05-Gedenken-vor-dem-Denkmal-fuer-die-Opfer-des-Faschismus-auf-dem-Friedhof-von-Potulitz-1024x683.jpg\" alt=\"\" width=\"781\" height=\"521\" \/><p id=\"caption-attachment-65075\" class=\"wp-caption-text\">Gedenken vor dem Denkmal f\u00fcr die Opfer des Faschismus auf dem Friedhof von Potulitz<br \/>Foto: Uwe Hahnkamp<\/p><\/div>\n<p class=\"ng-star-inserted\"><span class=\"ng-star-inserted\">Zwei Tage zuvor erinnerte in Potulitz der Verband Deutscher Gesellschaften an das Ende des Zweiten Weltkrieges und die Schlie\u00dfung des Lagers in Potulitz.<\/span><\/p>\n<div id=\"attachment_64918\" style=\"width: 820px\" class=\"wp-caption aligncenter\"><img loading=\"lazy\" decoding=\"async\" aria-describedby=\"caption-attachment-64918\" class=\" wp-image-64918\" src=\"https:\/\/neueswochenblatt.pl\/wp-content\/uploads\/2025\/08\/IMG_0672_Easy-Resize.com_-1024x768.jpg\" alt=\"\" width=\"810\" height=\"608\" srcset=\"https:\/\/neueswochenblatt.pl\/wp-content\/uploads\/2025\/08\/IMG_0672_Easy-Resize.com_-1024x768.jpg 1024w, https:\/\/neueswochenblatt.pl\/wp-content\/uploads\/2025\/08\/IMG_0672_Easy-Resize.com_-300x225.jpg 300w, https:\/\/neueswochenblatt.pl\/wp-content\/uploads\/2025\/08\/IMG_0672_Easy-Resize.com_-768x576.jpg 768w, https:\/\/neueswochenblatt.pl\/wp-content\/uploads\/2025\/08\/IMG_0672_Easy-Resize.com_.jpg 1280w\" sizes=\"auto, (max-width: 810px) 100vw, 810px\" \/><p id=\"caption-attachment-64918\" class=\"wp-caption-text\">Die Walczanki sind auch nach 50 Jahren noch immer so gesangsstark wie fr\u00fcher<br \/>Foto: Dominika Bassek<\/p><\/div>\n<p class=\"ng-star-inserted\"><span class=\"ng-star-inserted\">Eine Portion Kultur und Geschichte gibt es auch bei uns: In Ratibor wurde eine Modenschau veranstaltet, bei der es um die schlesische Tracht ging, und die Gesangsgruppe Walczanki feierte ihr 50-j\u00e4hriges Jubil\u00e4um.<\/span><\/p>\n<p>Sonntag um 20:05 Uhr bei Radio Oppeln<\/p>\n<p>Wiederholungen: jeden Dienstag um 11 und 21 Uhr im Internetradio Mittendrin.pl auf dem Kanal<em><a href=\"https:\/\/mittendrin.pl\/radio-region.php\" target=\"_blank\" rel=\"noopener\">\u00a0Region.<\/a><\/em><\/p>\n<p>Am Montag ab 11 Uhr auf Spotify:\u00a0<span style=\"color: #3366ff;\"><a style=\"color: #3366ff;\" href=\"https:\/\/open.spotify.com\/show\/5tctjUyJ78zgOX2h61QMV4\" target=\"_blank\" rel=\"noopener\"><em>Schlesien Aktuell \u2013 das Magazin\u00a0<\/em><\/a><\/span>und auf<em>\u00a0<span style=\"color: #3366ff;\"><a style=\"color: #3366ff;\" href=\"https:\/\/youtu.be\/OQRS0Ja9TyQ?si=0j9h2_OjZ6diRs2v&amp;t=4\" target=\"_blank\" rel=\"noopener\">You Tube<\/a><\/span><\/em><\/p>\n<p>&nbsp;<\/p>\n<p>Am Samstag um 16:15 Uhr bei Radio Doxa gibt es die Sendung \u201eAbgekanzelt\u201c.<\/p>\n<p>Wiederholung an allen Sonntagen um 12:40 Uhr und 18:40 im Internetradio Mittendrin.pl, auf dem\u00a0Kanal<span style=\"color: #3366ff;\"><a style=\"color: #3366ff;\" href=\"https:\/\/mittendrin.pl\/radio-region.php\" target=\"_blank\" rel=\"noopener\">\u00a0Region<\/a><\/span><\/p>\n<p>Am Sonntag ab 13 Uhr auf\u00a0<span style=\"color: #3366ff;\"><a style=\"color: #3366ff;\" href=\"https:\/\/open.spotify.com\/show\/6Zajb3HAyQl5vykXVb9BY4\">Spotify<\/a><\/span>\u00a0und\u00a0<span style=\"color: #3366ff;\"><a style=\"color: #3366ff;\" href=\"https:\/\/www.youtube.com\/@MediaVdG\">YouTube<\/a><\/span>.<\/p>\n<p>&nbsp;<\/p>\n<p>Am Sonntag um 19:05 Uhr gibt es unser Wunschkonzert, die Musikschachtel bei\u00a0Radio Doxa<\/p>\n<p>Kostenlose Gr\u00fc\u00dfe und Musikw\u00fcnsche f\u00fcr das Wunschkonzert an: musikschachtel@gmail.com<br \/>\nper Telefon 77 454 65 56 oder per Post an die Redaktion des Wochenblattes mit dem Kennwort \u201eMusikschachtel\u201c (die W\u00fcnsche m\u00fcssen immer bis Mittwoch bei uns eintreffen).<\/p>\n<p>Wiederholung: am Montag um 19:05 Uhr im Internetradio Mittendrin.pl, auf dem Kanal<span style=\"color: #3366ff;\">\u00a0<em><a style=\"color: #3366ff;\" href=\"https:\/\/mittendrin.pl\/radio-region.php\" target=\"_blank\" rel=\"noopener\">Region.<\/a><\/em><\/span><\/p>\n<p>&nbsp;<\/p>\n<p>Frauenfragen \u2013 jeden letzten Dienstag im Monat um 22:05 Uhr auf Radio Doxa.<\/p>\n<p>Wiederholung: Donnerstag um 11:00 und 21:00 Uhr im Internetradio Mittendrin.pl, auf dem Kanal\u00a0<a href=\"https:\/\/mittendrin.pl\/radio-region.php\"><span style=\"color: #3366ff;\">Region.<\/span>\u00a0<\/a><\/p>\n<p>Jederzeit auf YouTube:\u00a0<em><a href=\"https:\/\/www.youtube.com\/@MediaVdG\" target=\"_blank\" rel=\"noopener\"><span style=\"color: #3366ff;\">Media VdG! <\/span><\/a><\/em>und auf Spotify:<a href=\"https:\/\/open.spotify.com\/show\/5hBVbid5HIyxPgPhxkhINv\" target=\"_blank\" rel=\"noopener\"><em><span style=\"color: #3366ff;\">\u00a0Frauenfragen<\/span>\u00a0<\/em><\/a><\/p>\n<p><img loading=\"lazy\" decoding=\"async\" class=\"aligncenter size-large wp-image-62806\" src=\"https:\/\/neueswochenblatt.pl\/wp-content\/uploads\/2025\/06\/Sendezeiten-Aktuell-1024x576.jpg\" alt=\"\" width=\"1024\" height=\"576\" srcset=\"https:\/\/neueswochenblatt.pl\/wp-content\/uploads\/2025\/06\/Sendezeiten-Aktuell-1024x576.jpg 1024w, https:\/\/neueswochenblatt.pl\/wp-content\/uploads\/2025\/06\/Sendezeiten-Aktuell-300x169.jpg 300w, https:\/\/neueswochenblatt.pl\/wp-content\/uploads\/2025\/06\/Sendezeiten-Aktuell-768x432.jpg 768w, https:\/\/neueswochenblatt.pl\/wp-content\/uploads\/2025\/06\/Sendezeiten-Aktuell.jpg 1280w\" sizes=\"auto, (max-width: 1024px) 100vw, 1024px\" \/><\/p>\n","protected":false},"excerpt":{"rendered":"<p>Am 1. September fand mitten im politischen Herzen Berlins am \u201eGedenkort f\u00fcr Polen 1939 bis 1945\u201c eine Gedenkveranstaltung statt, die an die tragischen Ereignisse und die Millionen Opfer des Zweiten Weltkriegs erinnerte.<\/p>\n","protected":false},"author":12,"featured_media":70512,"comment_status":"open","ping_status":"open","sticky":false,"template":"","format":"standard","meta":{"_acf_changed":false,"footnotes":""},"categories":[4233],"tags":[5418,5419],"redaktor":[],"class_list":["post-70713","post","type-post","status-publish","format-standard","has-post-thumbnail","hentry","category-radio-de","tag-potulitz","tag-walczanki"],"acf":[],"_links":{"self":[{"href":"https:\/\/neueswochenblatt.pl\/de\/wp-json\/wp\/v2\/posts\/70713","targetHints":{"allow":["GET"]}}],"collection":[{"href":"https:\/\/neueswochenblatt.pl\/de\/wp-json\/wp\/v2\/posts"}],"about":[{"href":"https:\/\/neueswochenblatt.pl\/de\/wp-json\/wp\/v2\/types\/post"}],"author":[{"embeddable":true,"href":"https:\/\/neueswochenblatt.pl\/de\/wp-json\/wp\/v2\/users\/12"}],"replies":[{"embeddable":true,"href":"https:\/\/neueswochenblatt.pl\/de\/wp-json\/wp\/v2\/comments?post=70713"}],"version-history":[{"count":0,"href":"https:\/\/neueswochenblatt.pl\/de\/wp-json\/wp\/v2\/posts\/70713\/revisions"}],"wp:featuredmedia":[{"embeddable":true,"href":"https:\/\/neueswochenblatt.pl\/de\/wp-json\/wp\/v2\/media\/70512"}],"wp:attachment":[{"href":"https:\/\/neueswochenblatt.pl\/de\/wp-json\/wp\/v2\/media?parent=70713"}],"wp:term":[{"taxonomy":"category","embeddable":true,"href":"https:\/\/neueswochenblatt.pl\/de\/wp-json\/wp\/v2\/categories?post=70713"},{"taxonomy":"post_tag","embeddable":true,"href":"https:\/\/neueswochenblatt.pl\/de\/wp-json\/wp\/v2\/tags?post=70713"},{"taxonomy":"redaktor","embeddable":true,"href":"https:\/\/neueswochenblatt.pl\/de\/wp-json\/wp\/v2\/redaktor?post=70713"}],"curies":[{"name":"wp","href":"https:\/\/api.w.org\/{rel}","templated":true}]}}